{"id":40094,"date":"2018-11-12T15:49:13","date_gmt":"2018-11-12T17:49:13","guid":{"rendered":"http:\/\/www.portalmantena.com.br\/novo\/?p=40094"},"modified":"2018-11-12T15:53:14","modified_gmt":"2018-11-12T17:53:14","slug":"empresario-mantenense-soprando-velinhas-parabens","status":"publish","type":"post","link":"http:\/\/www.portalmantena.com.br\/novo\/?p=40094","title":{"rendered":"Empres\u00e1rio mantenense soprando velinhas, parab\u00e9ns"},"content":{"rendered":"<p><a href=\"http:\/\/www.portalmantena.com.br\/novo\/wp-content\/uploads\/2018\/11\/vi121118nilton.jpg\"><img loading=\"lazy\" class=\"alignnone size-full wp-image-40096\" src=\"http:\/\/www.portalmantena.com.br\/novo\/wp-content\/uploads\/2018\/11\/vi121118nilton.jpg\" alt=\"\" width=\"700\" height=\"450\" srcset=\"http:\/\/www.portalmantena.com.br\/novo\/wp-content\/uploads\/2018\/11\/vi121118nilton.jpg 700w, http:\/\/www.portalmantena.com.br\/novo\/wp-content\/uploads\/2018\/11\/vi121118nilton-300x193.jpg 300w, http:\/\/www.portalmantena.com.br\/novo\/wp-content\/uploads\/2018\/11\/vi121118nilton-696x447.jpg 696w, http:\/\/www.portalmantena.com.br\/novo\/wp-content\/uploads\/2018\/11\/vi121118nilton-653x420.jpg 653w\" sizes=\"(max-width: 700px) 100vw, 700px\" \/><\/a><\/p>\n<p><span style=\"font-size: 14pt;\">Quem sopra velinhas nesta segunda-feira dia 12 de Novembro, \u00e9 o nosso amigo, o empres\u00e1rio mantenense Nilton Fialho. Ele n\u00e3o \u00e9 natural de Mantena, por\u00e9m no ano passado se tornou oficialmente um cidad\u00e3o mantenense recebendo o t\u00edtulo de cidadania na C\u00e2mara Municipal. <\/span><\/p>\n<p><span style=\"font-size: 14pt;\">Atualmente \u00e9 o presidente do COMSEP e vem sempre se envolvendo em a\u00e7\u00f5es que ajudam a comunidade. Parab\u00e9ns amigo pela sua dedica\u00e7\u00e3o e empenho nas quest\u00f5es que envolvem o bem estar de\u00a0 nossa gente.<\/span><\/p>\n<p><span style=\"font-size: 14pt;\"> Desejamos a\u00a0ele muitas felicidades, sa\u00fade e paz, e que continue sempre sendo este cidad\u00e3o de bem.<\/span><\/p>\n<p><a href=\"http:\/\/www.portalmantena.com.br\/novo\/wp-content\/uploads\/2018\/11\/vi121118nilton2.jpg\"><img loading=\"lazy\" class=\"alignnone size-full wp-image-40097\" src=\"http:\/\/www.portalmantena.com.br\/novo\/wp-content\/uploads\/2018\/11\/vi121118nilton2.jpg\" alt=\"\" width=\"700\" height=\"450\" srcset=\"http:\/\/www.portalmantena.com.br\/novo\/wp-content\/uploads\/2018\/11\/vi121118nilton2.jpg 700w, http:\/\/www.portalmantena.com.br\/novo\/wp-content\/uploads\/2018\/11\/vi121118nilton2-300x193.jpg 300w, http:\/\/www.portalmantena.com.br\/novo\/wp-content\/uploads\/2018\/11\/vi121118nilton2-696x447.jpg 696w, http:\/\/www.portalmantena.com.br\/novo\/wp-content\/uploads\/2018\/11\/vi121118nilton2-653x420.jpg 653w\" sizes=\"(max-width: 700px) 100vw, 700px\" \/><\/a><\/p>\n<p><a href=\"http:\/\/www.portalmantena.com.br\/novo\/\"><img loading=\"lazy\" class=\"alignnone size-full wp-image-37296\" src=\"http:\/\/www.portalmantena.com.br\/novo\/wp-content\/uploads\/2018\/05\/faixavitrine2.jpg\" alt=\"\" width=\"700\" height=\"40\" srcset=\"http:\/\/www.portalmantena.com.br\/novo\/wp-content\/uploads\/2018\/05\/faixavitrine2.jpg 700w, http:\/\/www.portalmantena.com.br\/novo\/wp-content\/uploads\/2018\/05\/faixavitrine2-300x17.jpg 300w, http:\/\/www.portalmantena.com.br\/novo\/wp-content\/uploads\/2018\/05\/faixavitrine2-696x40.jpg 696w\" sizes=\"(max-width: 700px) 100vw, 700px\" \/><\/a><\/p>\n<p><span style=\"font-size: 10pt;\">ESPA\u00c7O EMPRESARIAL<\/span><a href=\"https:\/\/www.facebook.com\/rf.oliveira.9?fb_dtsg_ag=AdwKEbD701SAGRAnk6E78RY0JikyBfz-gpQi9gILKYSxUg%3AAdzADEPHbaQFKiGvtHRVrGyd9Mg2UIuhHrTGTsZaOQaGyQ\"><img loading=\"lazy\" class=\"alignnone size-full wp-image-39476\" src=\"http:\/\/www.portalmantena.com.br\/novo\/wp-content\/uploads\/2018\/05\/avenida301018b1.jpg\" alt=\"\" width=\"700\" height=\"150\" srcset=\"http:\/\/www.portalmantena.com.br\/novo\/wp-content\/uploads\/2018\/05\/avenida301018b1.jpg 700w, http:\/\/www.portalmantena.com.br\/novo\/wp-content\/uploads\/2018\/05\/avenida301018b1-300x64.jpg 300w, http:\/\/www.portalmantena.com.br\/novo\/wp-content\/uploads\/2018\/05\/avenida301018b1-696x150.jpg 696w\" sizes=\"(max-width: 700px) 100vw, 700px\" \/><\/a><\/p>\n","protected":false},"excerpt":{"rendered":"<p>Quem sopra velinhas nesta segunda-feira dia 12 de Novembro, \u00e9 o nosso amigo, o empres\u00e1rio mantenense Nilton Fialho. Ele n\u00e3o \u00e9 natural de Mantena, por\u00e9m no ano passado se tornou oficialmente um cidad\u00e3o mantenense recebendo o t\u00edtulo de cidadania na C\u00e2mara Municipal. Atualmente \u00e9 o presidente do COMSEP e vem sempre se envolvendo em a\u00e7\u00f5es [&hellip;]<\/p>\n","protected":false},"author":1,"featured_media":40096,"comment_status":"open","ping_status":"open","sticky":false,"template":"","format":"standard","meta":[],"categories":[7],"tags":[],"_links":{"self":[{"href":"http:\/\/www.portalmantena.com.br\/novo\/index.php?rest_route=\/wp\/v2\/posts\/40094"}],"collection":[{"href":"http:\/\/www.portalmantena.com.br\/novo\/index.php?rest_route=\/wp\/v2\/posts"}],"about":[{"href":"http:\/\/www.portalmantena.com.br\/novo\/index.php?rest_route=\/wp\/v2\/types\/post"}],"author":[{"embeddable":true,"href":"http:\/\/www.portalmantena.com.br\/novo\/index.php?rest_route=\/wp\/v2\/users\/1"}],"replies":[{"embeddable":true,"href":"http:\/\/www.portalmantena.com.br\/novo\/index.php?rest_route=%2Fwp%2Fv2%2Fcomments&post=40094"}],"version-history":[{"count":5,"href":"http:\/\/www.portalmantena.com.br\/novo\/index.php?rest_route=\/wp\/v2\/posts\/40094\/revisions"}],"predecessor-version":[{"id":40102,"href":"http:\/\/www.portalmantena.com.br\/novo\/index.php?rest_route=\/wp\/v2\/posts\/40094\/revisions\/40102"}],"wp:featuredmedia":[{"embeddable":true,"href":"http:\/\/www.portalmantena.com.br\/novo\/index.php?rest_route=\/wp\/v2\/media\/40096"}],"wp:attachment":[{"href":"http:\/\/www.portalmantena.com.br\/novo\/index.php?rest_route=%2Fwp%2Fv2%2Fmedia&parent=40094"}],"wp:term":[{"taxonomy":"category","embeddable":true,"href":"http:\/\/www.portalmantena.com.br\/novo\/index.php?rest_route=%2Fwp%2Fv2%2Fcategories&post=40094"},{"taxonomy":"post_tag","embeddable":true,"href":"http:\/\/www.portalmantena.com.br\/novo\/index.php?rest_route=%2Fwp%2Fv2%2Ftags&post=40094"}],"curies":[{"name":"wp","href":"https:\/\/api.w.org\/{rel}","templated":true}]}}