{"id":40061,"date":"2018-11-12T13:29:14","date_gmt":"2018-11-12T15:29:14","guid":{"rendered":"http:\/\/www.portalmantena.com.br\/novo\/?p=40061"},"modified":"2018-11-12T13:29:14","modified_gmt":"2018-11-12T15:29:14","slug":"remova-pequenas-verrugas-com-jato-de-plasma-em-mantena","status":"publish","type":"post","link":"http:\/\/www.portalmantena.com.br\/novo\/?p=40061","title":{"rendered":"Remova pequenas verrugas com Jato de Plasma em Mantena"},"content":{"rendered":"<p><a href=\"http:\/\/www.portalmantena.com.br\/novo\/wp-content\/uploads\/2018\/11\/no121118estetica.jpg\"><img loading=\"lazy\" class=\"alignnone size-full wp-image-40062\" src=\"http:\/\/www.portalmantena.com.br\/novo\/wp-content\/uploads\/2018\/11\/no121118estetica.jpg\" alt=\"\" width=\"700\" height=\"450\" srcset=\"http:\/\/www.portalmantena.com.br\/novo\/wp-content\/uploads\/2018\/11\/no121118estetica.jpg 700w, http:\/\/www.portalmantena.com.br\/novo\/wp-content\/uploads\/2018\/11\/no121118estetica-300x193.jpg 300w, http:\/\/www.portalmantena.com.br\/novo\/wp-content\/uploads\/2018\/11\/no121118estetica-696x447.jpg 696w, http:\/\/www.portalmantena.com.br\/novo\/wp-content\/uploads\/2018\/11\/no121118estetica-653x420.jpg 653w\" sizes=\"(max-width: 700px) 100vw, 700px\" \/><\/a><\/p>\n<p><span style=\"font-size: 14pt;\">Entre as muitas novidades que a Cl\u00ednica Est\u00e9tica &amp; Laser tem disponibilizado em Mantena e regi\u00e3o para os amigos clientes, est\u00e1 o Jato de Plasma, que \u00e9 utilizado com efici\u00eancia para remover as pequenas Acroc\u00f3rdons, mais conhecidas como pequenas Verrugas. <\/span><\/p>\n<p><span style=\"font-size: 14pt;\">Voc\u00ea com certeza conhece algu\u00e9m que teve ou tem essas pequenas Acroc\u00f3rdons, que geralmente ocorrem na face, pesco\u00e7o, t\u00f3rax e axilas.\u00a0<\/span><\/p>\n<p><span style=\"font-size: 14pt;\">Os Acroc\u00f3rdons n\u00e3o representam risco \u00e0 sa\u00fade, mais incomodam esteticamente. Agende sua avalia\u00e7\u00e3o na Cl\u00ednica Est\u00e9tica &amp; Laser em Mantena e conhe\u00e7a este procedimento de remo\u00e7\u00e3o de todas as Acroc\u00f3rdons. <\/span><\/p>\n<p><span style=\"font-size: 14pt;\">Agende uma avalia\u00e7\u00e3o conosco e fique livre delas para o ver\u00e3o. A cl\u00ednica Est\u00e9tica &amp; Lazer em Mantena est\u00e1 situada \u00e0 Av. Get\u00falio vargas, 520 no centro da cidade. Se preferir, agende tamb\u00e9m pelo telefone: (33) 3241 4614.<\/span><\/p>\n<p><a href=\"http:\/\/www.portalmantena.com.br\/novo\/\"><img loading=\"lazy\" class=\"alignnone size-full wp-image-37331\" src=\"http:\/\/www.portalmantena.com.br\/novo\/wp-content\/uploads\/2018\/05\/faixaportalnoticias5.jpg\" alt=\"\" width=\"700\" height=\"40\" srcset=\"http:\/\/www.portalmantena.com.br\/novo\/wp-content\/uploads\/2018\/05\/faixaportalnoticias5.jpg 700w, http:\/\/www.portalmantena.com.br\/novo\/wp-content\/uploads\/2018\/05\/faixaportalnoticias5-300x17.jpg 300w, http:\/\/www.portalmantena.com.br\/novo\/wp-content\/uploads\/2018\/05\/faixaportalnoticias5-696x40.jpg 696w\" sizes=\"(max-width: 700px) 100vw, 700px\" \/><\/a><\/p>\n<p><span style=\"font-size: 10pt;\">ESPA\u00c7O EMPRESARIAL<\/span><a href=\"https:\/\/www.facebook.com\/esteticistapatriciakarla?hc_ref=ARTRLla5NWzFR9As7pFhvjpUZM7NbqisWdJzWAYI0A3hB0_PPbvfdsWq2KrDLR_IF-8&amp;fref=nf\"><img loading=\"lazy\" class=\"alignnone size-full wp-image-34128\" src=\"http:\/\/www.portalmantena.com.br\/novo\/wp-content\/uploads\/2018\/05\/estetica010818.jpg\" alt=\"\" width=\"700\" height=\"150\" srcset=\"http:\/\/www.portalmantena.com.br\/novo\/wp-content\/uploads\/2018\/05\/estetica010818.jpg 700w, http:\/\/www.portalmantena.com.br\/novo\/wp-content\/uploads\/2018\/05\/estetica010818-300x64.jpg 300w, http:\/\/www.portalmantena.com.br\/novo\/wp-content\/uploads\/2018\/05\/estetica010818-696x150.jpg 696w\" sizes=\"(max-width: 700px) 100vw, 700px\" \/><\/a><\/p>\n","protected":false},"excerpt":{"rendered":"<p>Entre as muitas novidades que a Cl\u00ednica Est\u00e9tica &amp; Laser tem disponibilizado em Mantena e regi\u00e3o para os amigos clientes, est\u00e1 o Jato de Plasma, que \u00e9 utilizado com efici\u00eancia para remover as pequenas Acroc\u00f3rdons, mais conhecidas como pequenas Verrugas. Voc\u00ea com certeza conhece algu\u00e9m que teve ou tem essas pequenas Acroc\u00f3rdons, que geralmente ocorrem [&hellip;]<\/p>\n","protected":false},"author":1,"featured_media":40062,"comment_status":"open","ping_status":"open","sticky":false,"template":"","format":"standard","meta":[],"categories":[36,11],"tags":[],"_links":{"self":[{"href":"http:\/\/www.portalmantena.com.br\/novo\/index.php?rest_route=\/wp\/v2\/posts\/40061"}],"collection":[{"href":"http:\/\/www.portalmantena.com.br\/novo\/index.php?rest_route=\/wp\/v2\/posts"}],"about":[{"href":"http:\/\/www.portalmantena.com.br\/novo\/index.php?rest_route=\/wp\/v2\/types\/post"}],"author":[{"embeddable":true,"href":"http:\/\/www.portalmantena.com.br\/novo\/index.php?rest_route=\/wp\/v2\/users\/1"}],"replies":[{"embeddable":true,"href":"http:\/\/www.portalmantena.com.br\/novo\/index.php?rest_route=%2Fwp%2Fv2%2Fcomments&post=40061"}],"version-history":[{"count":1,"href":"http:\/\/www.portalmantena.com.br\/novo\/index.php?rest_route=\/wp\/v2\/posts\/40061\/revisions"}],"predecessor-version":[{"id":40063,"href":"http:\/\/www.portalmantena.com.br\/novo\/index.php?rest_route=\/wp\/v2\/posts\/40061\/revisions\/40063"}],"wp:featuredmedia":[{"embeddable":true,"href":"http:\/\/www.portalmantena.com.br\/novo\/index.php?rest_route=\/wp\/v2\/media\/40062"}],"wp:attachment":[{"href":"http:\/\/www.portalmantena.com.br\/novo\/index.php?rest_route=%2Fwp%2Fv2%2Fmedia&parent=40061"}],"wp:term":[{"taxonomy":"category","embeddable":true,"href":"http:\/\/www.portalmantena.com.br\/novo\/index.php?rest_route=%2Fwp%2Fv2%2Fcategories&post=40061"},{"taxonomy":"post_tag","embeddable":true,"href":"http:\/\/www.portalmantena.com.br\/novo\/index.php?rest_route=%2Fwp%2Fv2%2Ftags&post=40061"}],"curies":[{"name":"wp","href":"https:\/\/api.w.org\/{rel}","templated":true}]}}