{"id":4001,"date":"2017-04-03T11:49:45","date_gmt":"2017-04-03T14:49:45","guid":{"rendered":"http:\/\/www.portalmantena.com.br\/novo\/?p=4001"},"modified":"2017-04-03T10:59:59","modified_gmt":"2017-04-03T13:59:59","slug":"acidente-na-regiao-com-carreta-que-transportava-bloco-de-granito","status":"publish","type":"post","link":"http:\/\/www.portalmantena.com.br\/novo\/?p=4001","title":{"rendered":"Acidente na regi\u00e3o com carreta que transportava bloco de granito"},"content":{"rendered":"<p><a href=\"http:\/\/www.portalmantena.com.br\/novo\/wp-content\/uploads\/2017\/04\/no030417aci1.jpg\"><img loading=\"lazy\" class=\"alignnone size-full wp-image-4002\" src=\"http:\/\/www.portalmantena.com.br\/novo\/wp-content\/uploads\/2017\/04\/no030417aci1.jpg\" alt=\"\" width=\"700\" height=\"450\" srcset=\"http:\/\/www.portalmantena.com.br\/novo\/wp-content\/uploads\/2017\/04\/no030417aci1.jpg 700w, http:\/\/www.portalmantena.com.br\/novo\/wp-content\/uploads\/2017\/04\/no030417aci1-300x193.jpg 300w, http:\/\/www.portalmantena.com.br\/novo\/wp-content\/uploads\/2017\/04\/no030417aci1-696x447.jpg 696w, http:\/\/www.portalmantena.com.br\/novo\/wp-content\/uploads\/2017\/04\/no030417aci1-653x420.jpg 653w\" sizes=\"(max-width: 700px) 100vw, 700px\" \/><\/a><\/p>\n<p style=\"margin: 0cm; margin-bottom: .0001pt; background: white;\"><span style=\"font-size: 14.0pt; font-family: 'Helvetica','sans-serif'; color: #1d2129; background: white;\">Mais uma carreta que transporta blocos de granito acaba se envolvendo em acidente na regi\u00e3o. A ocorr\u00eancia foi registrada pela pol\u00edcia militar na tarde da \u00faltima sexta-feira dia 31 de mar\u00e7o, entre os munic\u00edpios de Ecoporanga e Barra de S\u00e3o Francisco, pr\u00f3ximo de Vila Paulista. <\/span><\/p>\n<p style=\"margin: 0cm; margin-bottom: .0001pt; background: white;\">\n<p style=\"margin: 0cm; margin-bottom: .0001pt; background: white;\"><span style=\"font-size: 14.0pt; font-family: 'Helvetica','sans-serif'; color: #1d2129; background: white;\">Segundo informa\u00e7\u00f5es, o carregamento seguia para a cidade de Cachoeiro de Itapemirim, quando o motorista do ve\u00edculo perdeu a dire\u00e7\u00e3o, saiu da pista e o bloco acabou fazendo um grande estrago em parte do asfalto. <\/span><\/p>\n<p style=\"margin: 0cm; margin-bottom: .0001pt; background: white;\">\n<p style=\"margin: 0cm; margin-bottom: .0001pt; background: white;\"><span style=\"font-size: 14.0pt; font-family: 'Helvetica','sans-serif'; color: #1d2129; background: white;\">O policiamento foi acionado e o motorista resgatado pelo corpo de bombeiros foi encaminhado para atendimento m\u00e9dico em Barra de S\u00e3o Francisco. <\/span><\/p>\n<p style=\"margin: 0cm; margin-bottom: .0001pt; background: white;\">\n<p style=\"margin: 0cm; margin-bottom: .0001pt; background: white;\"><span style=\"font-size: 14.0pt; font-family: 'Helvetica','sans-serif'; color: #1d2129; background: white;\">Segundo informa\u00e7\u00f5es ele apresentava ferimentos leves, e estava consciente quando foi resgatado. S\u00e3o muitos acidentes envolvendo este tipo de carga na regi\u00e3o, principalmente com os blocos de desprendendo e ent\u00e3o os ve\u00edculos sendo arrastados e na maioria das vezes com muitos preju\u00edzos, principalmente para as estruturas das rodovias. <\/span><\/p>\n<p style=\"margin: 0cm; margin-bottom: .0001pt; background: white;\">\n<p><a href=\"http:\/\/www.portalmantena.com.br\/novo\/wp-content\/uploads\/2017\/04\/no030417aci2.jpg\"><img loading=\"lazy\" class=\"alignnone size-full wp-image-4003\" src=\"http:\/\/www.portalmantena.com.br\/novo\/wp-content\/uploads\/2017\/04\/no030417aci2.jpg\" alt=\"\" width=\"700\" height=\"450\" srcset=\"http:\/\/www.portalmantena.com.br\/novo\/wp-content\/uploads\/2017\/04\/no030417aci2.jpg 700w, http:\/\/www.portalmantena.com.br\/novo\/wp-content\/uploads\/2017\/04\/no030417aci2-300x193.jpg 300w, http:\/\/www.portalmantena.com.br\/novo\/wp-content\/uploads\/2017\/04\/no030417aci2-696x447.jpg 696w, http:\/\/www.portalmantena.com.br\/novo\/wp-content\/uploads\/2017\/04\/no030417aci2-653x420.jpg 653w\" sizes=\"(max-width: 700px) 100vw, 700px\" \/><\/a> <a href=\"http:\/\/www.portalmantena.com.br\/novo\/wp-content\/uploads\/2017\/04\/no030417aci3.jpg\"><img loading=\"lazy\" class=\"alignnone size-full wp-image-4004\" src=\"http:\/\/www.portalmantena.com.br\/novo\/wp-content\/uploads\/2017\/04\/no030417aci3.jpg\" alt=\"\" width=\"700\" height=\"450\" srcset=\"http:\/\/www.portalmantena.com.br\/novo\/wp-content\/uploads\/2017\/04\/no030417aci3.jpg 700w, http:\/\/www.portalmantena.com.br\/novo\/wp-content\/uploads\/2017\/04\/no030417aci3-300x193.jpg 300w, http:\/\/www.portalmantena.com.br\/novo\/wp-content\/uploads\/2017\/04\/no030417aci3-696x447.jpg 696w, http:\/\/www.portalmantena.com.br\/novo\/wp-content\/uploads\/2017\/04\/no030417aci3-653x420.jpg 653w\" sizes=\"(max-width: 700px) 100vw, 700px\" \/><\/a> <a href=\"http:\/\/www.portalmantena.com.br\/novo\/wp-content\/uploads\/2017\/04\/no030417aci4.jpg\"><img loading=\"lazy\" class=\"alignnone size-full wp-image-4005\" src=\"http:\/\/www.portalmantena.com.br\/novo\/wp-content\/uploads\/2017\/04\/no030417aci4.jpg\" alt=\"\" width=\"700\" height=\"450\" srcset=\"http:\/\/www.portalmantena.com.br\/novo\/wp-content\/uploads\/2017\/04\/no030417aci4.jpg 700w, http:\/\/www.portalmantena.com.br\/novo\/wp-content\/uploads\/2017\/04\/no030417aci4-300x193.jpg 300w, http:\/\/www.portalmantena.com.br\/novo\/wp-content\/uploads\/2017\/04\/no030417aci4-696x447.jpg 696w, http:\/\/www.portalmantena.com.br\/novo\/wp-content\/uploads\/2017\/04\/no030417aci4-653x420.jpg 653w\" sizes=\"(max-width: 700px) 100vw, 700px\" \/><\/a><\/p>\n","protected":false},"excerpt":{"rendered":"<p>Mais uma carreta que transporta blocos de granito acaba se envolvendo em acidente na regi\u00e3o. A ocorr\u00eancia foi registrada pela pol\u00edcia militar na tarde da \u00faltima sexta-feira dia 31 de mar\u00e7o, entre os munic\u00edpios de Ecoporanga e Barra de S\u00e3o Francisco, pr\u00f3ximo de Vila Paulista. Segundo informa\u00e7\u00f5es, o carregamento seguia para a cidade de Cachoeiro [&hellip;]<\/p>\n","protected":false},"author":1,"featured_media":4005,"comment_status":"open","ping_status":"open","sticky":false,"template":"","format":"standard","meta":[],"categories":[11,39],"tags":[],"_links":{"self":[{"href":"http:\/\/www.portalmantena.com.br\/novo\/index.php?rest_route=\/wp\/v2\/posts\/4001"}],"collection":[{"href":"http:\/\/www.portalmantena.com.br\/novo\/index.php?rest_route=\/wp\/v2\/posts"}],"about":[{"href":"http:\/\/www.portalmantena.com.br\/novo\/index.php?rest_route=\/wp\/v2\/types\/post"}],"author":[{"embeddable":true,"href":"http:\/\/www.portalmantena.com.br\/novo\/index.php?rest_route=\/wp\/v2\/users\/1"}],"replies":[{"embeddable":true,"href":"http:\/\/www.portalmantena.com.br\/novo\/index.php?rest_route=%2Fwp%2Fv2%2Fcomments&post=4001"}],"version-history":[{"count":1,"href":"http:\/\/www.portalmantena.com.br\/novo\/index.php?rest_route=\/wp\/v2\/posts\/4001\/revisions"}],"predecessor-version":[{"id":4006,"href":"http:\/\/www.portalmantena.com.br\/novo\/index.php?rest_route=\/wp\/v2\/posts\/4001\/revisions\/4006"}],"wp:featuredmedia":[{"embeddable":true,"href":"http:\/\/www.portalmantena.com.br\/novo\/index.php?rest_route=\/wp\/v2\/media\/4005"}],"wp:attachment":[{"href":"http:\/\/www.portalmantena.com.br\/novo\/index.php?rest_route=%2Fwp%2Fv2%2Fmedia&parent=4001"}],"wp:term":[{"taxonomy":"category","embeddable":true,"href":"http:\/\/www.portalmantena.com.br\/novo\/index.php?rest_route=%2Fwp%2Fv2%2Fcategories&post=4001"},{"taxonomy":"post_tag","embeddable":true,"href":"http:\/\/www.portalmantena.com.br\/novo\/index.php?rest_route=%2Fwp%2Fv2%2Ftags&post=4001"}],"curies":[{"name":"wp","href":"https:\/\/api.w.org\/{rel}","templated":true}]}}