{"id":39976,"date":"2018-11-09T19:14:36","date_gmt":"2018-11-09T21:14:36","guid":{"rendered":"http:\/\/www.portalmantena.com.br\/novo\/?p=39976"},"modified":"2018-11-09T19:15:17","modified_gmt":"2018-11-09T21:15:17","slug":"ja-sao-mais-de-17-hs-de-chuva-em-mantena-nesta-sexta-feira","status":"publish","type":"post","link":"http:\/\/www.portalmantena.com.br\/novo\/?p=39976","title":{"rendered":"J\u00e1 s\u00e3o mais de 17 hs seguidas de chuva em Mantena"},"content":{"rendered":"<p><a href=\"http:\/\/www.portalmantena.com.br\/novo\/wp-content\/uploads\/2018\/11\/no091118previsao3-1.jpg\"><img loading=\"lazy\" class=\"alignnone size-full wp-image-39978\" src=\"http:\/\/www.portalmantena.com.br\/novo\/wp-content\/uploads\/2018\/11\/no091118previsao3-1.jpg\" alt=\"\" width=\"700\" height=\"450\" srcset=\"http:\/\/www.portalmantena.com.br\/novo\/wp-content\/uploads\/2018\/11\/no091118previsao3-1.jpg 700w, http:\/\/www.portalmantena.com.br\/novo\/wp-content\/uploads\/2018\/11\/no091118previsao3-1-300x193.jpg 300w, http:\/\/www.portalmantena.com.br\/novo\/wp-content\/uploads\/2018\/11\/no091118previsao3-1-696x447.jpg 696w, http:\/\/www.portalmantena.com.br\/novo\/wp-content\/uploads\/2018\/11\/no091118previsao3-1-653x420.jpg 653w\" sizes=\"(max-width: 700px) 100vw, 700px\" \/><\/a><\/p>\n<p><span style=\"font-size: 14pt;\">A sua revista eletr\u00f4nica portalmantena, compartilha com os leitores, not\u00edcias em primeira m\u00e3o, bem como com a colabora\u00e7\u00e3o de amigos que participam dos nossos grupos nas redes sociais. <\/span><\/p>\n<p><span style=\"font-size: 14pt;\">O CANAL PORTAL (Grupo do Whatsapp), divulgou nesta tarde de sexta-feira (9), o volume de chuva que j\u00e1 caiu sobre Mantena h\u00e1 17 hs seguidas, que foi refor\u00e7ado por um AVISO de ALERTA da defesa civil de Mantena, chamando aten\u00e7\u00e3o para o acumulado do dia que ainda pode aumentar podendo gerar um Evento Adverso. <\/span><\/p>\n<p><span style=\"font-size: 14pt;\">A chuva cai sobre a cidade em momentos de volume baixo a volume moderado. At\u00e9 \u00e0s 18 horas, haviam sido registrados pela Esta\u00e7\u00e3o Meteorol\u00f3gica Autom\u00e1tica instalada na ETA\/SAAE o volume total de <strong>34,8 mil\u00edmetros<\/strong>, valores que ser\u00e3o atualizados nas pr\u00f3ximas horas. <\/span><\/p>\n<p><span style=\"font-size: 14pt;\">O acumulado do m\u00eas de Novembro, <strong>ultrapassa os 180 mm<\/strong>, e olha que os registros volumosos s\u00e3o apenas desta semana, ou seja, da madrugada da \u00faltima segunda (5) at\u00e9 agora. <\/span><\/p>\n<p><span style=\"font-size: 14pt;\">O volume que ainda ser\u00e1 atualizado nas pr\u00f3ximas horas poder\u00e1 com certeza ultrapassar os 200 mil\u00edmetros at\u00e9 este final de semana.<\/span><\/p>\n<p><a href=\"http:\/\/www.portalmantena.com.br\/novo\/wp-content\/uploads\/2018\/11\/no091118chuva3.jpg\"><img loading=\"lazy\" class=\"alignnone size-full wp-image-39977\" src=\"http:\/\/www.portalmantena.com.br\/novo\/wp-content\/uploads\/2018\/11\/no091118chuva3.jpg\" alt=\"\" width=\"700\" height=\"450\" srcset=\"http:\/\/www.portalmantena.com.br\/novo\/wp-content\/uploads\/2018\/11\/no091118chuva3.jpg 700w, http:\/\/www.portalmantena.com.br\/novo\/wp-content\/uploads\/2018\/11\/no091118chuva3-300x193.jpg 300w, http:\/\/www.portalmantena.com.br\/novo\/wp-content\/uploads\/2018\/11\/no091118chuva3-696x447.jpg 696w, http:\/\/www.portalmantena.com.br\/novo\/wp-content\/uploads\/2018\/11\/no091118chuva3-653x420.jpg 653w\" sizes=\"(max-width: 700px) 100vw, 700px\" \/><\/a><\/p>\n<p><a href=\"http:\/\/www.portalmantena.com.br\/novo\/\"><img loading=\"lazy\" class=\"alignnone size-full wp-image-37331\" src=\"http:\/\/www.portalmantena.com.br\/novo\/wp-content\/uploads\/2018\/05\/faixaportalnoticias5.jpg\" alt=\"\" width=\"700\" height=\"40\" srcset=\"http:\/\/www.portalmantena.com.br\/novo\/wp-content\/uploads\/2018\/05\/faixaportalnoticias5.jpg 700w, http:\/\/www.portalmantena.com.br\/novo\/wp-content\/uploads\/2018\/05\/faixaportalnoticias5-300x17.jpg 300w, http:\/\/www.portalmantena.com.br\/novo\/wp-content\/uploads\/2018\/05\/faixaportalnoticias5-696x40.jpg 696w\" sizes=\"(max-width: 700px) 100vw, 700px\" \/><\/a><\/p>\n<p><span style=\"font-size: 10pt;\">ESPA\u00c7O EMPRESARIAL<\/span><a href=\"http:\/\/www.portalmantena.com.br\/novo\/?p=39696\"><img src=\"http:\/\/www.portalmantena.com.br\/novo\/wp-content\/uploads\/2018\/11\/uni051118p.jpg\" \/><\/a><\/p>\n<p>&nbsp;<\/p>\n","protected":false},"excerpt":{"rendered":"<p>A sua revista eletr\u00f4nica portalmantena, compartilha com os leitores, not\u00edcias em primeira m\u00e3o, bem como com a colabora\u00e7\u00e3o de amigos que participam dos nossos grupos nas redes sociais. O CANAL PORTAL (Grupo do Whatsapp), divulgou nesta tarde de sexta-feira (9), o volume de chuva que j\u00e1 caiu sobre Mantena h\u00e1 17 hs seguidas, que foi [&hellip;]<\/p>\n","protected":false},"author":1,"featured_media":39978,"comment_status":"open","ping_status":"open","sticky":false,"template":"","format":"standard","meta":[],"categories":[36,11],"tags":[],"_links":{"self":[{"href":"http:\/\/www.portalmantena.com.br\/novo\/index.php?rest_route=\/wp\/v2\/posts\/39976"}],"collection":[{"href":"http:\/\/www.portalmantena.com.br\/novo\/index.php?rest_route=\/wp\/v2\/posts"}],"about":[{"href":"http:\/\/www.portalmantena.com.br\/novo\/index.php?rest_route=\/wp\/v2\/types\/post"}],"author":[{"embeddable":true,"href":"http:\/\/www.portalmantena.com.br\/novo\/index.php?rest_route=\/wp\/v2\/users\/1"}],"replies":[{"embeddable":true,"href":"http:\/\/www.portalmantena.com.br\/novo\/index.php?rest_route=%2Fwp%2Fv2%2Fcomments&post=39976"}],"version-history":[{"count":2,"href":"http:\/\/www.portalmantena.com.br\/novo\/index.php?rest_route=\/wp\/v2\/posts\/39976\/revisions"}],"predecessor-version":[{"id":39980,"href":"http:\/\/www.portalmantena.com.br\/novo\/index.php?rest_route=\/wp\/v2\/posts\/39976\/revisions\/39980"}],"wp:featuredmedia":[{"embeddable":true,"href":"http:\/\/www.portalmantena.com.br\/novo\/index.php?rest_route=\/wp\/v2\/media\/39978"}],"wp:attachment":[{"href":"http:\/\/www.portalmantena.com.br\/novo\/index.php?rest_route=%2Fwp%2Fv2%2Fmedia&parent=39976"}],"wp:term":[{"taxonomy":"category","embeddable":true,"href":"http:\/\/www.portalmantena.com.br\/novo\/index.php?rest_route=%2Fwp%2Fv2%2Fcategories&post=39976"},{"taxonomy":"post_tag","embeddable":true,"href":"http:\/\/www.portalmantena.com.br\/novo\/index.php?rest_route=%2Fwp%2Fv2%2Ftags&post=39976"}],"curies":[{"name":"wp","href":"https:\/\/api.w.org\/{rel}","templated":true}]}}