{"id":39970,"date":"2018-11-09T18:26:40","date_gmt":"2018-11-09T20:26:40","guid":{"rendered":"http:\/\/www.portalmantena.com.br\/novo\/?p=39970"},"modified":"2018-11-10T16:10:44","modified_gmt":"2018-11-10T18:10:44","slug":"defesa-civil-em-mantena-alerta-para-risco-de-fenomeno-adverso","status":"publish","type":"post","link":"http:\/\/www.portalmantena.com.br\/novo\/?p=39970","title":{"rendered":"Defesa Civil em Mantena alerta para risco de fen\u00f4meno adverso"},"content":{"rendered":"<p><a href=\"http:\/\/www.portalmantena.com.br\/novo\/wp-content\/uploads\/2018\/11\/no091118chuva2.jpg\"><img loading=\"lazy\" class=\"alignnone size-full wp-image-39973\" src=\"http:\/\/www.portalmantena.com.br\/novo\/wp-content\/uploads\/2018\/11\/no091118chuva2.jpg\" alt=\"\" width=\"700\" height=\"450\" srcset=\"http:\/\/www.portalmantena.com.br\/novo\/wp-content\/uploads\/2018\/11\/no091118chuva2.jpg 700w, http:\/\/www.portalmantena.com.br\/novo\/wp-content\/uploads\/2018\/11\/no091118chuva2-300x193.jpg 300w, http:\/\/www.portalmantena.com.br\/novo\/wp-content\/uploads\/2018\/11\/no091118chuva2-696x447.jpg 696w, http:\/\/www.portalmantena.com.br\/novo\/wp-content\/uploads\/2018\/11\/no091118chuva2-653x420.jpg 653w\" sizes=\"(max-width: 700px) 100vw, 700px\" \/><\/a><\/p>\n<p><span style=\"font-size: 14pt;\">A Coordenadoria Municipal de Prote\u00e7\u00e3o e Defesa Civil de Mantena, emitiu na tarde desta sexta-feira dia 09 de Novembro, um AVISO ESPECIAL, pelas condi\u00e7\u00f5es especiais do tempo. <\/span><\/p>\n<p><span style=\"font-size: 14pt;\">Segundo o AVISO, O instituto Nacional de Pesquisas Espaciais (INPE), atualizou o boletim meteorol\u00f3gico 2159-2 nesta manh\u00e3 de sexta-feira no qual aponta que na regi\u00e3o de Mantena, h\u00e1 RISCO ALTO para ocorr\u00eancia de fen\u00f4meno meteorol\u00f3gico adverso, entre as 9h40&#8242; e 23h59&#8242; desta sexta-feira, 09 de Novembro. <\/span><\/p>\n<p><span style=\"font-size: 14pt;\">O AVISO ESPECIAL tem o objetivo de informar que existe uma condi\u00e7\u00e3o meteorol\u00f3gica PERIGOSA, embora n\u00e3o se tenha 100% de certeza da ocorr\u00eancia de evento adverso. Desta forma, \u00e9 necess\u00e1rio dobrada vigil\u00e2ncia, e estar informado das condi\u00e7\u00f5es e mudan\u00e7as do tempo.<\/span><\/p>\n<p><a href=\"http:\/\/www.portalmantena.com.br\/novo\/wp-content\/uploads\/2018\/11\/no091118chuva.jpg\"><img loading=\"lazy\" class=\"alignnone size-full wp-image-39972\" src=\"http:\/\/www.portalmantena.com.br\/novo\/wp-content\/uploads\/2018\/11\/no091118chuva.jpg\" alt=\"\" width=\"700\" height=\"450\" srcset=\"http:\/\/www.portalmantena.com.br\/novo\/wp-content\/uploads\/2018\/11\/no091118chuva.jpg 700w, http:\/\/www.portalmantena.com.br\/novo\/wp-content\/uploads\/2018\/11\/no091118chuva-300x193.jpg 300w, http:\/\/www.portalmantena.com.br\/novo\/wp-content\/uploads\/2018\/11\/no091118chuva-696x447.jpg 696w, http:\/\/www.portalmantena.com.br\/novo\/wp-content\/uploads\/2018\/11\/no091118chuva-653x420.jpg 653w\" sizes=\"(max-width: 700px) 100vw, 700px\" \/><\/a><\/p>\n<p><a href=\"http:\/\/www.portalmantena.com.br\/novo\/\"><img loading=\"lazy\" class=\"alignnone size-full wp-image-37331\" src=\"http:\/\/www.portalmantena.com.br\/novo\/wp-content\/uploads\/2018\/05\/faixaportalnoticias5.jpg\" alt=\"\" width=\"700\" height=\"40\" srcset=\"http:\/\/www.portalmantena.com.br\/novo\/wp-content\/uploads\/2018\/05\/faixaportalnoticias5.jpg 700w, http:\/\/www.portalmantena.com.br\/novo\/wp-content\/uploads\/2018\/05\/faixaportalnoticias5-300x17.jpg 300w, http:\/\/www.portalmantena.com.br\/novo\/wp-content\/uploads\/2018\/05\/faixaportalnoticias5-696x40.jpg 696w\" sizes=\"(max-width: 700px) 100vw, 700px\" \/><\/a><\/p>\n<p><span style=\"font-size: 10pt;\">ESPA\u00c7O EMPRESARIAL<\/span><a href=\"http:\/\/www.portalmantena.com.br\/novo\/wp-content\/uploads\/2018\/05\/cafebonzonfaixa.jpg\"><img loading=\"lazy\" class=\"alignnone size-full wp-image-29162\" src=\"http:\/\/www.portalmantena.com.br\/novo\/wp-content\/uploads\/2018\/05\/cafebonzonfaixa.jpg\" alt=\"\" width=\"700\" height=\"150\" srcset=\"http:\/\/www.portalmantena.com.br\/novo\/wp-content\/uploads\/2018\/05\/cafebonzonfaixa.jpg 700w, http:\/\/www.portalmantena.com.br\/novo\/wp-content\/uploads\/2018\/05\/cafebonzonfaixa-300x64.jpg 300w, http:\/\/www.portalmantena.com.br\/novo\/wp-content\/uploads\/2018\/05\/cafebonzonfaixa-696x150.jpg 696w\" sizes=\"(max-width: 700px) 100vw, 700px\" \/><\/a><\/p>\n","protected":false},"excerpt":{"rendered":"<p>A Coordenadoria Municipal de Prote\u00e7\u00e3o e Defesa Civil de Mantena, emitiu na tarde desta sexta-feira dia 09 de Novembro, um AVISO ESPECIAL, pelas condi\u00e7\u00f5es especiais do tempo. Segundo o AVISO, O instituto Nacional de Pesquisas Espaciais (INPE), atualizou o boletim meteorol\u00f3gico 2159-2 nesta manh\u00e3 de sexta-feira no qual aponta que na regi\u00e3o de Mantena, h\u00e1 [&hellip;]<\/p>\n","protected":false},"author":1,"featured_media":39973,"comment_status":"closed","ping_status":"closed","sticky":false,"template":"","format":"standard","meta":[],"categories":[36,11],"tags":[],"_links":{"self":[{"href":"http:\/\/www.portalmantena.com.br\/novo\/index.php?rest_route=\/wp\/v2\/posts\/39970"}],"collection":[{"href":"http:\/\/www.portalmantena.com.br\/novo\/index.php?rest_route=\/wp\/v2\/posts"}],"about":[{"href":"http:\/\/www.portalmantena.com.br\/novo\/index.php?rest_route=\/wp\/v2\/types\/post"}],"author":[{"embeddable":true,"href":"http:\/\/www.portalmantena.com.br\/novo\/index.php?rest_route=\/wp\/v2\/users\/1"}],"replies":[{"embeddable":true,"href":"http:\/\/www.portalmantena.com.br\/novo\/index.php?rest_route=%2Fwp%2Fv2%2Fcomments&post=39970"}],"version-history":[{"count":1,"href":"http:\/\/www.portalmantena.com.br\/novo\/index.php?rest_route=\/wp\/v2\/posts\/39970\/revisions"}],"predecessor-version":[{"id":39974,"href":"http:\/\/www.portalmantena.com.br\/novo\/index.php?rest_route=\/wp\/v2\/posts\/39970\/revisions\/39974"}],"wp:featuredmedia":[{"embeddable":true,"href":"http:\/\/www.portalmantena.com.br\/novo\/index.php?rest_route=\/wp\/v2\/media\/39973"}],"wp:attachment":[{"href":"http:\/\/www.portalmantena.com.br\/novo\/index.php?rest_route=%2Fwp%2Fv2%2Fmedia&parent=39970"}],"wp:term":[{"taxonomy":"category","embeddable":true,"href":"http:\/\/www.portalmantena.com.br\/novo\/index.php?rest_route=%2Fwp%2Fv2%2Fcategories&post=39970"},{"taxonomy":"post_tag","embeddable":true,"href":"http:\/\/www.portalmantena.com.br\/novo\/index.php?rest_route=%2Fwp%2Fv2%2Ftags&post=39970"}],"curies":[{"name":"wp","href":"https:\/\/api.w.org\/{rel}","templated":true}]}}