{"id":39933,"date":"2018-11-09T13:33:20","date_gmt":"2018-11-09T15:33:20","guid":{"rendered":"http:\/\/www.portalmantena.com.br\/novo\/?p=39933"},"modified":"2018-11-12T07:41:15","modified_gmt":"2018-11-12T09:41:15","slug":"portaltv-vegetacao-tem-segurado-as-aguas-nas-cabeceiras","status":"publish","type":"post","link":"http:\/\/www.portalmantena.com.br\/novo\/?p=39933","title":{"rendered":"PortalTV &#8211; Vegeta\u00e7\u00e3o tem segurado a Chuva nas Cabeceiras"},"content":{"rendered":"<p><span style=\"font-size: 14pt;\">Este v\u00eddeo acima, gravado pelo produtor rural de Mantena, Lindomar, mostra bem o que vem acontecendo nas Cabeceiras do Turvo e Turvinho, onde nos \u00faltimos anos, a incid\u00eancia de queimadas vem diminuindo, o resultado \u00e9 a vegeta\u00e7\u00e3o crescida nos topos de morro, que nesta \u00e9poca do ano segura boa parte das chuvas que tem ca\u00eddo na regi\u00e3o. <\/span><\/p>\n<p><span style=\"font-size: 14pt;\">Um benef\u00edcio n\u00e3o apenas para o produtor rural que mant\u00e9m a \u00e1gua e a vegeta\u00e7\u00e3o sempre protegida, e ao mesmo tempo evita as eros\u00f5es nas estradas, alagamentos e at\u00e9 mesmo beneficia a cidade de Mantena, que at\u00e9 o momento n\u00e3o sofreu com as enchentes no bairro Vila Nova, que em sua maioria s\u00e3o provocadas pelas enxurradas que descem das cabeceiras. <strong>Veja o V\u00cdDEO ACIMA e confirme.\u00a0<\/strong><\/span><\/p>\n<p><a href=\"http:\/\/www.portalmantena.com.br\/novo\/\"><img loading=\"lazy\" class=\"alignnone size-full wp-image-37331\" src=\"http:\/\/www.portalmantena.com.br\/novo\/wp-content\/uploads\/2018\/05\/faixaportalnoticias5.jpg\" alt=\"\" width=\"700\" height=\"40\" srcset=\"http:\/\/www.portalmantena.com.br\/novo\/wp-content\/uploads\/2018\/05\/faixaportalnoticias5.jpg 700w, http:\/\/www.portalmantena.com.br\/novo\/wp-content\/uploads\/2018\/05\/faixaportalnoticias5-300x17.jpg 300w, http:\/\/www.portalmantena.com.br\/novo\/wp-content\/uploads\/2018\/05\/faixaportalnoticias5-696x40.jpg 696w\" sizes=\"(max-width: 700px) 100vw, 700px\" \/><\/a><\/p>\n<p><span style=\"font-size: 10pt;\">ESPA\u00c7O EMPRESARIAL<\/span><img loading=\"lazy\" class=\"alignnone size-full wp-image-30339\" src=\"http:\/\/www.portalmantena.com.br\/novo\/wp-content\/uploads\/2018\/05\/casadastintas.jpg\" alt=\"\" width=\"700\" height=\"150\" srcset=\"http:\/\/www.portalmantena.com.br\/novo\/wp-content\/uploads\/2018\/05\/casadastintas.jpg 700w, http:\/\/www.portalmantena.com.br\/novo\/wp-content\/uploads\/2018\/05\/casadastintas-300x64.jpg 300w, http:\/\/www.portalmantena.com.br\/novo\/wp-content\/uploads\/2018\/05\/casadastintas-696x150.jpg 696w\" sizes=\"(max-width: 700px) 100vw, 700px\" \/><\/p>\n","protected":false},"excerpt":{"rendered":"<p>Este v\u00eddeo acima, gravado pelo produtor rural de Mantena, Lindomar, mostra bem o que vem acontecendo nas Cabeceiras do Turvo e Turvinho, onde nos \u00faltimos anos, a incid\u00eancia de queimadas vem diminuindo, o resultado \u00e9 a vegeta\u00e7\u00e3o crescida nos topos de morro, que nesta \u00e9poca do ano segura boa parte das chuvas que tem ca\u00eddo [&hellip;]<\/p>\n","protected":false},"author":1,"featured_media":39935,"comment_status":"open","ping_status":"open","sticky":false,"template":"","format":"video","meta":[],"categories":[21,69],"tags":[],"_links":{"self":[{"href":"http:\/\/www.portalmantena.com.br\/novo\/index.php?rest_route=\/wp\/v2\/posts\/39933"}],"collection":[{"href":"http:\/\/www.portalmantena.com.br\/novo\/index.php?rest_route=\/wp\/v2\/posts"}],"about":[{"href":"http:\/\/www.portalmantena.com.br\/novo\/index.php?rest_route=\/wp\/v2\/types\/post"}],"author":[{"embeddable":true,"href":"http:\/\/www.portalmantena.com.br\/novo\/index.php?rest_route=\/wp\/v2\/users\/1"}],"replies":[{"embeddable":true,"href":"http:\/\/www.portalmantena.com.br\/novo\/index.php?rest_route=%2Fwp%2Fv2%2Fcomments&post=39933"}],"version-history":[{"count":4,"href":"http:\/\/www.portalmantena.com.br\/novo\/index.php?rest_route=\/wp\/v2\/posts\/39933\/revisions"}],"predecessor-version":[{"id":39938,"href":"http:\/\/www.portalmantena.com.br\/novo\/index.php?rest_route=\/wp\/v2\/posts\/39933\/revisions\/39938"}],"wp:featuredmedia":[{"embeddable":true,"href":"http:\/\/www.portalmantena.com.br\/novo\/index.php?rest_route=\/wp\/v2\/media\/39935"}],"wp:attachment":[{"href":"http:\/\/www.portalmantena.com.br\/novo\/index.php?rest_route=%2Fwp%2Fv2%2Fmedia&parent=39933"}],"wp:term":[{"taxonomy":"category","embeddable":true,"href":"http:\/\/www.portalmantena.com.br\/novo\/index.php?rest_route=%2Fwp%2Fv2%2Fcategories&post=39933"},{"taxonomy":"post_tag","embeddable":true,"href":"http:\/\/www.portalmantena.com.br\/novo\/index.php?rest_route=%2Fwp%2Fv2%2Ftags&post=39933"}],"curies":[{"name":"wp","href":"https:\/\/api.w.org\/{rel}","templated":true}]}}