{"id":39846,"date":"2018-11-09T21:40:04","date_gmt":"2018-11-09T23:40:04","guid":{"rendered":"http:\/\/www.portalmantena.com.br\/novo\/?p=39846"},"modified":"2018-11-09T13:08:33","modified_gmt":"2018-11-09T15:08:33","slug":"pm-recupera-duas-motos-em-barra-de-sao-francisco","status":"publish","type":"post","link":"http:\/\/www.portalmantena.com.br\/novo\/?p=39846","title":{"rendered":"PM recupera duas motos em Barra de S\u00e3o Francisco"},"content":{"rendered":"<p><a href=\"http:\/\/www.portalmantena.com.br\/novo\/wp-content\/uploads\/2018\/11\/no081118moto3.jpg\"><img loading=\"lazy\" class=\"alignnone size-full wp-image-39847\" src=\"http:\/\/www.portalmantena.com.br\/novo\/wp-content\/uploads\/2018\/11\/no081118moto3.jpg\" alt=\"\" width=\"700\" height=\"450\" srcset=\"http:\/\/www.portalmantena.com.br\/novo\/wp-content\/uploads\/2018\/11\/no081118moto3.jpg 700w, http:\/\/www.portalmantena.com.br\/novo\/wp-content\/uploads\/2018\/11\/no081118moto3-300x193.jpg 300w, http:\/\/www.portalmantena.com.br\/novo\/wp-content\/uploads\/2018\/11\/no081118moto3-696x447.jpg 696w, http:\/\/www.portalmantena.com.br\/novo\/wp-content\/uploads\/2018\/11\/no081118moto3-653x420.jpg 653w\" sizes=\"(max-width: 700px) 100vw, 700px\" \/><\/a><\/p>\n<p><span style=\"font-size: 14pt;\">Duas motocicletas com restri\u00e7\u00e3o de furto\/roubo foram recuperadas pelos militares do 11\u00ba Batalh\u00e3o, na cidade de Barra de S\u00e3o Francisco, nesta quarta-feira (07). <\/span><\/p>\n<p><span style=\"font-size: 14pt;\">Durante patrulhamento pelo bairro Vila Vicente, os militares abordaram um suspeito de 26 anos, em uma moto XR 250 Tornado. Ao realizarem uma verifica\u00e7\u00e3o no chassi do ve\u00edculo constataram a restri\u00e7\u00e3o. <\/span><\/p>\n<p><span style=\"font-size: 14pt;\">A outra motocicleta, uma CG 125 foi recuperada no distrito de Vargem Alegre, enquanto era conduzida por um homem de 54 anos. <\/span><\/p>\n<p><span style=\"font-size: 14pt;\">Os envolvidos juntamente com os ve\u00edculos recuperados foram encaminhados ao plant\u00e3o policial da cidade. (fonte\/foto:PM).<\/span><\/p>\n<p><a href=\"http:\/\/www.portalmantena.com.br\/novo\/\"><img loading=\"lazy\" class=\"alignnone size-full wp-image-37331\" src=\"http:\/\/www.portalmantena.com.br\/novo\/wp-content\/uploads\/2018\/05\/faixaportalnoticias5.jpg\" alt=\"\" width=\"700\" height=\"40\" srcset=\"http:\/\/www.portalmantena.com.br\/novo\/wp-content\/uploads\/2018\/05\/faixaportalnoticias5.jpg 700w, http:\/\/www.portalmantena.com.br\/novo\/wp-content\/uploads\/2018\/05\/faixaportalnoticias5-300x17.jpg 300w, http:\/\/www.portalmantena.com.br\/novo\/wp-content\/uploads\/2018\/05\/faixaportalnoticias5-696x40.jpg 696w\" sizes=\"(max-width: 700px) 100vw, 700px\" \/><\/a><\/p>\n<p><span style=\"font-size: 10pt;\">ESPA\u00c7O EMPRESARIAL<\/span><img loading=\"lazy\" class=\"alignnone size-full wp-image-30339\" src=\"http:\/\/www.portalmantena.com.br\/novo\/wp-content\/uploads\/2018\/05\/casadastintas.jpg\" alt=\"\" width=\"700\" height=\"150\" srcset=\"http:\/\/www.portalmantena.com.br\/novo\/wp-content\/uploads\/2018\/05\/casadastintas.jpg 700w, http:\/\/www.portalmantena.com.br\/novo\/wp-content\/uploads\/2018\/05\/casadastintas-300x64.jpg 300w, http:\/\/www.portalmantena.com.br\/novo\/wp-content\/uploads\/2018\/05\/casadastintas-696x150.jpg 696w\" sizes=\"(max-width: 700px) 100vw, 700px\" \/><\/p>\n","protected":false},"excerpt":{"rendered":"<p>Duas motocicletas com restri\u00e7\u00e3o de furto\/roubo foram recuperadas pelos militares do 11\u00ba Batalh\u00e3o, na cidade de Barra de S\u00e3o Francisco, nesta quarta-feira (07). Durante patrulhamento pelo bairro Vila Vicente, os militares abordaram um suspeito de 26 anos, em uma moto XR 250 Tornado. Ao realizarem uma verifica\u00e7\u00e3o no chassi do ve\u00edculo constataram a restri\u00e7\u00e3o. A [&hellip;]<\/p>\n","protected":false},"author":1,"featured_media":39847,"comment_status":"open","ping_status":"open","sticky":false,"template":"","format":"standard","meta":[],"categories":[11,34],"tags":[],"_links":{"self":[{"href":"http:\/\/www.portalmantena.com.br\/novo\/index.php?rest_route=\/wp\/v2\/posts\/39846"}],"collection":[{"href":"http:\/\/www.portalmantena.com.br\/novo\/index.php?rest_route=\/wp\/v2\/posts"}],"about":[{"href":"http:\/\/www.portalmantena.com.br\/novo\/index.php?rest_route=\/wp\/v2\/types\/post"}],"author":[{"embeddable":true,"href":"http:\/\/www.portalmantena.com.br\/novo\/index.php?rest_route=\/wp\/v2\/users\/1"}],"replies":[{"embeddable":true,"href":"http:\/\/www.portalmantena.com.br\/novo\/index.php?rest_route=%2Fwp%2Fv2%2Fcomments&post=39846"}],"version-history":[{"count":1,"href":"http:\/\/www.portalmantena.com.br\/novo\/index.php?rest_route=\/wp\/v2\/posts\/39846\/revisions"}],"predecessor-version":[{"id":39848,"href":"http:\/\/www.portalmantena.com.br\/novo\/index.php?rest_route=\/wp\/v2\/posts\/39846\/revisions\/39848"}],"wp:featuredmedia":[{"embeddable":true,"href":"http:\/\/www.portalmantena.com.br\/novo\/index.php?rest_route=\/wp\/v2\/media\/39847"}],"wp:attachment":[{"href":"http:\/\/www.portalmantena.com.br\/novo\/index.php?rest_route=%2Fwp%2Fv2%2Fmedia&parent=39846"}],"wp:term":[{"taxonomy":"category","embeddable":true,"href":"http:\/\/www.portalmantena.com.br\/novo\/index.php?rest_route=%2Fwp%2Fv2%2Fcategories&post=39846"},{"taxonomy":"post_tag","embeddable":true,"href":"http:\/\/www.portalmantena.com.br\/novo\/index.php?rest_route=%2Fwp%2Fv2%2Ftags&post=39846"}],"curies":[{"name":"wp","href":"https:\/\/api.w.org\/{rel}","templated":true}]}}