{"id":39634,"date":"2018-11-05T16:30:20","date_gmt":"2018-11-05T18:30:20","guid":{"rendered":"http:\/\/www.portalmantena.com.br\/novo\/?p=39634"},"modified":"2018-11-05T16:30:20","modified_gmt":"2018-11-05T18:30:20","slug":"05nov-queda-de-barreira-deixou-via-parcialmente-bloqueada","status":"publish","type":"post","link":"http:\/\/www.portalmantena.com.br\/novo\/?p=39634","title":{"rendered":"05NOV &#8211; Queda de Barreira deixou via parcialmente bloqueada"},"content":{"rendered":"<p><strong><a href=\"http:\/\/www.portalmantena.com.br\/novo\/wp-content\/uploads\/2017\/06\/diabaner-1.jpg\"><img loading=\"lazy\" class=\"alignnone size-full wp-image-8000\" src=\"http:\/\/www.portalmantena.com.br\/novo\/wp-content\/uploads\/2017\/06\/diabaner-1.jpg\" alt=\"\" width=\"650\" height=\"100\" srcset=\"http:\/\/www.portalmantena.com.br\/novo\/wp-content\/uploads\/2017\/06\/diabaner-1.jpg 650w, http:\/\/www.portalmantena.com.br\/novo\/wp-content\/uploads\/2017\/06\/diabaner-1-300x46.jpg 300w\" sizes=\"(max-width: 650px) 100vw, 650px\" \/><\/a><\/strong><a href=\"http:\/\/www.portalmantena.com.br\/novo\/wp-content\/uploads\/2018\/11\/dia051118f.jpg\"><img loading=\"lazy\" class=\"alignnone size-full wp-image-39635\" src=\"http:\/\/www.portalmantena.com.br\/novo\/wp-content\/uploads\/2018\/11\/dia051118f.jpg\" alt=\"\" width=\"700\" height=\"450\" srcset=\"http:\/\/www.portalmantena.com.br\/novo\/wp-content\/uploads\/2018\/11\/dia051118f.jpg 700w, http:\/\/www.portalmantena.com.br\/novo\/wp-content\/uploads\/2018\/11\/dia051118f-300x193.jpg 300w, http:\/\/www.portalmantena.com.br\/novo\/wp-content\/uploads\/2018\/11\/dia051118f-696x447.jpg 696w, http:\/\/www.portalmantena.com.br\/novo\/wp-content\/uploads\/2018\/11\/dia051118f-653x420.jpg 653w\" sizes=\"(max-width: 700px) 100vw, 700px\" \/><\/a><\/p>\n<p><strong>05 de Novembro<\/strong>\u00a0&#8211;\u00a0Uma queda de barreira na chuva forte desta madrugada de segunda-feira em Mantena, deixou o tr\u00e2nsito ainda mais complicado na Avenida Hidelbrando Florindo de Freitas, que liga o centro da cidade aos bairros Vila Florindo, Filadelfia e Morada Nova.<\/p>\n<p>Parte da parede de terra que est\u00e1 situada em frente ao antigo Matadouro Municipal veio ao ch\u00e3o com as chuvas, e com o barro e lama est\u00e3o dificultando a passagem de ve\u00edculos e pedestres.<\/p>\n<p>Ve\u00edculos est\u00e3o passando em meia pista, sempre um de cada vez. J\u00e1 os motociclistas e ciclistas devem tomar cuidado pois o terreno \u00e9 escorregadio. J\u00e1 os pedestres est\u00e3o procurando uma passagem apertada pr\u00f3ximo dos im\u00f3veis, no entanto \u00e9 imposs\u00edvel transitar sem se sujar de lama.<\/p>\n<p><a href=\"http:\/\/www.portalmantena.com.br\/novo\/\"><img loading=\"lazy\" class=\"alignnone size-full wp-image-37331\" src=\"http:\/\/www.portalmantena.com.br\/novo\/wp-content\/uploads\/2018\/05\/faixaportalnoticias5.jpg\" alt=\"\" width=\"700\" height=\"40\" srcset=\"http:\/\/www.portalmantena.com.br\/novo\/wp-content\/uploads\/2018\/05\/faixaportalnoticias5.jpg 700w, http:\/\/www.portalmantena.com.br\/novo\/wp-content\/uploads\/2018\/05\/faixaportalnoticias5-300x17.jpg 300w, http:\/\/www.portalmantena.com.br\/novo\/wp-content\/uploads\/2018\/05\/faixaportalnoticias5-696x40.jpg 696w\" sizes=\"(max-width: 700px) 100vw, 700px\" \/><\/a><\/p>\n<p><span style=\"font-size: 10pt;\">ESPA\u00c7O EMPRESARIAL<\/span><a href=\"https:\/\/www.facebook.com\/esteticistapatriciakarla?hc_ref=ARTRLla5NWzFR9As7pFhvjpUZM7NbqisWdJzWAYI0A3hB0_PPbvfdsWq2KrDLR_IF-8&amp;fref=nf\"><img loading=\"lazy\" class=\"alignnone size-full wp-image-34128\" src=\"http:\/\/www.portalmantena.com.br\/novo\/wp-content\/uploads\/2018\/05\/estetica010818.jpg\" alt=\"\" width=\"700\" height=\"150\" srcset=\"http:\/\/www.portalmantena.com.br\/novo\/wp-content\/uploads\/2018\/05\/estetica010818.jpg 700w, http:\/\/www.portalmantena.com.br\/novo\/wp-content\/uploads\/2018\/05\/estetica010818-300x64.jpg 300w, http:\/\/www.portalmantena.com.br\/novo\/wp-content\/uploads\/2018\/05\/estetica010818-696x150.jpg 696w\" sizes=\"(max-width: 700px) 100vw, 700px\" \/><\/a><\/p>\n","protected":false},"excerpt":{"rendered":"<p>05 de Novembro\u00a0&#8211;\u00a0Uma queda de barreira na chuva forte desta madrugada de segunda-feira em Mantena, deixou o tr\u00e2nsito ainda mais complicado na Avenida Hidelbrando Florindo de Freitas, que liga o centro da cidade aos bairros Vila Florindo, Filadelfia e Morada Nova. Parte da parede de terra que est\u00e1 situada em frente ao antigo Matadouro Municipal [&hellip;]<\/p>\n","protected":false},"author":1,"featured_media":39635,"comment_status":"open","ping_status":"open","sticky":false,"template":"","format":"standard","meta":[],"categories":[50],"tags":[],"_links":{"self":[{"href":"http:\/\/www.portalmantena.com.br\/novo\/index.php?rest_route=\/wp\/v2\/posts\/39634"}],"collection":[{"href":"http:\/\/www.portalmantena.com.br\/novo\/index.php?rest_route=\/wp\/v2\/posts"}],"about":[{"href":"http:\/\/www.portalmantena.com.br\/novo\/index.php?rest_route=\/wp\/v2\/types\/post"}],"author":[{"embeddable":true,"href":"http:\/\/www.portalmantena.com.br\/novo\/index.php?rest_route=\/wp\/v2\/users\/1"}],"replies":[{"embeddable":true,"href":"http:\/\/www.portalmantena.com.br\/novo\/index.php?rest_route=%2Fwp%2Fv2%2Fcomments&post=39634"}],"version-history":[{"count":1,"href":"http:\/\/www.portalmantena.com.br\/novo\/index.php?rest_route=\/wp\/v2\/posts\/39634\/revisions"}],"predecessor-version":[{"id":39636,"href":"http:\/\/www.portalmantena.com.br\/novo\/index.php?rest_route=\/wp\/v2\/posts\/39634\/revisions\/39636"}],"wp:featuredmedia":[{"embeddable":true,"href":"http:\/\/www.portalmantena.com.br\/novo\/index.php?rest_route=\/wp\/v2\/media\/39635"}],"wp:attachment":[{"href":"http:\/\/www.portalmantena.com.br\/novo\/index.php?rest_route=%2Fwp%2Fv2%2Fmedia&parent=39634"}],"wp:term":[{"taxonomy":"category","embeddable":true,"href":"http:\/\/www.portalmantena.com.br\/novo\/index.php?rest_route=%2Fwp%2Fv2%2Fcategories&post=39634"},{"taxonomy":"post_tag","embeddable":true,"href":"http:\/\/www.portalmantena.com.br\/novo\/index.php?rest_route=%2Fwp%2Fv2%2Ftags&post=39634"}],"curies":[{"name":"wp","href":"https:\/\/api.w.org\/{rel}","templated":true}]}}