{"id":39553,"date":"2018-10-31T17:41:25","date_gmt":"2018-10-31T19:41:25","guid":{"rendered":"http:\/\/www.portalmantena.com.br\/novo\/?p=39553"},"modified":"2018-10-31T17:41:25","modified_gmt":"2018-10-31T19:41:25","slug":"7-gols-marcaram-a-ultima-rodada-do-grupo-b-do-regional","status":"publish","type":"post","link":"http:\/\/www.portalmantena.com.br\/novo\/?p=39553","title":{"rendered":"7 gols marcaram a \u00faltima rodada do Grupo B do regional"},"content":{"rendered":"<p><a href=\"http:\/\/www.portalmantena.com.br\/novo\/wp-content\/uploads\/2018\/10\/no311018futebol1.jpg\"><img loading=\"lazy\" class=\"alignnone size-full wp-image-39554\" src=\"http:\/\/www.portalmantena.com.br\/novo\/wp-content\/uploads\/2018\/10\/no311018futebol1.jpg\" alt=\"\" width=\"700\" height=\"450\" srcset=\"http:\/\/www.portalmantena.com.br\/novo\/wp-content\/uploads\/2018\/10\/no311018futebol1.jpg 700w, http:\/\/www.portalmantena.com.br\/novo\/wp-content\/uploads\/2018\/10\/no311018futebol1-300x193.jpg 300w, http:\/\/www.portalmantena.com.br\/novo\/wp-content\/uploads\/2018\/10\/no311018futebol1-696x447.jpg 696w, http:\/\/www.portalmantena.com.br\/novo\/wp-content\/uploads\/2018\/10\/no311018futebol1-653x420.jpg 653w\" sizes=\"(max-width: 700px) 100vw, 700px\" \/><\/a><span style=\"font-size: 10pt;\">Equipe do Independente de Divino das Laranjeiras<\/span><\/p>\n<p><span style=\"font-size: 14pt;\">Na noite desta ter\u00e7a-feira dia 30 de Outubro, aconteceu no Est\u00e1dio Municipal Rafael de Carvalho em Mantena, a \u00faltima rodada do Grupo B, do 2\u00ba Campeonato Regional de Futebol de Campo. <\/span><\/p>\n<p><span style=\"font-size: 14pt;\">No primeiro confronto da noite, o time do Uni\u00e3o de S\u00e3o Geraldo do Baixio, acabou fazendo um jogo muito igual com a equipe do Independente de Divino das Laranjeiras, e o resultado final ficou em 2 a 2. J\u00e1 no jogo de fundo, o time do Nacional de \u00c1gua Doce do Norte, acabou sendo goleado pelo Internacional de Vargem Grande pelo placar de 3 a 0. <\/span><\/p>\n<p><span style=\"font-size: 14pt;\">O time do Internacional \u00e9 um dos favoritos a realizar novamente um bom campeonato. Com os resultados desta noite de futebol, est\u00e3o classificados nesta chave as equipes do Internacional e o Independente de Divino das Laranjeiras. <\/span><\/p>\n<p><span style=\"font-size: 14pt;\">Novamente poucos mantenenses prestigiaram a noite de futebol em Mantena, a expectativa \u00e9 que o p\u00fablico compare\u00e7a em maior volume na pr\u00f3xima fase.<\/span><\/p>\n<p><a href=\"http:\/\/www.portalmantena.com.br\/novo\/wp-content\/uploads\/2018\/10\/no311018futebol2.jpg\"><img loading=\"lazy\" class=\"alignnone size-full wp-image-39555\" src=\"http:\/\/www.portalmantena.com.br\/novo\/wp-content\/uploads\/2018\/10\/no311018futebol2.jpg\" alt=\"\" width=\"700\" height=\"450\" srcset=\"http:\/\/www.portalmantena.com.br\/novo\/wp-content\/uploads\/2018\/10\/no311018futebol2.jpg 700w, http:\/\/www.portalmantena.com.br\/novo\/wp-content\/uploads\/2018\/10\/no311018futebol2-300x193.jpg 300w, http:\/\/www.portalmantena.com.br\/novo\/wp-content\/uploads\/2018\/10\/no311018futebol2-696x447.jpg 696w, http:\/\/www.portalmantena.com.br\/novo\/wp-content\/uploads\/2018\/10\/no311018futebol2-653x420.jpg 653w\" sizes=\"(max-width: 700px) 100vw, 700px\" \/><\/a><span style=\"font-size: 10pt;\">Internacional de Vargem Grande<\/span><\/p>\n<p><a href=\"http:\/\/www.portalmantena.com.br\/novo\/\"><img loading=\"lazy\" class=\"alignnone size-full wp-image-37331\" src=\"http:\/\/www.portalmantena.com.br\/novo\/wp-content\/uploads\/2018\/05\/faixaportalnoticias5.jpg\" alt=\"\" width=\"700\" height=\"40\" srcset=\"http:\/\/www.portalmantena.com.br\/novo\/wp-content\/uploads\/2018\/05\/faixaportalnoticias5.jpg 700w, http:\/\/www.portalmantena.com.br\/novo\/wp-content\/uploads\/2018\/05\/faixaportalnoticias5-300x17.jpg 300w, http:\/\/www.portalmantena.com.br\/novo\/wp-content\/uploads\/2018\/05\/faixaportalnoticias5-696x40.jpg 696w\" sizes=\"(max-width: 700px) 100vw, 700px\" \/><\/a><\/p>\n<p><span style=\"font-size: 10pt;\">ESPA\u00c7O EMPRESARIAL<\/span><a href=\"https:\/\/www.facebook.com\/Tekol-Basic-1148561818529027\/\"><img src=\"http:\/\/www.portalmantena.com.br\/novo\/wp-content\/uploads\/2018\/08\/tekol210818b-1.jpg\" \/><\/a><\/p>\n","protected":false},"excerpt":{"rendered":"<p>Equipe do Independente de Divino das Laranjeiras Na noite desta ter\u00e7a-feira dia 30 de Outubro, aconteceu no Est\u00e1dio Municipal Rafael de Carvalho em Mantena, a \u00faltima rodada do Grupo B, do 2\u00ba Campeonato Regional de Futebol de Campo. No primeiro confronto da noite, o time do Uni\u00e3o de S\u00e3o Geraldo do Baixio, acabou fazendo um [&hellip;]<\/p>\n","protected":false},"author":1,"featured_media":39555,"comment_status":"open","ping_status":"open","sticky":false,"template":"","format":"standard","meta":[],"categories":[22],"tags":[],"_links":{"self":[{"href":"http:\/\/www.portalmantena.com.br\/novo\/index.php?rest_route=\/wp\/v2\/posts\/39553"}],"collection":[{"href":"http:\/\/www.portalmantena.com.br\/novo\/index.php?rest_route=\/wp\/v2\/posts"}],"about":[{"href":"http:\/\/www.portalmantena.com.br\/novo\/index.php?rest_route=\/wp\/v2\/types\/post"}],"author":[{"embeddable":true,"href":"http:\/\/www.portalmantena.com.br\/novo\/index.php?rest_route=\/wp\/v2\/users\/1"}],"replies":[{"embeddable":true,"href":"http:\/\/www.portalmantena.com.br\/novo\/index.php?rest_route=%2Fwp%2Fv2%2Fcomments&post=39553"}],"version-history":[{"count":1,"href":"http:\/\/www.portalmantena.com.br\/novo\/index.php?rest_route=\/wp\/v2\/posts\/39553\/revisions"}],"predecessor-version":[{"id":39556,"href":"http:\/\/www.portalmantena.com.br\/novo\/index.php?rest_route=\/wp\/v2\/posts\/39553\/revisions\/39556"}],"wp:featuredmedia":[{"embeddable":true,"href":"http:\/\/www.portalmantena.com.br\/novo\/index.php?rest_route=\/wp\/v2\/media\/39555"}],"wp:attachment":[{"href":"http:\/\/www.portalmantena.com.br\/novo\/index.php?rest_route=%2Fwp%2Fv2%2Fmedia&parent=39553"}],"wp:term":[{"taxonomy":"category","embeddable":true,"href":"http:\/\/www.portalmantena.com.br\/novo\/index.php?rest_route=%2Fwp%2Fv2%2Fcategories&post=39553"},{"taxonomy":"post_tag","embeddable":true,"href":"http:\/\/www.portalmantena.com.br\/novo\/index.php?rest_route=%2Fwp%2Fv2%2Ftags&post=39553"}],"curies":[{"name":"wp","href":"https:\/\/api.w.org\/{rel}","templated":true}]}}