{"id":39478,"date":"2018-10-30T16:06:49","date_gmt":"2018-10-30T18:06:49","guid":{"rendered":"http:\/\/www.portalmantena.com.br\/novo\/?p=39478"},"modified":"2018-10-30T16:06:49","modified_gmt":"2018-10-30T18:06:49","slug":"pm-aprende-duas-armas-de-fogo-em-patrulhamento","status":"publish","type":"post","link":"http:\/\/www.portalmantena.com.br\/novo\/?p=39478","title":{"rendered":"PM aprende duas armas de fogo em Patrulhamento"},"content":{"rendered":"<p><span style=\"font-size: 14pt;\">Nesta segunda-feira dia 29 de Outubro, a pol\u00edcia militar do munic\u00edpio de Resplendor\/MG, realizou a apreens\u00e3o de duas armas de fogo. <\/span><\/p>\n<p><span style=\"font-size: 14pt;\">A ocorr\u00eancia teve in\u00edcio com a informa\u00e7\u00e3o chegando at\u00e9 a PM, que em patrulhamento no distrito de Santa Rita do Itu\u00eato, localizou na casa do suspeito, duas armas de fogo, tipo polveira. <\/span><\/p>\n<p><span style=\"font-size: 14pt;\">As armas foram ent\u00e3o apreendidas no entanto o autor n\u00e3o foi encontrado.<\/span><\/p>\n<p><a href=\"http:\/\/www.portalmantena.com.br\/novo\/\"><img loading=\"lazy\" class=\"alignnone size-full wp-image-37331\" src=\"http:\/\/www.portalmantena.com.br\/novo\/wp-content\/uploads\/2018\/05\/faixaportalnoticias5.jpg\" alt=\"\" width=\"700\" height=\"40\" srcset=\"http:\/\/www.portalmantena.com.br\/novo\/wp-content\/uploads\/2018\/05\/faixaportalnoticias5.jpg 700w, http:\/\/www.portalmantena.com.br\/novo\/wp-content\/uploads\/2018\/05\/faixaportalnoticias5-300x17.jpg 300w, http:\/\/www.portalmantena.com.br\/novo\/wp-content\/uploads\/2018\/05\/faixaportalnoticias5-696x40.jpg 696w\" sizes=\"(max-width: 700px) 100vw, 700px\" \/><\/a><\/p>\n<p><span style=\"font-size: 10pt;\">ESPA\u00c7O EMPRESARIAL<\/span><a href=\"https:\/\/www.facebook.com\/redevalente\/\"><img loading=\"lazy\" class=\"alignnone size-full wp-image-29188\" src=\"http:\/\/www.portalmantena.com.br\/novo\/wp-content\/uploads\/2018\/05\/valentefaixa.jpg\" alt=\"\" width=\"700\" height=\"150\" srcset=\"http:\/\/www.portalmantena.com.br\/novo\/wp-content\/uploads\/2018\/05\/valentefaixa.jpg 700w, http:\/\/www.portalmantena.com.br\/novo\/wp-content\/uploads\/2018\/05\/valentefaixa-300x64.jpg 300w, http:\/\/www.portalmantena.com.br\/novo\/wp-content\/uploads\/2018\/05\/valentefaixa-696x150.jpg 696w\" sizes=\"(max-width: 700px) 100vw, 700px\" \/><\/a><\/p>\n","protected":false},"excerpt":{"rendered":"<p>Nesta segunda-feira dia 29 de Outubro, a pol\u00edcia militar do munic\u00edpio de Resplendor\/MG, realizou a apreens\u00e3o de duas armas de fogo. A ocorr\u00eancia teve in\u00edcio com a informa\u00e7\u00e3o chegando at\u00e9 a PM, que em patrulhamento no distrito de Santa Rita do Itu\u00eato, localizou na casa do suspeito, duas armas de fogo, tipo polveira. As armas [&hellip;]<\/p>\n","protected":false},"author":1,"featured_media":0,"comment_status":"open","ping_status":"open","sticky":false,"template":"","format":"standard","meta":[],"categories":[24],"tags":[],"_links":{"self":[{"href":"http:\/\/www.portalmantena.com.br\/novo\/index.php?rest_route=\/wp\/v2\/posts\/39478"}],"collection":[{"href":"http:\/\/www.portalmantena.com.br\/novo\/index.php?rest_route=\/wp\/v2\/posts"}],"about":[{"href":"http:\/\/www.portalmantena.com.br\/novo\/index.php?rest_route=\/wp\/v2\/types\/post"}],"author":[{"embeddable":true,"href":"http:\/\/www.portalmantena.com.br\/novo\/index.php?rest_route=\/wp\/v2\/users\/1"}],"replies":[{"embeddable":true,"href":"http:\/\/www.portalmantena.com.br\/novo\/index.php?rest_route=%2Fwp%2Fv2%2Fcomments&post=39478"}],"version-history":[{"count":1,"href":"http:\/\/www.portalmantena.com.br\/novo\/index.php?rest_route=\/wp\/v2\/posts\/39478\/revisions"}],"predecessor-version":[{"id":39479,"href":"http:\/\/www.portalmantena.com.br\/novo\/index.php?rest_route=\/wp\/v2\/posts\/39478\/revisions\/39479"}],"wp:attachment":[{"href":"http:\/\/www.portalmantena.com.br\/novo\/index.php?rest_route=%2Fwp%2Fv2%2Fmedia&parent=39478"}],"wp:term":[{"taxonomy":"category","embeddable":true,"href":"http:\/\/www.portalmantena.com.br\/novo\/index.php?rest_route=%2Fwp%2Fv2%2Fcategories&post=39478"},{"taxonomy":"post_tag","embeddable":true,"href":"http:\/\/www.portalmantena.com.br\/novo\/index.php?rest_route=%2Fwp%2Fv2%2Ftags&post=39478"}],"curies":[{"name":"wp","href":"https:\/\/api.w.org\/{rel}","templated":true}]}}