{"id":394,"date":"2017-02-02T23:05:25","date_gmt":"2017-02-02T23:05:25","guid":{"rendered":"http:\/\/www.portalmantena.com.br\/novo\/?p=394"},"modified":"2017-02-02T23:05:25","modified_gmt":"2017-02-02T23:05:25","slug":"lucas-silva-e-recebido-com-festa-por-cruzeirenses-em-aeroporto","status":"publish","type":"post","link":"http:\/\/www.portalmantena.com.br\/novo\/?p=394","title":{"rendered":"Lucas Silva \u00e9 recebido com festa por cruzeirenses em aeroporto"},"content":{"rendered":"<p><a href=\"http:\/\/www.portalmantena.com.br\/novo\/wp-content\/uploads\/2017\/02\/es010217jogador.jpg\"><img loading=\"lazy\" class=\"alignnone size-full wp-image-395\" src=\"http:\/\/www.portalmantena.com.br\/novo\/wp-content\/uploads\/2017\/02\/es010217jogador.jpg\" alt=\"\" width=\"650\" height=\"420\" srcset=\"http:\/\/www.portalmantena.com.br\/novo\/wp-content\/uploads\/2017\/02\/es010217jogador.jpg 650w, http:\/\/www.portalmantena.com.br\/novo\/wp-content\/uploads\/2017\/02\/es010217jogador-300x194.jpg 300w\" sizes=\"(max-width: 650px) 100vw, 650px\" \/><\/a><\/p>\n<p>&gt;&gt;&gt;A torcida do Cruzeiro deu, no fim da noite de ter\u00e7a-feira, uma clara demonstra\u00e7\u00e3o de que aprovou o retorno de Lucas Silva ao clube. Horas ap\u00f3s a diretoria confirmar a contrata\u00e7\u00e3o do volante, centenas de torcedores foram ao Aeroporto Internacional de Confins, nos arredores de Belo Horizonte, onde fizeram uma festiva recep\u00e7\u00e3o ao jogador. Lucas Silva foi carregado por um grupo deles e agradeceu o carinho, assegurando que seguiu acompanhando o Cruzeiro ap\u00f3s ser negociado com o Real Madrid no in\u00edcio de 2015.<\/p>\n<p>Ele espera ajudar o time a voltar a conquistas t\u00edtulos nessa nova passagem pela equipe mineira \u2013 foi emprestado pelo clube espanhol at\u00e9 30 de junho de 2018. \u201cAssim que deu tudo certo, fiquei bastante feliz. Quando comentei com minha fam\u00edlia e amigos pr\u00f3ximos, eles ficaram felizes tamb\u00e9m.<\/p>\n<p>O Cruzeiro \u00e9 minha casa, \u00e9 onde me sinto muito bem, onde tudo come\u00e7ou, onde minha vida profissional se iniciou e deslanchou. Fico feliz de voltar e ter esse carinho e reconhecimento. Espero corresponder dentro de campo\u201d, celebrou Lucas Silva. (fonte\/foto:band)<\/p>\n","protected":false},"excerpt":{"rendered":"<p>&gt;&gt;&gt;A torcida do Cruzeiro deu, no fim da noite de ter\u00e7a-feira, uma clara demonstra\u00e7\u00e3o de que aprovou o retorno de Lucas Silva ao clube. Horas ap\u00f3s a diretoria confirmar a contrata\u00e7\u00e3o do volante, centenas de torcedores foram ao Aeroporto Internacional de Confins, nos arredores de Belo Horizonte, onde fizeram uma festiva recep\u00e7\u00e3o ao jogador. Lucas [&hellip;]<\/p>\n","protected":false},"author":1,"featured_media":401,"comment_status":"open","ping_status":"open","sticky":false,"template":"","format":"standard","meta":[],"categories":[22],"tags":[],"_links":{"self":[{"href":"http:\/\/www.portalmantena.com.br\/novo\/index.php?rest_route=\/wp\/v2\/posts\/394"}],"collection":[{"href":"http:\/\/www.portalmantena.com.br\/novo\/index.php?rest_route=\/wp\/v2\/posts"}],"about":[{"href":"http:\/\/www.portalmantena.com.br\/novo\/index.php?rest_route=\/wp\/v2\/types\/post"}],"author":[{"embeddable":true,"href":"http:\/\/www.portalmantena.com.br\/novo\/index.php?rest_route=\/wp\/v2\/users\/1"}],"replies":[{"embeddable":true,"href":"http:\/\/www.portalmantena.com.br\/novo\/index.php?rest_route=%2Fwp%2Fv2%2Fcomments&post=394"}],"version-history":[{"count":1,"href":"http:\/\/www.portalmantena.com.br\/novo\/index.php?rest_route=\/wp\/v2\/posts\/394\/revisions"}],"predecessor-version":[{"id":402,"href":"http:\/\/www.portalmantena.com.br\/novo\/index.php?rest_route=\/wp\/v2\/posts\/394\/revisions\/402"}],"wp:featuredmedia":[{"embeddable":true,"href":"http:\/\/www.portalmantena.com.br\/novo\/index.php?rest_route=\/wp\/v2\/media\/401"}],"wp:attachment":[{"href":"http:\/\/www.portalmantena.com.br\/novo\/index.php?rest_route=%2Fwp%2Fv2%2Fmedia&parent=394"}],"wp:term":[{"taxonomy":"category","embeddable":true,"href":"http:\/\/www.portalmantena.com.br\/novo\/index.php?rest_route=%2Fwp%2Fv2%2Fcategories&post=394"},{"taxonomy":"post_tag","embeddable":true,"href":"http:\/\/www.portalmantena.com.br\/novo\/index.php?rest_route=%2Fwp%2Fv2%2Ftags&post=394"}],"curies":[{"name":"wp","href":"https:\/\/api.w.org\/{rel}","templated":true}]}}