{"id":39392,"date":"2018-10-29T18:18:06","date_gmt":"2018-10-29T20:18:06","guid":{"rendered":"http:\/\/www.portalmantena.com.br\/novo\/?p=39392"},"modified":"2018-10-30T12:06:44","modified_gmt":"2018-10-30T14:06:44","slug":"cartorio-eleitoral-da-169a-zona-conclui-trabalhos-com-exito","status":"publish","type":"post","link":"http:\/\/www.portalmantena.com.br\/novo\/?p=39392","title":{"rendered":"Cart\u00f3rio Eleitoral da 169\u00aa zona conclu\u00ed trabalhos com \u00eaxito"},"content":{"rendered":"<p><a href=\"http:\/\/www.portalmantena.com.br\/novo\/wp-content\/uploads\/2018\/10\/no291018eleitoral1.jpg\"><img loading=\"lazy\" class=\"alignnone size-full wp-image-39394\" src=\"http:\/\/www.portalmantena.com.br\/novo\/wp-content\/uploads\/2018\/10\/no291018eleitoral1.jpg\" alt=\"\" width=\"700\" height=\"450\" srcset=\"http:\/\/www.portalmantena.com.br\/novo\/wp-content\/uploads\/2018\/10\/no291018eleitoral1.jpg 700w, http:\/\/www.portalmantena.com.br\/novo\/wp-content\/uploads\/2018\/10\/no291018eleitoral1-300x193.jpg 300w, http:\/\/www.portalmantena.com.br\/novo\/wp-content\/uploads\/2018\/10\/no291018eleitoral1-696x447.jpg 696w, http:\/\/www.portalmantena.com.br\/novo\/wp-content\/uploads\/2018\/10\/no291018eleitoral1-653x420.jpg 653w\" sizes=\"(max-width: 700px) 100vw, 700px\" \/><\/a><\/p>\n<p><span style=\"font-size: 14pt;\">Os trabalhos realizados pela equipe do Cart\u00f3rio Eleitoral de Mantena nestas elei\u00e7\u00f5es 2018, tanto no 1\u00ba turno quanto no 2\u00ba, foi novamente positivo. <\/span><\/p>\n<p><span style=\"font-size: 14pt;\">Com tantas tarefas, e at\u00e9 mesmo diante de uma elei\u00e7\u00e3o completamente diferente das outras, onde a velocidade de informa\u00e7\u00e3o, a tecnologia e as temidas Fake News estavam presentes como ingredientes atuais, a transpar\u00eancia e a compet\u00eancia na realiza\u00e7\u00e3o de mais um pleito eleitoral sem transtornos, merece o reconhecimento da comunidade bem como das autoridades. <\/span><\/p>\n<p><span style=\"font-size: 14pt;\">A reda\u00e7\u00e3o do portalmantena acompanhou de perto o trabalho realizado pela 169\u00aa zona eleitoral, e nos dois turnos da elei\u00e7\u00e3o, toda equipe envolvida, desde o juiz eleitoral, promotor, chefe de cart\u00f3rio, funcion\u00e1rios e volunt\u00e1rios, se dedicaram ao m\u00e1ximo para a realiza\u00e7\u00e3o e conclus\u00e3o de mais um processo eleitoral de muita import\u00e2ncia para os brasileiros, e tudo correu dentro da normalidade. <\/span><\/p>\n<p><span style=\"font-size: 14pt;\">Segundo informa\u00e7\u00f5es obtidas junto ao cart\u00f3rio eleitoral, neste segundo turno os trabalhos foram ainda mais tranquilos que no 1\u00ba. \u00a0A zona 169, \u00e9 respons\u00e1vel por 151 se\u00e7\u00f5es eleitorais, e neste 2\u00ba turno apenas 3 urnas necessitaram ser substitu\u00eddas sendo uma delas em Mantena (na Escola Zilda Pinheiro), outra na cidade de Itabirinha, e a terceira em Floresta, distrito do munic\u00edpio de Central de Minas. <\/span><\/p>\n<p><span style=\"font-size: 14pt;\">Mais um pleito conclu\u00eddo com \u00eaxito em Mantena e outros munic\u00edpios da regi\u00e3o, em nome da democracia.<\/span><\/p>\n<p><a href=\"http:\/\/www.portalmantena.com.br\/novo\/wp-content\/uploads\/2018\/10\/no291018eleitoral2.jpg\"><img loading=\"lazy\" class=\"alignnone size-full wp-image-39395\" src=\"http:\/\/www.portalmantena.com.br\/novo\/wp-content\/uploads\/2018\/10\/no291018eleitoral2.jpg\" alt=\"\" width=\"700\" height=\"450\" srcset=\"http:\/\/www.portalmantena.com.br\/novo\/wp-content\/uploads\/2018\/10\/no291018eleitoral2.jpg 700w, http:\/\/www.portalmantena.com.br\/novo\/wp-content\/uploads\/2018\/10\/no291018eleitoral2-300x193.jpg 300w, http:\/\/www.portalmantena.com.br\/novo\/wp-content\/uploads\/2018\/10\/no291018eleitoral2-696x447.jpg 696w, http:\/\/www.portalmantena.com.br\/novo\/wp-content\/uploads\/2018\/10\/no291018eleitoral2-653x420.jpg 653w\" sizes=\"(max-width: 700px) 100vw, 700px\" \/><\/a> <a href=\"http:\/\/www.portalmantena.com.br\/novo\/wp-content\/uploads\/2018\/10\/no291018eleitoral3.jpg\"><img loading=\"lazy\" class=\"alignnone size-full wp-image-39396\" src=\"http:\/\/www.portalmantena.com.br\/novo\/wp-content\/uploads\/2018\/10\/no291018eleitoral3.jpg\" alt=\"\" width=\"700\" height=\"450\" srcset=\"http:\/\/www.portalmantena.com.br\/novo\/wp-content\/uploads\/2018\/10\/no291018eleitoral3.jpg 700w, http:\/\/www.portalmantena.com.br\/novo\/wp-content\/uploads\/2018\/10\/no291018eleitoral3-300x193.jpg 300w, http:\/\/www.portalmantena.com.br\/novo\/wp-content\/uploads\/2018\/10\/no291018eleitoral3-696x447.jpg 696w, http:\/\/www.portalmantena.com.br\/novo\/wp-content\/uploads\/2018\/10\/no291018eleitoral3-653x420.jpg 653w\" sizes=\"(max-width: 700px) 100vw, 700px\" \/><\/a> <a href=\"http:\/\/www.portalmantena.com.br\/novo\/wp-content\/uploads\/2018\/10\/no291018eleitoral4.jpg\"><img loading=\"lazy\" class=\"alignnone size-full wp-image-39397\" src=\"http:\/\/www.portalmantena.com.br\/novo\/wp-content\/uploads\/2018\/10\/no291018eleitoral4.jpg\" alt=\"\" width=\"700\" height=\"450\" srcset=\"http:\/\/www.portalmantena.com.br\/novo\/wp-content\/uploads\/2018\/10\/no291018eleitoral4.jpg 700w, http:\/\/www.portalmantena.com.br\/novo\/wp-content\/uploads\/2018\/10\/no291018eleitoral4-300x193.jpg 300w, http:\/\/www.portalmantena.com.br\/novo\/wp-content\/uploads\/2018\/10\/no291018eleitoral4-696x447.jpg 696w, http:\/\/www.portalmantena.com.br\/novo\/wp-content\/uploads\/2018\/10\/no291018eleitoral4-653x420.jpg 653w\" sizes=\"(max-width: 700px) 100vw, 700px\" \/><\/a><\/p>\n<p><a href=\"http:\/\/www.portalmantena.com.br\/novo\/\"><img loading=\"lazy\" class=\"alignnone size-full wp-image-37331\" src=\"http:\/\/www.portalmantena.com.br\/novo\/wp-content\/uploads\/2018\/05\/faixaportalnoticias5.jpg\" alt=\"\" width=\"700\" height=\"40\" srcset=\"http:\/\/www.portalmantena.com.br\/novo\/wp-content\/uploads\/2018\/05\/faixaportalnoticias5.jpg 700w, http:\/\/www.portalmantena.com.br\/novo\/wp-content\/uploads\/2018\/05\/faixaportalnoticias5-300x17.jpg 300w, http:\/\/www.portalmantena.com.br\/novo\/wp-content\/uploads\/2018\/05\/faixaportalnoticias5-696x40.jpg 696w\" sizes=\"(max-width: 700px) 100vw, 700px\" \/><\/a><\/p>\n<p><span style=\"font-size: 10pt;\">ESPA\u00c7O EMPRESARIAL<\/span><a href=\"http:\/\/www.portalmantena.com.br\/novo\/wp-content\/uploads\/2018\/05\/postoterraboa.jpg\"><img loading=\"lazy\" class=\"alignnone size-full wp-image-29172\" src=\"http:\/\/www.portalmantena.com.br\/novo\/wp-content\/uploads\/2018\/05\/postoterraboa.jpg\" alt=\"\" width=\"700\" height=\"150\" srcset=\"http:\/\/www.portalmantena.com.br\/novo\/wp-content\/uploads\/2018\/05\/postoterraboa.jpg 700w, http:\/\/www.portalmantena.com.br\/novo\/wp-content\/uploads\/2018\/05\/postoterraboa-300x64.jpg 300w, http:\/\/www.portalmantena.com.br\/novo\/wp-content\/uploads\/2018\/05\/postoterraboa-696x150.jpg 696w\" sizes=\"(max-width: 700px) 100vw, 700px\" \/><\/a><\/p>\n","protected":false},"excerpt":{"rendered":"<p>Os trabalhos realizados pela equipe do Cart\u00f3rio Eleitoral de Mantena nestas elei\u00e7\u00f5es 2018, tanto no 1\u00ba turno quanto no 2\u00ba, foi novamente positivo. Com tantas tarefas, e at\u00e9 mesmo diante de uma elei\u00e7\u00e3o completamente diferente das outras, onde a velocidade de informa\u00e7\u00e3o, a tecnologia e as temidas Fake News estavam presentes como ingredientes atuais, a [&hellip;]<\/p>\n","protected":false},"author":1,"featured_media":39394,"comment_status":"open","ping_status":"open","sticky":false,"template":"","format":"standard","meta":[],"categories":[36,11],"tags":[],"_links":{"self":[{"href":"http:\/\/www.portalmantena.com.br\/novo\/index.php?rest_route=\/wp\/v2\/posts\/39392"}],"collection":[{"href":"http:\/\/www.portalmantena.com.br\/novo\/index.php?rest_route=\/wp\/v2\/posts"}],"about":[{"href":"http:\/\/www.portalmantena.com.br\/novo\/index.php?rest_route=\/wp\/v2\/types\/post"}],"author":[{"embeddable":true,"href":"http:\/\/www.portalmantena.com.br\/novo\/index.php?rest_route=\/wp\/v2\/users\/1"}],"replies":[{"embeddable":true,"href":"http:\/\/www.portalmantena.com.br\/novo\/index.php?rest_route=%2Fwp%2Fv2%2Fcomments&post=39392"}],"version-history":[{"count":1,"href":"http:\/\/www.portalmantena.com.br\/novo\/index.php?rest_route=\/wp\/v2\/posts\/39392\/revisions"}],"predecessor-version":[{"id":39398,"href":"http:\/\/www.portalmantena.com.br\/novo\/index.php?rest_route=\/wp\/v2\/posts\/39392\/revisions\/39398"}],"wp:featuredmedia":[{"embeddable":true,"href":"http:\/\/www.portalmantena.com.br\/novo\/index.php?rest_route=\/wp\/v2\/media\/39394"}],"wp:attachment":[{"href":"http:\/\/www.portalmantena.com.br\/novo\/index.php?rest_route=%2Fwp%2Fv2%2Fmedia&parent=39392"}],"wp:term":[{"taxonomy":"category","embeddable":true,"href":"http:\/\/www.portalmantena.com.br\/novo\/index.php?rest_route=%2Fwp%2Fv2%2Fcategories&post=39392"},{"taxonomy":"post_tag","embeddable":true,"href":"http:\/\/www.portalmantena.com.br\/novo\/index.php?rest_route=%2Fwp%2Fv2%2Ftags&post=39392"}],"curies":[{"name":"wp","href":"https:\/\/api.w.org\/{rel}","templated":true}]}}