{"id":39383,"date":"2018-10-29T18:57:19","date_gmt":"2018-10-29T20:57:19","guid":{"rendered":"http:\/\/www.portalmantena.com.br\/novo\/?p=39383"},"modified":"2018-10-29T15:17:54","modified_gmt":"2018-10-29T17:17:54","slug":"amigos-se-reunem-em-mantena-para-ver-apuracao-dos-votos","status":"publish","type":"post","link":"http:\/\/www.portalmantena.com.br\/novo\/?p=39383","title":{"rendered":"Amigos se re\u00fanem em Mantena para ver a Apura\u00e7\u00e3o"},"content":{"rendered":"<p><a href=\"http:\/\/www.portalmantena.com.br\/novo\/wp-content\/uploads\/2018\/10\/vi291018telao1.jpg\"><img loading=\"lazy\" class=\"alignnone size-full wp-image-39388\" src=\"http:\/\/www.portalmantena.com.br\/novo\/wp-content\/uploads\/2018\/10\/vi291018telao1.jpg\" alt=\"\" width=\"700\" height=\"450\" srcset=\"http:\/\/www.portalmantena.com.br\/novo\/wp-content\/uploads\/2018\/10\/vi291018telao1.jpg 700w, http:\/\/www.portalmantena.com.br\/novo\/wp-content\/uploads\/2018\/10\/vi291018telao1-300x193.jpg 300w, http:\/\/www.portalmantena.com.br\/novo\/wp-content\/uploads\/2018\/10\/vi291018telao1-696x447.jpg 696w, http:\/\/www.portalmantena.com.br\/novo\/wp-content\/uploads\/2018\/10\/vi291018telao1-653x420.jpg 653w\" sizes=\"(max-width: 700px) 100vw, 700px\" \/><\/a><span style=\"font-size: 10pt;\">Na foto acima os mantenenses: Rafael Animal, Johon Lan\u00e7a, Rafael, Giovane e Del.<\/span><\/p>\n<p><span style=\"font-size: 14pt;\">Amigos mantenenses se reuniram na tarde deste domingo, para acompanhar a apura\u00e7\u00e3o dos votos para Presidente do Brasil, na pra\u00e7a Fernandes Filho no centro em Mantena. <\/span><\/p>\n<p><span style=\"font-size: 14pt;\">Em um trecho da avenida Jos\u00e9 Mol (que foi interditado), um tel\u00e3o em alta defini\u00e7\u00e3o foi montado. <\/span><\/p>\n<p><span style=\"font-size: 14pt;\">Momentos de expectativa e tamb\u00e9m de poder reencontrar amigos, bater aquele bom papo, discutir pol\u00edtica \u00e9 claro, mas tudo de forma sadia e democr\u00e1tica.<\/span><\/p>\n<p><a href=\"http:\/\/www.portalmantena.com.br\/novo\/wp-content\/uploads\/2018\/10\/vi291018telao2.jpg\"><img loading=\"lazy\" class=\"alignnone size-full wp-image-39389\" src=\"http:\/\/www.portalmantena.com.br\/novo\/wp-content\/uploads\/2018\/10\/vi291018telao2.jpg\" alt=\"\" width=\"700\" height=\"450\" srcset=\"http:\/\/www.portalmantena.com.br\/novo\/wp-content\/uploads\/2018\/10\/vi291018telao2.jpg 700w, http:\/\/www.portalmantena.com.br\/novo\/wp-content\/uploads\/2018\/10\/vi291018telao2-300x193.jpg 300w, http:\/\/www.portalmantena.com.br\/novo\/wp-content\/uploads\/2018\/10\/vi291018telao2-696x447.jpg 696w, http:\/\/www.portalmantena.com.br\/novo\/wp-content\/uploads\/2018\/10\/vi291018telao2-653x420.jpg 653w\" sizes=\"(max-width: 700px) 100vw, 700px\" \/><\/a><\/p>\n<p><a href=\"http:\/\/www.portalmantena.com.br\/novo\/\"><img loading=\"lazy\" class=\"alignnone size-full wp-image-37296\" src=\"http:\/\/www.portalmantena.com.br\/novo\/wp-content\/uploads\/2018\/05\/faixavitrine2.jpg\" alt=\"\" width=\"700\" height=\"40\" srcset=\"http:\/\/www.portalmantena.com.br\/novo\/wp-content\/uploads\/2018\/05\/faixavitrine2.jpg 700w, http:\/\/www.portalmantena.com.br\/novo\/wp-content\/uploads\/2018\/05\/faixavitrine2-300x17.jpg 300w, http:\/\/www.portalmantena.com.br\/novo\/wp-content\/uploads\/2018\/05\/faixavitrine2-696x40.jpg 696w\" sizes=\"(max-width: 700px) 100vw, 700px\" \/><\/a><\/p>\n<p><span style=\"font-size: 10pt;\">ESPA\u00c7O EMPRESARIAL<\/span><a href=\"http:\/\/www.portalmantena.com.br\/novo\/?p=34494\"><img src=\"http:\/\/www.portalmantena.com.br\/novo\/wp-content\/uploads\/2018\/10\/universal151018.jpg\" \/><\/a><\/p>\n","protected":false},"excerpt":{"rendered":"<p>Na foto acima os mantenenses: Rafael Animal, Johon Lan\u00e7a, Rafael, Giovane e Del. Amigos mantenenses se reuniram na tarde deste domingo, para acompanhar a apura\u00e7\u00e3o dos votos para Presidente do Brasil, na pra\u00e7a Fernandes Filho no centro em Mantena. Em um trecho da avenida Jos\u00e9 Mol (que foi interditado), um tel\u00e3o em alta defini\u00e7\u00e3o foi [&hellip;]<\/p>\n","protected":false},"author":1,"featured_media":39388,"comment_status":"open","ping_status":"open","sticky":false,"template":"","format":"standard","meta":[],"categories":[7],"tags":[],"_links":{"self":[{"href":"http:\/\/www.portalmantena.com.br\/novo\/index.php?rest_route=\/wp\/v2\/posts\/39383"}],"collection":[{"href":"http:\/\/www.portalmantena.com.br\/novo\/index.php?rest_route=\/wp\/v2\/posts"}],"about":[{"href":"http:\/\/www.portalmantena.com.br\/novo\/index.php?rest_route=\/wp\/v2\/types\/post"}],"author":[{"embeddable":true,"href":"http:\/\/www.portalmantena.com.br\/novo\/index.php?rest_route=\/wp\/v2\/users\/1"}],"replies":[{"embeddable":true,"href":"http:\/\/www.portalmantena.com.br\/novo\/index.php?rest_route=%2Fwp%2Fv2%2Fcomments&post=39383"}],"version-history":[{"count":2,"href":"http:\/\/www.portalmantena.com.br\/novo\/index.php?rest_route=\/wp\/v2\/posts\/39383\/revisions"}],"predecessor-version":[{"id":39391,"href":"http:\/\/www.portalmantena.com.br\/novo\/index.php?rest_route=\/wp\/v2\/posts\/39383\/revisions\/39391"}],"wp:featuredmedia":[{"embeddable":true,"href":"http:\/\/www.portalmantena.com.br\/novo\/index.php?rest_route=\/wp\/v2\/media\/39388"}],"wp:attachment":[{"href":"http:\/\/www.portalmantena.com.br\/novo\/index.php?rest_route=%2Fwp%2Fv2%2Fmedia&parent=39383"}],"wp:term":[{"taxonomy":"category","embeddable":true,"href":"http:\/\/www.portalmantena.com.br\/novo\/index.php?rest_route=%2Fwp%2Fv2%2Fcategories&post=39383"},{"taxonomy":"post_tag","embeddable":true,"href":"http:\/\/www.portalmantena.com.br\/novo\/index.php?rest_route=%2Fwp%2Fv2%2Ftags&post=39383"}],"curies":[{"name":"wp","href":"https:\/\/api.w.org\/{rel}","templated":true}]}}