{"id":39380,"date":"2018-10-29T14:18:36","date_gmt":"2018-10-29T16:18:36","guid":{"rendered":"http:\/\/www.portalmantena.com.br\/novo\/?p=39380"},"modified":"2018-10-29T14:18:36","modified_gmt":"2018-10-29T16:18:36","slug":"cotacao-do-dolar-despencou-a-r-358-apos-vitoria-de-bolsonaro","status":"publish","type":"post","link":"http:\/\/www.portalmantena.com.br\/novo\/?p=39380","title":{"rendered":"Cota\u00e7\u00e3o do d\u00f3lar despencou a R$ 3,58 ap\u00f3s vit\u00f3ria de Bolsonaro"},"content":{"rendered":"<p><a href=\"http:\/\/www.portalmantena.com.br\/novo\/wp-content\/uploads\/2018\/10\/dolar2-1.jpg\"><img loading=\"lazy\" class=\"alignnone size-full wp-image-39381\" src=\"http:\/\/www.portalmantena.com.br\/novo\/wp-content\/uploads\/2018\/10\/dolar2-1.jpg\" alt=\"\" width=\"700\" height=\"450\" srcset=\"http:\/\/www.portalmantena.com.br\/novo\/wp-content\/uploads\/2018\/10\/dolar2-1.jpg 700w, http:\/\/www.portalmantena.com.br\/novo\/wp-content\/uploads\/2018\/10\/dolar2-1-300x193.jpg 300w, http:\/\/www.portalmantena.com.br\/novo\/wp-content\/uploads\/2018\/10\/dolar2-1-696x447.jpg 696w, http:\/\/www.portalmantena.com.br\/novo\/wp-content\/uploads\/2018\/10\/dolar2-1-653x420.jpg 653w\" sizes=\"(max-width: 700px) 100vw, 700px\" \/><\/a><\/p>\n<p><span style=\"font-size: 14pt;\">A moeda americana passou a operar em alta nesta segunda-feira, dia 29 de Outubro, ap\u00f3s cair abaixo de R$ 3,60, com a elei\u00e7\u00e3o do candidato Jair Bolsonaro, do PSL na noite deste domingo (28). <\/span><\/p>\n<p><span style=\"font-size: 14pt;\">Em pronunciamento feito ainda na noite deste domingo, ap\u00f3s os resultados das apura\u00e7\u00f5es, Bolsonaro, e o futuro ministro da fazenda Paulo Guedes, onde foram abordados assuntos que agradaram aos investidores, como reforma na previd\u00eancia, a moeda chegou a ser negociada a R$ 3,5823 no in\u00edcio desta segunda-feira. <\/span><\/p>\n<p><span style=\"font-size: 14pt;\">No entanto, por volta do meio dia, a moeda norte-americana subia 0,48%, e estava sendo vendida a R$ 3,6712. Desde maio, a moeda n\u00e3o era negociada abaixo de R$ 3,60 &#8211; no dia 10 daquele m\u00eas, o d\u00f3lar fechou em R$ 3,5461. <\/span><\/p>\n<p><span style=\"font-size: 14pt;\">Na m\u00e1xima do dia, a divisa dos EUA chegou a R$ 3,6727. O que animou o mercado foi que Bolsonaro em seu discurso fez men\u00e7\u00e3o e prometeu respeitar a Constitui\u00e7\u00e3o Brasileira, unir o pa\u00eds, ter responsabilidade fiscal e valorizar o produto brasileiro.<\/span><\/p>\n<p><a href=\"http:\/\/www.portalmantena.com.br\/novo\/\"><img loading=\"lazy\" class=\"alignnone size-full wp-image-37331\" src=\"http:\/\/www.portalmantena.com.br\/novo\/wp-content\/uploads\/2018\/05\/faixaportalnoticias5.jpg\" alt=\"\" width=\"700\" height=\"40\" srcset=\"http:\/\/www.portalmantena.com.br\/novo\/wp-content\/uploads\/2018\/05\/faixaportalnoticias5.jpg 700w, http:\/\/www.portalmantena.com.br\/novo\/wp-content\/uploads\/2018\/05\/faixaportalnoticias5-300x17.jpg 300w, http:\/\/www.portalmantena.com.br\/novo\/wp-content\/uploads\/2018\/05\/faixaportalnoticias5-696x40.jpg 696w\" sizes=\"(max-width: 700px) 100vw, 700px\" \/><\/a><\/p>\n<p><span style=\"font-size: 10pt;\">ESPA\u00c7O EMPRESARIAL<\/span><a href=\"http:\/\/www.portalmantena.com.br\/novo\/wp-content\/uploads\/2018\/05\/postoterraboa.jpg\"><img loading=\"lazy\" class=\"alignnone size-full wp-image-29172\" src=\"http:\/\/www.portalmantena.com.br\/novo\/wp-content\/uploads\/2018\/05\/postoterraboa.jpg\" alt=\"\" width=\"700\" height=\"150\" srcset=\"http:\/\/www.portalmantena.com.br\/novo\/wp-content\/uploads\/2018\/05\/postoterraboa.jpg 700w, http:\/\/www.portalmantena.com.br\/novo\/wp-content\/uploads\/2018\/05\/postoterraboa-300x64.jpg 300w, http:\/\/www.portalmantena.com.br\/novo\/wp-content\/uploads\/2018\/05\/postoterraboa-696x150.jpg 696w\" sizes=\"(max-width: 700px) 100vw, 700px\" \/><\/a><\/p>\n","protected":false},"excerpt":{"rendered":"<p>A moeda americana passou a operar em alta nesta segunda-feira, dia 29 de Outubro, ap\u00f3s cair abaixo de R$ 3,60, com a elei\u00e7\u00e3o do candidato Jair Bolsonaro, do PSL na noite deste domingo (28). Em pronunciamento feito ainda na noite deste domingo, ap\u00f3s os resultados das apura\u00e7\u00f5es, Bolsonaro, e o futuro ministro da fazenda Paulo [&hellip;]<\/p>\n","protected":false},"author":1,"featured_media":39381,"comment_status":"open","ping_status":"open","sticky":false,"template":"","format":"standard","meta":[],"categories":[51,11],"tags":[],"_links":{"self":[{"href":"http:\/\/www.portalmantena.com.br\/novo\/index.php?rest_route=\/wp\/v2\/posts\/39380"}],"collection":[{"href":"http:\/\/www.portalmantena.com.br\/novo\/index.php?rest_route=\/wp\/v2\/posts"}],"about":[{"href":"http:\/\/www.portalmantena.com.br\/novo\/index.php?rest_route=\/wp\/v2\/types\/post"}],"author":[{"embeddable":true,"href":"http:\/\/www.portalmantena.com.br\/novo\/index.php?rest_route=\/wp\/v2\/users\/1"}],"replies":[{"embeddable":true,"href":"http:\/\/www.portalmantena.com.br\/novo\/index.php?rest_route=%2Fwp%2Fv2%2Fcomments&post=39380"}],"version-history":[{"count":1,"href":"http:\/\/www.portalmantena.com.br\/novo\/index.php?rest_route=\/wp\/v2\/posts\/39380\/revisions"}],"predecessor-version":[{"id":39382,"href":"http:\/\/www.portalmantena.com.br\/novo\/index.php?rest_route=\/wp\/v2\/posts\/39380\/revisions\/39382"}],"wp:featuredmedia":[{"embeddable":true,"href":"http:\/\/www.portalmantena.com.br\/novo\/index.php?rest_route=\/wp\/v2\/media\/39381"}],"wp:attachment":[{"href":"http:\/\/www.portalmantena.com.br\/novo\/index.php?rest_route=%2Fwp%2Fv2%2Fmedia&parent=39380"}],"wp:term":[{"taxonomy":"category","embeddable":true,"href":"http:\/\/www.portalmantena.com.br\/novo\/index.php?rest_route=%2Fwp%2Fv2%2Fcategories&post=39380"},{"taxonomy":"post_tag","embeddable":true,"href":"http:\/\/www.portalmantena.com.br\/novo\/index.php?rest_route=%2Fwp%2Fv2%2Ftags&post=39380"}],"curies":[{"name":"wp","href":"https:\/\/api.w.org\/{rel}","templated":true}]}}