{"id":39376,"date":"2018-10-29T12:19:24","date_gmt":"2018-10-29T14:19:24","guid":{"rendered":"http:\/\/www.portalmantena.com.br\/novo\/?p=39376"},"modified":"2018-10-29T12:20:34","modified_gmt":"2018-10-29T14:20:34","slug":"veja-como-foi-a-votacao-para-presidente-na-regiao","status":"publish","type":"post","link":"http:\/\/www.portalmantena.com.br\/novo\/?p=39376","title":{"rendered":"Veja como foi a VOTA\u00c7\u00c3O para Presidente em Mantena e regi\u00e3o"},"content":{"rendered":"<p><span style=\"font-size: 14pt;\">Confira ABAIXO, um quadro apresentando a vota\u00e7\u00e3o dos candidatos a Presidente do Brasil Jair Bolsonaro (PSL) e Fernando Haddad (PT). <\/span><\/p>\n<p><span style=\"font-size: 14pt;\">Um demonstrativo de como os candidatos se sa\u00edram na regi\u00e3o, Mantena e cidades vizinhas.\u00a0<\/span><\/p>\n<p><a href=\"http:\/\/www.portalmantena.com.br\/novo\/wp-content\/uploads\/2018\/10\/no291018voto1.jpg\"><img loading=\"lazy\" class=\"alignnone size-full wp-image-39377\" src=\"http:\/\/www.portalmantena.com.br\/novo\/wp-content\/uploads\/2018\/10\/no291018voto1.jpg\" alt=\"\" width=\"700\" height=\"450\" srcset=\"http:\/\/www.portalmantena.com.br\/novo\/wp-content\/uploads\/2018\/10\/no291018voto1.jpg 700w, http:\/\/www.portalmantena.com.br\/novo\/wp-content\/uploads\/2018\/10\/no291018voto1-300x193.jpg 300w, http:\/\/www.portalmantena.com.br\/novo\/wp-content\/uploads\/2018\/10\/no291018voto1-696x447.jpg 696w, http:\/\/www.portalmantena.com.br\/novo\/wp-content\/uploads\/2018\/10\/no291018voto1-653x420.jpg 653w\" sizes=\"(max-width: 700px) 100vw, 700px\" \/><\/a><a href=\"http:\/\/www.portalmantena.com.br\/novo\/\"><img loading=\"lazy\" class=\"alignnone size-full wp-image-37331\" src=\"http:\/\/www.portalmantena.com.br\/novo\/wp-content\/uploads\/2018\/05\/faixaportalnoticias5.jpg\" alt=\"\" width=\"700\" height=\"40\" srcset=\"http:\/\/www.portalmantena.com.br\/novo\/wp-content\/uploads\/2018\/05\/faixaportalnoticias5.jpg 700w, http:\/\/www.portalmantena.com.br\/novo\/wp-content\/uploads\/2018\/05\/faixaportalnoticias5-300x17.jpg 300w, http:\/\/www.portalmantena.com.br\/novo\/wp-content\/uploads\/2018\/05\/faixaportalnoticias5-696x40.jpg 696w\" sizes=\"(max-width: 700px) 100vw, 700px\" \/><\/a><\/p>\n<p><span style=\"font-size: 10pt;\">ESPA\u00c7O EMPRESARIAL<\/span><a href=\"https:\/\/www.facebook.com\/Mercado-Natural-MG-802896040099891\/\"><img src=\"http:\/\/www.portalmantena.com.br\/novo\/wp-content\/uploads\/2018\/09\/mercado1a.jpg\" \/><\/a><\/p>\n","protected":false},"excerpt":{"rendered":"<p>Confira ABAIXO, um quadro apresentando a vota\u00e7\u00e3o dos candidatos a Presidente do Brasil Jair Bolsonaro (PSL) e Fernando Haddad (PT). Um demonstrativo de como os candidatos se sa\u00edram na regi\u00e3o, Mantena e cidades vizinhas.\u00a0 ESPA\u00c7O EMPRESARIAL<\/p>\n","protected":false},"author":1,"featured_media":39377,"comment_status":"open","ping_status":"open","sticky":false,"template":"","format":"standard","meta":[],"categories":[12,39],"tags":[],"_links":{"self":[{"href":"http:\/\/www.portalmantena.com.br\/novo\/index.php?rest_route=\/wp\/v2\/posts\/39376"}],"collection":[{"href":"http:\/\/www.portalmantena.com.br\/novo\/index.php?rest_route=\/wp\/v2\/posts"}],"about":[{"href":"http:\/\/www.portalmantena.com.br\/novo\/index.php?rest_route=\/wp\/v2\/types\/post"}],"author":[{"embeddable":true,"href":"http:\/\/www.portalmantena.com.br\/novo\/index.php?rest_route=\/wp\/v2\/users\/1"}],"replies":[{"embeddable":true,"href":"http:\/\/www.portalmantena.com.br\/novo\/index.php?rest_route=%2Fwp%2Fv2%2Fcomments&post=39376"}],"version-history":[{"count":2,"href":"http:\/\/www.portalmantena.com.br\/novo\/index.php?rest_route=\/wp\/v2\/posts\/39376\/revisions"}],"predecessor-version":[{"id":39379,"href":"http:\/\/www.portalmantena.com.br\/novo\/index.php?rest_route=\/wp\/v2\/posts\/39376\/revisions\/39379"}],"wp:featuredmedia":[{"embeddable":true,"href":"http:\/\/www.portalmantena.com.br\/novo\/index.php?rest_route=\/wp\/v2\/media\/39377"}],"wp:attachment":[{"href":"http:\/\/www.portalmantena.com.br\/novo\/index.php?rest_route=%2Fwp%2Fv2%2Fmedia&parent=39376"}],"wp:term":[{"taxonomy":"category","embeddable":true,"href":"http:\/\/www.portalmantena.com.br\/novo\/index.php?rest_route=%2Fwp%2Fv2%2Fcategories&post=39376"},{"taxonomy":"post_tag","embeddable":true,"href":"http:\/\/www.portalmantena.com.br\/novo\/index.php?rest_route=%2Fwp%2Fv2%2Ftags&post=39376"}],"curies":[{"name":"wp","href":"https:\/\/api.w.org\/{rel}","templated":true}]}}