{"id":39235,"date":"2018-10-24T14:45:20","date_gmt":"2018-10-24T16:45:20","guid":{"rendered":"http:\/\/www.portalmantena.com.br\/novo\/?p=39235"},"modified":"2018-10-27T08:35:58","modified_gmt":"2018-10-27T10:35:58","slug":"homossexualidade-sera-tema-de-palestra-nesta-sexta-feira","status":"publish","type":"post","link":"http:\/\/www.portalmantena.com.br\/novo\/?p=39235","title":{"rendered":"Homossexualidade, ser\u00e1 tema de palestra nesta sexta-feira"},"content":{"rendered":"<p><a href=\"http:\/\/www.portalmantena.com.br\/novo\/wp-content\/uploads\/2018\/10\/no261018palestra.jpg\"><img loading=\"lazy\" class=\"alignnone size-full wp-image-39236\" src=\"http:\/\/www.portalmantena.com.br\/novo\/wp-content\/uploads\/2018\/10\/no261018palestra.jpg\" alt=\"\" width=\"700\" height=\"450\" srcset=\"http:\/\/www.portalmantena.com.br\/novo\/wp-content\/uploads\/2018\/10\/no261018palestra.jpg 700w, http:\/\/www.portalmantena.com.br\/novo\/wp-content\/uploads\/2018\/10\/no261018palestra-300x193.jpg 300w, http:\/\/www.portalmantena.com.br\/novo\/wp-content\/uploads\/2018\/10\/no261018palestra-696x447.jpg 696w, http:\/\/www.portalmantena.com.br\/novo\/wp-content\/uploads\/2018\/10\/no261018palestra-653x420.jpg 653w\" sizes=\"(max-width: 700px) 100vw, 700px\" \/><\/a><\/p>\n<p><span style=\"font-size: 14pt;\">Na noite desta sexta-feira dia 26 de Outubro, um evento muito importante, ser\u00e1 realizado em Mantena no templo da Igreja Presbiteriana do Centro, que ter\u00e1 como alvo um assunto muito importante. <\/span><\/p>\n<p><span style=\"font-size: 14pt;\">A partir das 19h30\u2019, um palestrante convidado estar\u00e1 falando sobre Homossexualidade. Um assunto atual, que vem sendo abordado em v\u00e1rias situa\u00e7\u00f5es e que antes de chegar nos filhos, precisa ser tratado com os pais. <\/span><\/p>\n<p><span style=\"font-size: 14pt;\">Para tanto \u00e9 muito importante a sua participa\u00e7\u00e3o, voc\u00ea que \u00e9 pai. Um pedido da organiza\u00e7\u00e3o do evento \u00e9 que estejam presentes apenas os pais e m\u00e3es, sem a presen\u00e7a das crian\u00e7as, devido ao conte\u00fado do assunto abordado. Esta \u00e9 uma realiza\u00e7\u00e3o do Minist\u00e9rio Casados em Cristo da Igreja Presbiteriana de Mantena. <\/span><\/p>\n<p><span style=\"font-size: 14pt;\">O templo da Igreja Presbiteriana em Mantena est\u00e1 situado na Pra\u00e7a Fernandes Filho, no centro da cidade, participe.<\/span><\/p>\n<p><a href=\"http:\/\/www.portalmantena.com.br\/novo\/\"><img loading=\"lazy\" class=\"alignnone size-full wp-image-37331\" src=\"http:\/\/www.portalmantena.com.br\/novo\/wp-content\/uploads\/2018\/05\/faixaportalnoticias5.jpg\" alt=\"\" width=\"700\" height=\"40\" srcset=\"http:\/\/www.portalmantena.com.br\/novo\/wp-content\/uploads\/2018\/05\/faixaportalnoticias5.jpg 700w, http:\/\/www.portalmantena.com.br\/novo\/wp-content\/uploads\/2018\/05\/faixaportalnoticias5-300x17.jpg 300w, http:\/\/www.portalmantena.com.br\/novo\/wp-content\/uploads\/2018\/05\/faixaportalnoticias5-696x40.jpg 696w\" sizes=\"(max-width: 700px) 100vw, 700px\" \/><\/a><\/p>\n<p><span style=\"font-size: 10pt;\">ESPA\u00c7O EMPRESARIAL<\/span><a href=\"http:\/\/www.portalmantena.com.br\/novo\/?p=34494\"><img src=\"http:\/\/www.portalmantena.com.br\/novo\/wp-content\/uploads\/2018\/10\/universal151018.jpg\" \/><\/a><\/p>\n","protected":false},"excerpt":{"rendered":"<p>Na noite desta sexta-feira dia 26 de Outubro, um evento muito importante, ser\u00e1 realizado em Mantena no templo da Igreja Presbiteriana do Centro, que ter\u00e1 como alvo um assunto muito importante. A partir das 19h30\u2019, um palestrante convidado estar\u00e1 falando sobre Homossexualidade. Um assunto atual, que vem sendo abordado em v\u00e1rias situa\u00e7\u00f5es e que antes [&hellip;]<\/p>\n","protected":false},"author":1,"featured_media":39236,"comment_status":"open","ping_status":"open","sticky":false,"template":"","format":"standard","meta":[],"categories":[36,11],"tags":[],"_links":{"self":[{"href":"http:\/\/www.portalmantena.com.br\/novo\/index.php?rest_route=\/wp\/v2\/posts\/39235"}],"collection":[{"href":"http:\/\/www.portalmantena.com.br\/novo\/index.php?rest_route=\/wp\/v2\/posts"}],"about":[{"href":"http:\/\/www.portalmantena.com.br\/novo\/index.php?rest_route=\/wp\/v2\/types\/post"}],"author":[{"embeddable":true,"href":"http:\/\/www.portalmantena.com.br\/novo\/index.php?rest_route=\/wp\/v2\/users\/1"}],"replies":[{"embeddable":true,"href":"http:\/\/www.portalmantena.com.br\/novo\/index.php?rest_route=%2Fwp%2Fv2%2Fcomments&post=39235"}],"version-history":[{"count":1,"href":"http:\/\/www.portalmantena.com.br\/novo\/index.php?rest_route=\/wp\/v2\/posts\/39235\/revisions"}],"predecessor-version":[{"id":39237,"href":"http:\/\/www.portalmantena.com.br\/novo\/index.php?rest_route=\/wp\/v2\/posts\/39235\/revisions\/39237"}],"wp:featuredmedia":[{"embeddable":true,"href":"http:\/\/www.portalmantena.com.br\/novo\/index.php?rest_route=\/wp\/v2\/media\/39236"}],"wp:attachment":[{"href":"http:\/\/www.portalmantena.com.br\/novo\/index.php?rest_route=%2Fwp%2Fv2%2Fmedia&parent=39235"}],"wp:term":[{"taxonomy":"category","embeddable":true,"href":"http:\/\/www.portalmantena.com.br\/novo\/index.php?rest_route=%2Fwp%2Fv2%2Fcategories&post=39235"},{"taxonomy":"post_tag","embeddable":true,"href":"http:\/\/www.portalmantena.com.br\/novo\/index.php?rest_route=%2Fwp%2Fv2%2Ftags&post=39235"}],"curies":[{"name":"wp","href":"https:\/\/api.w.org\/{rel}","templated":true}]}}