{"id":39147,"date":"2018-10-24T17:14:02","date_gmt":"2018-10-24T19:14:02","guid":{"rendered":"http:\/\/www.portalmantena.com.br\/novo\/?p=39147"},"modified":"2018-10-24T17:14:02","modified_gmt":"2018-10-24T19:14:02","slug":"rede-valente-smart-entrega-o-premio-18-meses-de-compras-gratis","status":"publish","type":"post","link":"http:\/\/www.portalmantena.com.br\/novo\/?p=39147","title":{"rendered":"Rede Valente Smart entrega o pr\u00eamio 18 meses de compras gr\u00e1tis"},"content":{"rendered":"<p><a href=\"http:\/\/www.portalmantena.com.br\/novo\/wp-content\/uploads\/2018\/10\/vi241018valente1.jpg\"><img loading=\"lazy\" class=\"alignnone size-full wp-image-39148\" src=\"http:\/\/www.portalmantena.com.br\/novo\/wp-content\/uploads\/2018\/10\/vi241018valente1.jpg\" alt=\"\" width=\"700\" height=\"450\" srcset=\"http:\/\/www.portalmantena.com.br\/novo\/wp-content\/uploads\/2018\/10\/vi241018valente1.jpg 700w, http:\/\/www.portalmantena.com.br\/novo\/wp-content\/uploads\/2018\/10\/vi241018valente1-300x193.jpg 300w, http:\/\/www.portalmantena.com.br\/novo\/wp-content\/uploads\/2018\/10\/vi241018valente1-696x447.jpg 696w, http:\/\/www.portalmantena.com.br\/novo\/wp-content\/uploads\/2018\/10\/vi241018valente1-653x420.jpg 653w\" sizes=\"(max-width: 700px) 100vw, 700px\" \/><\/a><\/p>\n<p><span style=\"font-size: 14pt;\">Transpar\u00eancia tamb\u00e9m nas a\u00e7\u00f5es, a rede Valente Smart em Mantena realizando sempre promo\u00e7\u00f5es e eventos importantes na cidade, prestigiando aos amigos clientes, apresenta o ganhador da Promo\u00e7\u00e3o &#8220;18 meses de Compras Gr\u00e1tis&#8221;, na rede. <\/span><\/p>\n<p><span style=\"font-size: 14pt;\">Ap\u00f3s a realiza\u00e7\u00e3o da campanha que foi um sucesso, foi entregue simbolicamente nesta quarta-feira ao sortudo Esequiel Vieira da Silva, o cheque no valor de R$ 5.400 reais, do Hipermercado Valente em Mantena. <\/span><\/p>\n<p><span style=\"font-size: 14pt;\">O propriet\u00e1rio do Hipermercado Sr. Ednaldo Valente, acompanhado do representante Smart e colaboradores, fez a alegria do feliz ganhador do pr\u00eamio, que agora \u00e9 s\u00f3 curtir o pr\u00eamio recebido nesta quarta-feira dia 24 de Outubro.<\/span><\/p>\n<p><a href=\"http:\/\/www.portalmantena.com.br\/novo\/wp-content\/uploads\/2018\/10\/vi241018valente2.jpg\"><img loading=\"lazy\" class=\"alignnone size-full wp-image-39149\" src=\"http:\/\/www.portalmantena.com.br\/novo\/wp-content\/uploads\/2018\/10\/vi241018valente2.jpg\" alt=\"\" width=\"700\" height=\"450\" srcset=\"http:\/\/www.portalmantena.com.br\/novo\/wp-content\/uploads\/2018\/10\/vi241018valente2.jpg 700w, http:\/\/www.portalmantena.com.br\/novo\/wp-content\/uploads\/2018\/10\/vi241018valente2-300x193.jpg 300w, http:\/\/www.portalmantena.com.br\/novo\/wp-content\/uploads\/2018\/10\/vi241018valente2-696x447.jpg 696w, http:\/\/www.portalmantena.com.br\/novo\/wp-content\/uploads\/2018\/10\/vi241018valente2-653x420.jpg 653w\" sizes=\"(max-width: 700px) 100vw, 700px\" \/><\/a><a href=\"http:\/\/www.portalmantena.com.br\/novo\/\"><img loading=\"lazy\" class=\"alignnone size-full wp-image-37296\" src=\"http:\/\/www.portalmantena.com.br\/novo\/wp-content\/uploads\/2018\/05\/faixavitrine2.jpg\" alt=\"\" width=\"700\" height=\"40\" srcset=\"http:\/\/www.portalmantena.com.br\/novo\/wp-content\/uploads\/2018\/05\/faixavitrine2.jpg 700w, http:\/\/www.portalmantena.com.br\/novo\/wp-content\/uploads\/2018\/05\/faixavitrine2-300x17.jpg 300w, http:\/\/www.portalmantena.com.br\/novo\/wp-content\/uploads\/2018\/05\/faixavitrine2-696x40.jpg 696w\" sizes=\"(max-width: 700px) 100vw, 700px\" \/><\/a><\/p>\n<p><span style=\"font-size: 10pt;\">ESPA\u00c7O EMPRESARIAL<\/span><a href=\"https:\/\/www.facebook.com\/redevalente\/\"><img loading=\"lazy\" class=\"alignnone size-full wp-image-29188\" src=\"http:\/\/www.portalmantena.com.br\/novo\/wp-content\/uploads\/2018\/05\/valentefaixa.jpg\" alt=\"\" width=\"700\" height=\"150\" srcset=\"http:\/\/www.portalmantena.com.br\/novo\/wp-content\/uploads\/2018\/05\/valentefaixa.jpg 700w, http:\/\/www.portalmantena.com.br\/novo\/wp-content\/uploads\/2018\/05\/valentefaixa-300x64.jpg 300w, http:\/\/www.portalmantena.com.br\/novo\/wp-content\/uploads\/2018\/05\/valentefaixa-696x150.jpg 696w\" sizes=\"(max-width: 700px) 100vw, 700px\" \/><\/a><\/p>\n","protected":false},"excerpt":{"rendered":"<p>Transpar\u00eancia tamb\u00e9m nas a\u00e7\u00f5es, a rede Valente Smart em Mantena realizando sempre promo\u00e7\u00f5es e eventos importantes na cidade, prestigiando aos amigos clientes, apresenta o ganhador da Promo\u00e7\u00e3o &#8220;18 meses de Compras Gr\u00e1tis&#8221;, na rede. Ap\u00f3s a realiza\u00e7\u00e3o da campanha que foi um sucesso, foi entregue simbolicamente nesta quarta-feira ao sortudo Esequiel Vieira da Silva, o [&hellip;]<\/p>\n","protected":false},"author":1,"featured_media":39148,"comment_status":"open","ping_status":"open","sticky":false,"template":"","format":"standard","meta":[],"categories":[7],"tags":[],"_links":{"self":[{"href":"http:\/\/www.portalmantena.com.br\/novo\/index.php?rest_route=\/wp\/v2\/posts\/39147"}],"collection":[{"href":"http:\/\/www.portalmantena.com.br\/novo\/index.php?rest_route=\/wp\/v2\/posts"}],"about":[{"href":"http:\/\/www.portalmantena.com.br\/novo\/index.php?rest_route=\/wp\/v2\/types\/post"}],"author":[{"embeddable":true,"href":"http:\/\/www.portalmantena.com.br\/novo\/index.php?rest_route=\/wp\/v2\/users\/1"}],"replies":[{"embeddable":true,"href":"http:\/\/www.portalmantena.com.br\/novo\/index.php?rest_route=%2Fwp%2Fv2%2Fcomments&post=39147"}],"version-history":[{"count":1,"href":"http:\/\/www.portalmantena.com.br\/novo\/index.php?rest_route=\/wp\/v2\/posts\/39147\/revisions"}],"predecessor-version":[{"id":39150,"href":"http:\/\/www.portalmantena.com.br\/novo\/index.php?rest_route=\/wp\/v2\/posts\/39147\/revisions\/39150"}],"wp:featuredmedia":[{"embeddable":true,"href":"http:\/\/www.portalmantena.com.br\/novo\/index.php?rest_route=\/wp\/v2\/media\/39148"}],"wp:attachment":[{"href":"http:\/\/www.portalmantena.com.br\/novo\/index.php?rest_route=%2Fwp%2Fv2%2Fmedia&parent=39147"}],"wp:term":[{"taxonomy":"category","embeddable":true,"href":"http:\/\/www.portalmantena.com.br\/novo\/index.php?rest_route=%2Fwp%2Fv2%2Fcategories&post=39147"},{"taxonomy":"post_tag","embeddable":true,"href":"http:\/\/www.portalmantena.com.br\/novo\/index.php?rest_route=%2Fwp%2Fv2%2Ftags&post=39147"}],"curies":[{"name":"wp","href":"https:\/\/api.w.org\/{rel}","templated":true}]}}