{"id":39117,"date":"2018-10-24T10:22:00","date_gmt":"2018-10-24T12:22:00","guid":{"rendered":"http:\/\/www.portalmantena.com.br\/novo\/?p=39117"},"modified":"2018-10-25T11:35:21","modified_gmt":"2018-10-25T13:35:21","slug":"mais-uma-empresa-da-regiao-adota-a-energia-solar","status":"publish","type":"post","link":"http:\/\/www.portalmantena.com.br\/novo\/?p=39117","title":{"rendered":"Mais uma empresa da regi\u00e3o adota a Energia Solar"},"content":{"rendered":"<p><a href=\"http:\/\/www.portalmantena.com.br\/novo\/wp-content\/uploads\/2018\/10\/no241018mol3.jpg\"><img loading=\"lazy\" class=\"alignnone size-full wp-image-39120\" src=\"http:\/\/www.portalmantena.com.br\/novo\/wp-content\/uploads\/2018\/10\/no241018mol3.jpg\" alt=\"\" width=\"700\" height=\"450\" srcset=\"http:\/\/www.portalmantena.com.br\/novo\/wp-content\/uploads\/2018\/10\/no241018mol3.jpg 700w, http:\/\/www.portalmantena.com.br\/novo\/wp-content\/uploads\/2018\/10\/no241018mol3-300x193.jpg 300w, http:\/\/www.portalmantena.com.br\/novo\/wp-content\/uploads\/2018\/10\/no241018mol3-696x447.jpg 696w, http:\/\/www.portalmantena.com.br\/novo\/wp-content\/uploads\/2018\/10\/no241018mol3-653x420.jpg 653w\" sizes=\"(max-width: 700px) 100vw, 700px\" \/><\/a><\/p>\n<p><span style=\"font-size: 14pt;\">Mais uma grande empresa da regi\u00e3o adota um projeto de utiliza\u00e7\u00e3o da energia solar com o objetivo de produzir a pr\u00f3pria energia que consome.<\/span><\/p>\n<p><span style=\"font-size: 14pt;\"> A ag\u00eancia da Mol Volkswagen, em Barra de S\u00e3o Francisco, adotou o sistema que vai gerar uma economia em m\u00e9dia de R$ 2.200 reais mensais em sua conta de energia el\u00e9trica. <\/span><\/p>\n<p><span style=\"font-size: 14pt;\">Para tanto, a empresa Tempo Solar, contratada para realizar este projeto, instalou na ag\u00eancia, 80 placas Fotovoltaicas, que junto com os equipamentos espec\u00edficos, produzir\u00e1 uma energia limpa al\u00e9m \u00e9 claro de auxiliar na estabiliza\u00e7\u00e3o da rede de energia local, uma vez que na empresa existe a demanda de energia pela quantidade de aparelhos de climatiza\u00e7\u00e3o, motores e equipamentos ligados ao mesmo tempo, for\u00e7ando o sistema atual. <\/span><\/p>\n<p><span style=\"font-size: 14pt;\">Com a chegada da energia solar, al\u00e9m de suprir esta demanda, ser\u00e1 vis\u00edvel o benef\u00edcio da economia, pois com o alto custo da energia el\u00e9trica, muitos empres\u00e1rios e at\u00e9 mesmo fam\u00edlias tem procurado alternativas para baixar as despesas mensais. <\/span><\/p>\n<p><span style=\"font-size: 14pt;\">Voc\u00ea que est\u00e1 interessado nesta nova op\u00e7\u00e3o de produzir sua pr\u00f3pria energia, fa\u00e7a contato com a empresa Tempo Solar em Mantena, fa\u00e7a um or\u00e7amento sem compromisso com o representante <strong>Emerson Alves, atrav\u00e9s do telefone: (33) 9 8864-0218 (Whatsapp)<\/strong>.<\/span><\/p>\n<p><a href=\"http:\/\/www.portalmantena.com.br\/novo\/wp-content\/uploads\/2018\/10\/no241018mol2.jpg\"><img loading=\"lazy\" class=\"alignnone size-full wp-image-39119\" src=\"http:\/\/www.portalmantena.com.br\/novo\/wp-content\/uploads\/2018\/10\/no241018mol2.jpg\" alt=\"\" width=\"700\" height=\"450\" srcset=\"http:\/\/www.portalmantena.com.br\/novo\/wp-content\/uploads\/2018\/10\/no241018mol2.jpg 700w, http:\/\/www.portalmantena.com.br\/novo\/wp-content\/uploads\/2018\/10\/no241018mol2-300x193.jpg 300w, http:\/\/www.portalmantena.com.br\/novo\/wp-content\/uploads\/2018\/10\/no241018mol2-696x447.jpg 696w, http:\/\/www.portalmantena.com.br\/novo\/wp-content\/uploads\/2018\/10\/no241018mol2-653x420.jpg 653w\" sizes=\"(max-width: 700px) 100vw, 700px\" \/><\/a><a href=\"http:\/\/www.portalmantena.com.br\/novo\/wp-content\/uploads\/2018\/10\/no241018mol1.jpg\"><img loading=\"lazy\" class=\"alignnone size-full wp-image-39118\" src=\"http:\/\/www.portalmantena.com.br\/novo\/wp-content\/uploads\/2018\/10\/no241018mol1.jpg\" alt=\"\" width=\"700\" height=\"450\" srcset=\"http:\/\/www.portalmantena.com.br\/novo\/wp-content\/uploads\/2018\/10\/no241018mol1.jpg 700w, http:\/\/www.portalmantena.com.br\/novo\/wp-content\/uploads\/2018\/10\/no241018mol1-300x193.jpg 300w, http:\/\/www.portalmantena.com.br\/novo\/wp-content\/uploads\/2018\/10\/no241018mol1-696x447.jpg 696w, http:\/\/www.portalmantena.com.br\/novo\/wp-content\/uploads\/2018\/10\/no241018mol1-653x420.jpg 653w\" sizes=\"(max-width: 700px) 100vw, 700px\" \/><\/a><a href=\"http:\/\/www.portalmantena.com.br\/novo\/\"><img loading=\"lazy\" class=\"alignnone size-full wp-image-37331\" src=\"http:\/\/www.portalmantena.com.br\/novo\/wp-content\/uploads\/2018\/05\/faixaportalnoticias5.jpg\" alt=\"\" width=\"700\" height=\"40\" srcset=\"http:\/\/www.portalmantena.com.br\/novo\/wp-content\/uploads\/2018\/05\/faixaportalnoticias5.jpg 700w, http:\/\/www.portalmantena.com.br\/novo\/wp-content\/uploads\/2018\/05\/faixaportalnoticias5-300x17.jpg 300w, http:\/\/www.portalmantena.com.br\/novo\/wp-content\/uploads\/2018\/05\/faixaportalnoticias5-696x40.jpg 696w\" sizes=\"(max-width: 700px) 100vw, 700px\" \/><\/a><\/p>\n<p><span style=\"font-size: 10pt;\">ESPA\u00c7O EMPRESARIAL<\/span><img src=\"http:\/\/www.portalmantena.com.br\/novo\/wp-content\/uploads\/2018\/03\/temposolar1.jpg\" \/><\/p>\n","protected":false},"excerpt":{"rendered":"<p>Mais uma grande empresa da regi\u00e3o adota um projeto de utiliza\u00e7\u00e3o da energia solar com o objetivo de produzir a pr\u00f3pria energia que consome. A ag\u00eancia da Mol Volkswagen, em Barra de S\u00e3o Francisco, adotou o sistema que vai gerar uma economia em m\u00e9dia de R$ 2.200 reais mensais em sua conta de energia el\u00e9trica. [&hellip;]<\/p>\n","protected":false},"author":1,"featured_media":39119,"comment_status":"open","ping_status":"open","sticky":false,"template":"","format":"standard","meta":[],"categories":[36,69],"tags":[],"_links":{"self":[{"href":"http:\/\/www.portalmantena.com.br\/novo\/index.php?rest_route=\/wp\/v2\/posts\/39117"}],"collection":[{"href":"http:\/\/www.portalmantena.com.br\/novo\/index.php?rest_route=\/wp\/v2\/posts"}],"about":[{"href":"http:\/\/www.portalmantena.com.br\/novo\/index.php?rest_route=\/wp\/v2\/types\/post"}],"author":[{"embeddable":true,"href":"http:\/\/www.portalmantena.com.br\/novo\/index.php?rest_route=\/wp\/v2\/users\/1"}],"replies":[{"embeddable":true,"href":"http:\/\/www.portalmantena.com.br\/novo\/index.php?rest_route=%2Fwp%2Fv2%2Fcomments&post=39117"}],"version-history":[{"count":1,"href":"http:\/\/www.portalmantena.com.br\/novo\/index.php?rest_route=\/wp\/v2\/posts\/39117\/revisions"}],"predecessor-version":[{"id":39121,"href":"http:\/\/www.portalmantena.com.br\/novo\/index.php?rest_route=\/wp\/v2\/posts\/39117\/revisions\/39121"}],"wp:featuredmedia":[{"embeddable":true,"href":"http:\/\/www.portalmantena.com.br\/novo\/index.php?rest_route=\/wp\/v2\/media\/39119"}],"wp:attachment":[{"href":"http:\/\/www.portalmantena.com.br\/novo\/index.php?rest_route=%2Fwp%2Fv2%2Fmedia&parent=39117"}],"wp:term":[{"taxonomy":"category","embeddable":true,"href":"http:\/\/www.portalmantena.com.br\/novo\/index.php?rest_route=%2Fwp%2Fv2%2Fcategories&post=39117"},{"taxonomy":"post_tag","embeddable":true,"href":"http:\/\/www.portalmantena.com.br\/novo\/index.php?rest_route=%2Fwp%2Fv2%2Ftags&post=39117"}],"curies":[{"name":"wp","href":"https:\/\/api.w.org\/{rel}","templated":true}]}}