{"id":39093,"date":"2018-10-23T20:48:04","date_gmt":"2018-10-23T22:48:04","guid":{"rendered":"http:\/\/www.portalmantena.com.br\/novo\/?p=39093"},"modified":"2018-10-23T14:51:56","modified_gmt":"2018-10-23T16:51:56","slug":"homem-e-preso-apos-agredir-mulher-com-faca","status":"publish","type":"post","link":"http:\/\/www.portalmantena.com.br\/novo\/?p=39093","title":{"rendered":"Homem \u00e9 preso ap\u00f3s agredir mulher com faca"},"content":{"rendered":"<p><a href=\"http:\/\/www.portalmantena.com.br\/novo\/wp-content\/uploads\/2018\/10\/pm22.jpg\"><img loading=\"lazy\" class=\"alignnone size-full wp-image-39094\" src=\"http:\/\/www.portalmantena.com.br\/novo\/wp-content\/uploads\/2018\/10\/pm22.jpg\" alt=\"\" width=\"700\" height=\"450\" srcset=\"http:\/\/www.portalmantena.com.br\/novo\/wp-content\/uploads\/2018\/10\/pm22.jpg 700w, http:\/\/www.portalmantena.com.br\/novo\/wp-content\/uploads\/2018\/10\/pm22-300x193.jpg 300w, http:\/\/www.portalmantena.com.br\/novo\/wp-content\/uploads\/2018\/10\/pm22-696x447.jpg 696w, http:\/\/www.portalmantena.com.br\/novo\/wp-content\/uploads\/2018\/10\/pm22-653x420.jpg 653w\" sizes=\"(max-width: 700px) 100vw, 700px\" \/><\/a><\/p>\n<p><span style=\"font-size: 14pt;\">Ap\u00f3s esfaquear sua convivente na noite do \u00faltimo domingo (21) na cidade de S\u00e3o Gabriel da Palha, a Pol\u00edcia Militar prendeu o acusado de 31 anos. <\/span><\/p>\n<p><span style=\"font-size: 14pt;\">A a\u00e7\u00e3o aconteceu no bairro Gustavo Bonne. Segundo o subcomandante da 3\u00aa Companhia 2\u00ba Batalh\u00e3o, tenente Lima, ap\u00f3s receberem den\u00fancia de moradores, os militares prosseguiram at\u00e9 a Rua Marcelino Chagas e se depararam com a v\u00edtima que estava sendo socorrida pela ambul\u00e2ncia.<\/span><\/p>\n<p><span style=\"font-size: 14pt;\"> No local a mulher contou que havia sido agredida com golpes de faca. Os militares realizaram buscas e localizaram o acusado nas imedia\u00e7\u00f5es da casa da v\u00edtima. <\/span><\/p>\n<p><span style=\"font-size: 14pt;\">Segundo o tenente Lima, o acusado ainda estava com as m\u00e3os sujas de sangue quando foi abordado pela equipe. Ele foi encaminhado ao departamento policial de Barra de S\u00e3o Francisco. (fonte:PM).<\/span><\/p>\n<p><a href=\"http:\/\/www.portalmantena.com.br\/novo\/\"><img loading=\"lazy\" class=\"alignnone size-full wp-image-37331\" src=\"http:\/\/www.portalmantena.com.br\/novo\/wp-content\/uploads\/2018\/05\/faixaportalnoticias5.jpg\" alt=\"\" width=\"700\" height=\"40\" srcset=\"http:\/\/www.portalmantena.com.br\/novo\/wp-content\/uploads\/2018\/05\/faixaportalnoticias5.jpg 700w, http:\/\/www.portalmantena.com.br\/novo\/wp-content\/uploads\/2018\/05\/faixaportalnoticias5-300x17.jpg 300w, http:\/\/www.portalmantena.com.br\/novo\/wp-content\/uploads\/2018\/05\/faixaportalnoticias5-696x40.jpg 696w\" sizes=\"(max-width: 700px) 100vw, 700px\" \/><\/a><\/p>\n<p><span style=\"font-size: 10pt;\">ESPA\u00c7O EMPRESARIAL<\/span><a href=\"https:\/\/www.facebook.com\/lojaeletrocellcelulares\/\"><img loading=\"lazy\" class=\"alignnone size-full wp-image-37660\" src=\"http:\/\/www.portalmantena.com.br\/novo\/wp-content\/uploads\/2018\/05\/eletrocel1.jpg\" alt=\"\" width=\"700\" height=\"150\" srcset=\"http:\/\/www.portalmantena.com.br\/novo\/wp-content\/uploads\/2018\/05\/eletrocel1.jpg 700w, http:\/\/www.portalmantena.com.br\/novo\/wp-content\/uploads\/2018\/05\/eletrocel1-300x64.jpg 300w, http:\/\/www.portalmantena.com.br\/novo\/wp-content\/uploads\/2018\/05\/eletrocel1-696x150.jpg 696w\" sizes=\"(max-width: 700px) 100vw, 700px\" \/><\/a><\/p>\n","protected":false},"excerpt":{"rendered":"<p>Ap\u00f3s esfaquear sua convivente na noite do \u00faltimo domingo (21) na cidade de S\u00e3o Gabriel da Palha, a Pol\u00edcia Militar prendeu o acusado de 31 anos. A a\u00e7\u00e3o aconteceu no bairro Gustavo Bonne. Segundo o subcomandante da 3\u00aa Companhia 2\u00ba Batalh\u00e3o, tenente Lima, ap\u00f3s receberem den\u00fancia de moradores, os militares prosseguiram at\u00e9 a Rua Marcelino [&hellip;]<\/p>\n","protected":false},"author":1,"featured_media":39094,"comment_status":"open","ping_status":"open","sticky":false,"template":"","format":"standard","meta":[],"categories":[11,34],"tags":[],"_links":{"self":[{"href":"http:\/\/www.portalmantena.com.br\/novo\/index.php?rest_route=\/wp\/v2\/posts\/39093"}],"collection":[{"href":"http:\/\/www.portalmantena.com.br\/novo\/index.php?rest_route=\/wp\/v2\/posts"}],"about":[{"href":"http:\/\/www.portalmantena.com.br\/novo\/index.php?rest_route=\/wp\/v2\/types\/post"}],"author":[{"embeddable":true,"href":"http:\/\/www.portalmantena.com.br\/novo\/index.php?rest_route=\/wp\/v2\/users\/1"}],"replies":[{"embeddable":true,"href":"http:\/\/www.portalmantena.com.br\/novo\/index.php?rest_route=%2Fwp%2Fv2%2Fcomments&post=39093"}],"version-history":[{"count":1,"href":"http:\/\/www.portalmantena.com.br\/novo\/index.php?rest_route=\/wp\/v2\/posts\/39093\/revisions"}],"predecessor-version":[{"id":39095,"href":"http:\/\/www.portalmantena.com.br\/novo\/index.php?rest_route=\/wp\/v2\/posts\/39093\/revisions\/39095"}],"wp:featuredmedia":[{"embeddable":true,"href":"http:\/\/www.portalmantena.com.br\/novo\/index.php?rest_route=\/wp\/v2\/media\/39094"}],"wp:attachment":[{"href":"http:\/\/www.portalmantena.com.br\/novo\/index.php?rest_route=%2Fwp%2Fv2%2Fmedia&parent=39093"}],"wp:term":[{"taxonomy":"category","embeddable":true,"href":"http:\/\/www.portalmantena.com.br\/novo\/index.php?rest_route=%2Fwp%2Fv2%2Fcategories&post=39093"},{"taxonomy":"post_tag","embeddable":true,"href":"http:\/\/www.portalmantena.com.br\/novo\/index.php?rest_route=%2Fwp%2Fv2%2Ftags&post=39093"}],"curies":[{"name":"wp","href":"https:\/\/api.w.org\/{rel}","templated":true}]}}