{"id":39066,"date":"2018-10-23T12:04:43","date_gmt":"2018-10-23T14:04:43","guid":{"rendered":"http:\/\/www.portalmantena.com.br\/novo\/?p=39066"},"modified":"2018-10-23T11:46:20","modified_gmt":"2018-10-23T13:46:20","slug":"carro-roubado-acaba-em-perseguicao-e-dois-presos-em-bsf","status":"publish","type":"post","link":"http:\/\/www.portalmantena.com.br\/novo\/?p=39066","title":{"rendered":"Carro roubado acaba em persegui\u00e7\u00e3o e duas pris\u00f5es em BSF"},"content":{"rendered":"<p><a href=\"http:\/\/www.portalmantena.com.br\/novo\/wp-content\/uploads\/2018\/10\/no231018aci1.jpg\"><img loading=\"lazy\" class=\"alignnone size-full wp-image-39067\" src=\"http:\/\/www.portalmantena.com.br\/novo\/wp-content\/uploads\/2018\/10\/no231018aci1.jpg\" alt=\"\" width=\"700\" height=\"450\" srcset=\"http:\/\/www.portalmantena.com.br\/novo\/wp-content\/uploads\/2018\/10\/no231018aci1.jpg 700w, http:\/\/www.portalmantena.com.br\/novo\/wp-content\/uploads\/2018\/10\/no231018aci1-300x193.jpg 300w, http:\/\/www.portalmantena.com.br\/novo\/wp-content\/uploads\/2018\/10\/no231018aci1-696x447.jpg 696w, http:\/\/www.portalmantena.com.br\/novo\/wp-content\/uploads\/2018\/10\/no231018aci1-653x420.jpg 653w\" sizes=\"(max-width: 700px) 100vw, 700px\" \/><\/a><\/p>\n<p><span style=\"font-size: 14pt;\">Um ve\u00edculo Volkswagen Golf de cor prata, foi roubado neste domingo dia 21 de Outubro, no munic\u00edpio de S\u00e3o Domingos do Norte. O ve\u00edculo foi ent\u00e3o identificado na cidade de Barra de S\u00e3o Francisco na noite desta segunda-feira (22), de posse de dois suspeitos. <\/span><\/p>\n<p><span style=\"font-size: 14pt;\">Os autores ao avistarem a PM, sa\u00edram em fuga pelas ruas da cidade, foi quando se envolveram em um acidente, batendo em um ve\u00edculo Strada, tamb\u00e9m de cor prata. <\/span><\/p>\n<p><span style=\"font-size: 14pt;\">A pancada foi t\u00e3o violenta que chegou a arrancar a roda traseira esquerda da Fiat Strada. <\/span><\/p>\n<p><span style=\"font-size: 14pt;\">Uma pessoa foi socorrida pelos policiais do corpo de bombeiros e levada at\u00e9 o pronto socorro da cidade. O resultado da persegui\u00e7\u00e3o foi a deten\u00e7\u00e3o de dois suspeitos e dois ve\u00edculos danificados no meio da rua.\u00a0 (Fotos: redesocial\/whatsapp).<\/span><\/p>\n<p><a href=\"http:\/\/www.portalmantena.com.br\/novo\/wp-content\/uploads\/2018\/10\/no231018aci2.jpg\"><img loading=\"lazy\" class=\"alignnone size-full wp-image-39068\" src=\"http:\/\/www.portalmantena.com.br\/novo\/wp-content\/uploads\/2018\/10\/no231018aci2.jpg\" alt=\"\" width=\"700\" height=\"450\" srcset=\"http:\/\/www.portalmantena.com.br\/novo\/wp-content\/uploads\/2018\/10\/no231018aci2.jpg 700w, http:\/\/www.portalmantena.com.br\/novo\/wp-content\/uploads\/2018\/10\/no231018aci2-300x193.jpg 300w, http:\/\/www.portalmantena.com.br\/novo\/wp-content\/uploads\/2018\/10\/no231018aci2-696x447.jpg 696w, http:\/\/www.portalmantena.com.br\/novo\/wp-content\/uploads\/2018\/10\/no231018aci2-653x420.jpg 653w\" sizes=\"(max-width: 700px) 100vw, 700px\" \/><\/a><a href=\"http:\/\/www.portalmantena.com.br\/novo\/\"><img loading=\"lazy\" class=\"alignnone size-full wp-image-37331\" src=\"http:\/\/www.portalmantena.com.br\/novo\/wp-content\/uploads\/2018\/05\/faixaportalnoticias5.jpg\" alt=\"\" width=\"700\" height=\"40\" srcset=\"http:\/\/www.portalmantena.com.br\/novo\/wp-content\/uploads\/2018\/05\/faixaportalnoticias5.jpg 700w, http:\/\/www.portalmantena.com.br\/novo\/wp-content\/uploads\/2018\/05\/faixaportalnoticias5-300x17.jpg 300w, http:\/\/www.portalmantena.com.br\/novo\/wp-content\/uploads\/2018\/05\/faixaportalnoticias5-696x40.jpg 696w\" sizes=\"(max-width: 700px) 100vw, 700px\" \/><\/a><\/p>\n<p><span style=\"font-size: 10pt;\">ESPA\u00c7O EMPRESARIAL<\/span><a href=\"https:\/\/www.facebook.com\/lojaeletrocellcelulares\/\"><img loading=\"lazy\" class=\"alignnone size-full wp-image-37660\" src=\"http:\/\/www.portalmantena.com.br\/novo\/wp-content\/uploads\/2018\/05\/eletrocel1.jpg\" alt=\"\" width=\"700\" height=\"150\" srcset=\"http:\/\/www.portalmantena.com.br\/novo\/wp-content\/uploads\/2018\/05\/eletrocel1.jpg 700w, http:\/\/www.portalmantena.com.br\/novo\/wp-content\/uploads\/2018\/05\/eletrocel1-300x64.jpg 300w, http:\/\/www.portalmantena.com.br\/novo\/wp-content\/uploads\/2018\/05\/eletrocel1-696x150.jpg 696w\" sizes=\"(max-width: 700px) 100vw, 700px\" \/><\/a><\/p>\n","protected":false},"excerpt":{"rendered":"<p>Um ve\u00edculo Volkswagen Golf de cor prata, foi roubado neste domingo dia 21 de Outubro, no munic\u00edpio de S\u00e3o Domingos do Norte. O ve\u00edculo foi ent\u00e3o identificado na cidade de Barra de S\u00e3o Francisco na noite desta segunda-feira (22), de posse de dois suspeitos. Os autores ao avistarem a PM, sa\u00edram em fuga pelas ruas [&hellip;]<\/p>\n","protected":false},"author":1,"featured_media":39067,"comment_status":"open","ping_status":"open","sticky":false,"template":"","format":"standard","meta":[],"categories":[11,39],"tags":[],"_links":{"self":[{"href":"http:\/\/www.portalmantena.com.br\/novo\/index.php?rest_route=\/wp\/v2\/posts\/39066"}],"collection":[{"href":"http:\/\/www.portalmantena.com.br\/novo\/index.php?rest_route=\/wp\/v2\/posts"}],"about":[{"href":"http:\/\/www.portalmantena.com.br\/novo\/index.php?rest_route=\/wp\/v2\/types\/post"}],"author":[{"embeddable":true,"href":"http:\/\/www.portalmantena.com.br\/novo\/index.php?rest_route=\/wp\/v2\/users\/1"}],"replies":[{"embeddable":true,"href":"http:\/\/www.portalmantena.com.br\/novo\/index.php?rest_route=%2Fwp%2Fv2%2Fcomments&post=39066"}],"version-history":[{"count":2,"href":"http:\/\/www.portalmantena.com.br\/novo\/index.php?rest_route=\/wp\/v2\/posts\/39066\/revisions"}],"predecessor-version":[{"id":39070,"href":"http:\/\/www.portalmantena.com.br\/novo\/index.php?rest_route=\/wp\/v2\/posts\/39066\/revisions\/39070"}],"wp:featuredmedia":[{"embeddable":true,"href":"http:\/\/www.portalmantena.com.br\/novo\/index.php?rest_route=\/wp\/v2\/media\/39067"}],"wp:attachment":[{"href":"http:\/\/www.portalmantena.com.br\/novo\/index.php?rest_route=%2Fwp%2Fv2%2Fmedia&parent=39066"}],"wp:term":[{"taxonomy":"category","embeddable":true,"href":"http:\/\/www.portalmantena.com.br\/novo\/index.php?rest_route=%2Fwp%2Fv2%2Fcategories&post=39066"},{"taxonomy":"post_tag","embeddable":true,"href":"http:\/\/www.portalmantena.com.br\/novo\/index.php?rest_route=%2Fwp%2Fv2%2Ftags&post=39066"}],"curies":[{"name":"wp","href":"https:\/\/api.w.org\/{rel}","templated":true}]}}