{"id":39035,"date":"2018-10-22T17:24:58","date_gmt":"2018-10-22T19:24:58","guid":{"rendered":"http:\/\/www.portalmantena.com.br\/novo\/?p=39035"},"modified":"2018-10-22T17:24:58","modified_gmt":"2018-10-22T19:24:58","slug":"19out-natureza-x-queimadas-imagens-que-nao-combinam","status":"publish","type":"post","link":"http:\/\/www.portalmantena.com.br\/novo\/?p=39035","title":{"rendered":"19OUT &#8211; Natureza x Queimadas, imagens que n\u00e3o combinam"},"content":{"rendered":"<p><a href=\"http:\/\/www.portalmantena.com.br\/novo\/wp-content\/uploads\/2018\/10\/dia221018a.jpg\"><strong><a href=\"http:\/\/www.portalmantena.com.br\/novo\/wp-content\/uploads\/2017\/06\/diabaner-1.jpg\"><img loading=\"lazy\" class=\"alignnone size-full wp-image-8000\" src=\"http:\/\/www.portalmantena.com.br\/novo\/wp-content\/uploads\/2017\/06\/diabaner-1.jpg\" alt=\"\" width=\"650\" height=\"100\" srcset=\"http:\/\/www.portalmantena.com.br\/novo\/wp-content\/uploads\/2017\/06\/diabaner-1.jpg 650w, http:\/\/www.portalmantena.com.br\/novo\/wp-content\/uploads\/2017\/06\/diabaner-1-300x46.jpg 300w\" sizes=\"(max-width: 650px) 100vw, 650px\" \/><\/a><\/strong><img loading=\"lazy\" class=\"alignnone size-full wp-image-39049\" src=\"http:\/\/www.portalmantena.com.br\/novo\/wp-content\/uploads\/2018\/10\/dia221018a.jpg\" alt=\"\" width=\"700\" height=\"450\" srcset=\"http:\/\/www.portalmantena.com.br\/novo\/wp-content\/uploads\/2018\/10\/dia221018a.jpg 700w, http:\/\/www.portalmantena.com.br\/novo\/wp-content\/uploads\/2018\/10\/dia221018a-300x193.jpg 300w, http:\/\/www.portalmantena.com.br\/novo\/wp-content\/uploads\/2018\/10\/dia221018a-696x447.jpg 696w, http:\/\/www.portalmantena.com.br\/novo\/wp-content\/uploads\/2018\/10\/dia221018a-653x420.jpg 653w\" sizes=\"(max-width: 700px) 100vw, 700px\" \/><\/a><\/p>\n<p><strong>19 de Outubro<\/strong>\u00a0&#8211;\u00a0O que deveria ser uma paisagem apenas para vislumbrar a beleza natural da regi\u00e3o, na tarde da \u00faltima sexta-feira ficou cinzenta em fun\u00e7\u00e3o das queimadas que crescem na regi\u00e3o, zona rural do munic\u00edpio de Mantena.<\/p>\n<p>Ao fundo a pedra dos Tr\u00eas Pont\u00f5es, um dos cart\u00f5es postais de Mantena, e no primeiro plano o terror da queimadas na regi\u00e3o. Um ano de 2018 onde os registros de fogo atingindo a vegeta\u00e7\u00e3o, seja pastagens ou matas foi maior do que anos anteriores, lamentavelmente.<\/p>\n<p><a href=\"http:\/\/www.portalmantena.com.br\/novo\/\"><img loading=\"lazy\" class=\"alignnone size-full wp-image-37331\" src=\"http:\/\/www.portalmantena.com.br\/novo\/wp-content\/uploads\/2018\/05\/faixaportalnoticias5.jpg\" alt=\"\" width=\"700\" height=\"40\" srcset=\"http:\/\/www.portalmantena.com.br\/novo\/wp-content\/uploads\/2018\/05\/faixaportalnoticias5.jpg 700w, http:\/\/www.portalmantena.com.br\/novo\/wp-content\/uploads\/2018\/05\/faixaportalnoticias5-300x17.jpg 300w, http:\/\/www.portalmantena.com.br\/novo\/wp-content\/uploads\/2018\/05\/faixaportalnoticias5-696x40.jpg 696w\" sizes=\"(max-width: 700px) 100vw, 700px\" \/><\/a><\/p>\n<p><span style=\"font-size: 10pt;\">ESPA\u00c7O EMPRESARIAL<\/span><a href=\"http:\/\/www.portalmantena.com.br\/novo\/?p=34494\"><img src=\"http:\/\/www.portalmantena.com.br\/novo\/wp-content\/uploads\/2018\/10\/universal151018.jpg\" \/><\/a><\/p>\n","protected":false},"excerpt":{"rendered":"<p>19 de Outubro\u00a0&#8211;\u00a0O que deveria ser uma paisagem apenas para vislumbrar a beleza natural da regi\u00e3o, na tarde da \u00faltima sexta-feira ficou cinzenta em fun\u00e7\u00e3o das queimadas que crescem na regi\u00e3o, zona rural do munic\u00edpio de Mantena. Ao fundo a pedra dos Tr\u00eas Pont\u00f5es, um dos cart\u00f5es postais de Mantena, e no primeiro plano o [&hellip;]<\/p>\n","protected":false},"author":1,"featured_media":39049,"comment_status":"open","ping_status":"open","sticky":false,"template":"","format":"standard","meta":[],"categories":[50],"tags":[],"_links":{"self":[{"href":"http:\/\/www.portalmantena.com.br\/novo\/index.php?rest_route=\/wp\/v2\/posts\/39035"}],"collection":[{"href":"http:\/\/www.portalmantena.com.br\/novo\/index.php?rest_route=\/wp\/v2\/posts"}],"about":[{"href":"http:\/\/www.portalmantena.com.br\/novo\/index.php?rest_route=\/wp\/v2\/types\/post"}],"author":[{"embeddable":true,"href":"http:\/\/www.portalmantena.com.br\/novo\/index.php?rest_route=\/wp\/v2\/users\/1"}],"replies":[{"embeddable":true,"href":"http:\/\/www.portalmantena.com.br\/novo\/index.php?rest_route=%2Fwp%2Fv2%2Fcomments&post=39035"}],"version-history":[{"count":1,"href":"http:\/\/www.portalmantena.com.br\/novo\/index.php?rest_route=\/wp\/v2\/posts\/39035\/revisions"}],"predecessor-version":[{"id":39050,"href":"http:\/\/www.portalmantena.com.br\/novo\/index.php?rest_route=\/wp\/v2\/posts\/39035\/revisions\/39050"}],"wp:featuredmedia":[{"embeddable":true,"href":"http:\/\/www.portalmantena.com.br\/novo\/index.php?rest_route=\/wp\/v2\/media\/39049"}],"wp:attachment":[{"href":"http:\/\/www.portalmantena.com.br\/novo\/index.php?rest_route=%2Fwp%2Fv2%2Fmedia&parent=39035"}],"wp:term":[{"taxonomy":"category","embeddable":true,"href":"http:\/\/www.portalmantena.com.br\/novo\/index.php?rest_route=%2Fwp%2Fv2%2Fcategories&post=39035"},{"taxonomy":"post_tag","embeddable":true,"href":"http:\/\/www.portalmantena.com.br\/novo\/index.php?rest_route=%2Fwp%2Fv2%2Ftags&post=39035"}],"curies":[{"name":"wp","href":"https:\/\/api.w.org\/{rel}","templated":true}]}}