{"id":39023,"date":"2018-10-22T15:15:39","date_gmt":"2018-10-22T17:15:39","guid":{"rendered":"http:\/\/www.portalmantena.com.br\/novo\/?p=39023"},"modified":"2018-10-22T15:22:44","modified_gmt":"2018-10-22T17:22:44","slug":"horario-de-verao-nem-comecou-mas-ja-provocou-transtornos","status":"publish","type":"post","link":"http:\/\/www.portalmantena.com.br\/novo\/?p=39023","title":{"rendered":"Hor\u00e1rio de ver\u00e3o nem come\u00e7ou mas j\u00e1 provocou transtornos"},"content":{"rendered":"<p><a href=\"http:\/\/www.portalmantena.com.br\/novo\/wp-content\/uploads\/2018\/10\/no221018relogio.jpg\"><img loading=\"lazy\" class=\"alignnone size-full wp-image-39024\" src=\"http:\/\/www.portalmantena.com.br\/novo\/wp-content\/uploads\/2018\/10\/no221018relogio.jpg\" alt=\"\" width=\"700\" height=\"450\" srcset=\"http:\/\/www.portalmantena.com.br\/novo\/wp-content\/uploads\/2018\/10\/no221018relogio.jpg 700w, http:\/\/www.portalmantena.com.br\/novo\/wp-content\/uploads\/2018\/10\/no221018relogio-300x193.jpg 300w, http:\/\/www.portalmantena.com.br\/novo\/wp-content\/uploads\/2018\/10\/no221018relogio-696x447.jpg 696w, http:\/\/www.portalmantena.com.br\/novo\/wp-content\/uploads\/2018\/10\/no221018relogio-653x420.jpg 653w\" sizes=\"(max-width: 700px) 100vw, 700px\" \/><\/a><\/p>\n<p><span style=\"font-size: 14pt;\">O hor\u00e1rio de ver\u00e3o ainda n\u00e3o entrou em vigor neste ano de 2018 e j\u00e1 provocou transtornos para o cidad\u00e3o. Como j\u00e1 foi divulgado pela m\u00eddia nacional, este ano de 2018 o hor\u00e1rio sofreu altera\u00e7\u00f5es na data do seu in\u00edcio, e at\u00e9 mesmo adiamentos que n\u00e3o se confirmaram, o certo \u00e9 que a data definida pelo governo ser\u00e1 mesmo dia 04 de Novembro (domingo), quando os rel\u00f3gios ser\u00e3o adiantados em 1 hora. <\/span><\/p>\n<p><span style=\"font-size: 14pt;\">As confus\u00f5es no entanto j\u00e1 come\u00e7aram com o simples adiamento da primeira data. Na \u00faltima semana, muitos aparelhos celulares j\u00e1 trocaram os hor\u00e1rios, o mesmo aconteceu na meia noite deste domingo (21), quando v\u00e1rios rel\u00f3gios de computadores e alguns celulares amanheceram com o hor\u00e1rio adiantado (hor\u00e1rio de ver\u00e3o), um sistema autom\u00e1tico que os aparelhos adotaram. <\/span><\/p>\n<p><span style=\"font-size: 14pt;\">Esta foi a segunda confus\u00e3o em uma semana, provocando transtornos e d\u00favidas que ao longo do dia foram espalhadas pelas redes sociais na internet. <\/span><\/p>\n<p><span style=\"font-size: 14pt;\">O correto \u00e9 observar a data que foi estipulada pela atual gest\u00e3o, que determinou para o pr\u00f3ximo dia 04 de Novembro, o in\u00edcio do novo hor\u00e1rio, ai sim, os rel\u00f3gios dever\u00e3o ser adiantados em 1 hora.<\/span><\/p>\n<p><span style=\"font-size: 14pt;\">Segundo informa\u00e7\u00f5es, o hor\u00e1rio de ver\u00e3o tem como tradi\u00e7\u00e3o iniciar no terceiro domingo do m\u00eas de Outubro, no entanto, em fun\u00e7\u00e3o das elei\u00e7\u00f5es 2018, disputada em dois turnos, a data foi alterada. Uma altera\u00e7\u00e3o que poderia ter sido adiada para o dia 18 de Novembro, em fun\u00e7\u00e3o de uma solicita\u00e7\u00e3o feita junto ao governo federal, em raz\u00e3o das provas do ENEM, no entanto, este segundo adiamento n\u00e3o foi adotado.\u00a0<\/span><\/p>\n<p><a href=\"http:\/\/www.portalmantena.com.br\/novo\/\"><img loading=\"lazy\" class=\"alignnone size-full wp-image-37331\" src=\"http:\/\/www.portalmantena.com.br\/novo\/wp-content\/uploads\/2018\/05\/faixaportalnoticias5.jpg\" alt=\"\" width=\"700\" height=\"40\" srcset=\"http:\/\/www.portalmantena.com.br\/novo\/wp-content\/uploads\/2018\/05\/faixaportalnoticias5.jpg 700w, http:\/\/www.portalmantena.com.br\/novo\/wp-content\/uploads\/2018\/05\/faixaportalnoticias5-300x17.jpg 300w, http:\/\/www.portalmantena.com.br\/novo\/wp-content\/uploads\/2018\/05\/faixaportalnoticias5-696x40.jpg 696w\" sizes=\"(max-width: 700px) 100vw, 700px\" \/><\/a><\/p>\n<p><span style=\"font-size: 10pt;\">ESPA\u00c7O EMPRESARIAL<\/span><a href=\"https:\/\/www.facebook.com\/lojaeletrocellcelulares\/\"><img loading=\"lazy\" class=\"alignnone size-full wp-image-37660\" src=\"http:\/\/www.portalmantena.com.br\/novo\/wp-content\/uploads\/2018\/05\/eletrocel1.jpg\" alt=\"\" width=\"700\" height=\"150\" srcset=\"http:\/\/www.portalmantena.com.br\/novo\/wp-content\/uploads\/2018\/05\/eletrocel1.jpg 700w, http:\/\/www.portalmantena.com.br\/novo\/wp-content\/uploads\/2018\/05\/eletrocel1-300x64.jpg 300w, http:\/\/www.portalmantena.com.br\/novo\/wp-content\/uploads\/2018\/05\/eletrocel1-696x150.jpg 696w\" sizes=\"(max-width: 700px) 100vw, 700px\" \/><\/a><\/p>\n","protected":false},"excerpt":{"rendered":"<p>O hor\u00e1rio de ver\u00e3o ainda n\u00e3o entrou em vigor neste ano de 2018 e j\u00e1 provocou transtornos para o cidad\u00e3o. Como j\u00e1 foi divulgado pela m\u00eddia nacional, este ano de 2018 o hor\u00e1rio sofreu altera\u00e7\u00f5es na data do seu in\u00edcio, e at\u00e9 mesmo adiamentos que n\u00e3o se confirmaram, o certo \u00e9 que a data definida [&hellip;]<\/p>\n","protected":false},"author":1,"featured_media":39024,"comment_status":"open","ping_status":"open","sticky":false,"template":"","format":"standard","meta":[],"categories":[11,74],"tags":[],"_links":{"self":[{"href":"http:\/\/www.portalmantena.com.br\/novo\/index.php?rest_route=\/wp\/v2\/posts\/39023"}],"collection":[{"href":"http:\/\/www.portalmantena.com.br\/novo\/index.php?rest_route=\/wp\/v2\/posts"}],"about":[{"href":"http:\/\/www.portalmantena.com.br\/novo\/index.php?rest_route=\/wp\/v2\/types\/post"}],"author":[{"embeddable":true,"href":"http:\/\/www.portalmantena.com.br\/novo\/index.php?rest_route=\/wp\/v2\/users\/1"}],"replies":[{"embeddable":true,"href":"http:\/\/www.portalmantena.com.br\/novo\/index.php?rest_route=%2Fwp%2Fv2%2Fcomments&post=39023"}],"version-history":[{"count":3,"href":"http:\/\/www.portalmantena.com.br\/novo\/index.php?rest_route=\/wp\/v2\/posts\/39023\/revisions"}],"predecessor-version":[{"id":39027,"href":"http:\/\/www.portalmantena.com.br\/novo\/index.php?rest_route=\/wp\/v2\/posts\/39023\/revisions\/39027"}],"wp:featuredmedia":[{"embeddable":true,"href":"http:\/\/www.portalmantena.com.br\/novo\/index.php?rest_route=\/wp\/v2\/media\/39024"}],"wp:attachment":[{"href":"http:\/\/www.portalmantena.com.br\/novo\/index.php?rest_route=%2Fwp%2Fv2%2Fmedia&parent=39023"}],"wp:term":[{"taxonomy":"category","embeddable":true,"href":"http:\/\/www.portalmantena.com.br\/novo\/index.php?rest_route=%2Fwp%2Fv2%2Fcategories&post=39023"},{"taxonomy":"post_tag","embeddable":true,"href":"http:\/\/www.portalmantena.com.br\/novo\/index.php?rest_route=%2Fwp%2Fv2%2Ftags&post=39023"}],"curies":[{"name":"wp","href":"https:\/\/api.w.org\/{rel}","templated":true}]}}