{"id":38966,"date":"2018-10-22T09:40:21","date_gmt":"2018-10-22T11:40:21","guid":{"rendered":"http:\/\/www.portalmantena.com.br\/novo\/?p=38966"},"modified":"2018-10-22T09:40:21","modified_gmt":"2018-10-22T11:40:21","slug":"carro-derruba-poste-em-bsf-4-pessoas-ficam-feridas","status":"publish","type":"post","link":"http:\/\/www.portalmantena.com.br\/novo\/?p=38966","title":{"rendered":"Carro derruba poste em BSF, 4 pessoas ficam feridas"},"content":{"rendered":"<p><a href=\"http:\/\/www.portalmantena.com.br\/novo\/wp-content\/uploads\/2018\/10\/no221018aci1.jpg\"><img loading=\"lazy\" class=\"alignnone size-full wp-image-38967\" src=\"http:\/\/www.portalmantena.com.br\/novo\/wp-content\/uploads\/2018\/10\/no221018aci1.jpg\" alt=\"\" width=\"700\" height=\"450\" srcset=\"http:\/\/www.portalmantena.com.br\/novo\/wp-content\/uploads\/2018\/10\/no221018aci1.jpg 700w, http:\/\/www.portalmantena.com.br\/novo\/wp-content\/uploads\/2018\/10\/no221018aci1-300x193.jpg 300w, http:\/\/www.portalmantena.com.br\/novo\/wp-content\/uploads\/2018\/10\/no221018aci1-696x447.jpg 696w, http:\/\/www.portalmantena.com.br\/novo\/wp-content\/uploads\/2018\/10\/no221018aci1-653x420.jpg 653w\" sizes=\"(max-width: 700px) 100vw, 700px\" \/><\/a><span style=\"font-size: 10pt;\">Fotos: Ronan Gava Jr<\/span><\/p>\n<p><span style=\"font-size: 14pt;\">Um grave acidente, na rodovia ES 080, pr\u00f3ximo ao parque Sombra da Tarde, em Barra de S\u00e3o Francisco, foi registrado na tarde deste s\u00e1bado dia 20 de Outubro, deixando pessoas feridas. <\/span><\/p>\n<p><span style=\"font-size: 14pt;\">Segundo informa\u00e7\u00f5es, al\u00e9m da condutora de 36 anos, estavam no ve\u00edculo Ford EcoSport de cor vermelha, a m\u00e3e da condutora e duas crian\u00e7as, um menino de 6 anos e uma menina de 4 anos. <\/span><\/p>\n<p><span style=\"font-size: 14pt;\">Segundo relatos, a condutora seguia sentido Vila Paulista, quando teria perdido o controle da dire\u00e7\u00e3o do ve\u00edculo ap\u00f3s passar sobre um buraco, o carro ent\u00e3o saiu da pista e bateu violentamente contra um poste da rede el\u00e9trica, atingindo principalmente o lado esquerdo do ve\u00edculo, na parte dos passageiros. <\/span><\/p>\n<p><span style=\"font-size: 14pt;\">No impacto, a motorista, sua m\u00e3e e a crian\u00e7a de 4 anos tiveram ferimentos leves, e foram socorridos por populares at\u00e9 o hospital Dr. Alceu Melga\u00e7o em Barra de S\u00e3o Francisco. J\u00e1 o garoto de 6 anos, identificado como Hartur, sofreu um ferimento mais grave (ele estava do lado onde o ve\u00edculo recebeu o impacto). <\/span><\/p>\n<p><span style=\"font-size: 14pt;\">Ap\u00f3s os primeiros procedimentos no hospital em S\u00e3o Francisco, segundo informa\u00e7\u00f5es ele foi transferido para o Hospital Infantil em Vit\u00f3ria, para tanto um helic\u00f3ptero foi utilizado no translado. (Fotos: Ronan Gava Jr.).<\/span><\/p>\n<p><a href=\"http:\/\/www.portalmantena.com.br\/novo\/wp-content\/uploads\/2018\/10\/no221018aci2.jpg\"><img loading=\"lazy\" class=\"alignnone size-full wp-image-38968\" src=\"http:\/\/www.portalmantena.com.br\/novo\/wp-content\/uploads\/2018\/10\/no221018aci2.jpg\" alt=\"\" width=\"700\" height=\"450\" srcset=\"http:\/\/www.portalmantena.com.br\/novo\/wp-content\/uploads\/2018\/10\/no221018aci2.jpg 700w, http:\/\/www.portalmantena.com.br\/novo\/wp-content\/uploads\/2018\/10\/no221018aci2-300x193.jpg 300w, http:\/\/www.portalmantena.com.br\/novo\/wp-content\/uploads\/2018\/10\/no221018aci2-696x447.jpg 696w, http:\/\/www.portalmantena.com.br\/novo\/wp-content\/uploads\/2018\/10\/no221018aci2-653x420.jpg 653w\" sizes=\"(max-width: 700px) 100vw, 700px\" \/><\/a><a href=\"http:\/\/www.portalmantena.com.br\/novo\/\"><img loading=\"lazy\" class=\"alignnone size-full wp-image-37331\" src=\"http:\/\/www.portalmantena.com.br\/novo\/wp-content\/uploads\/2018\/05\/faixaportalnoticias5.jpg\" alt=\"\" width=\"700\" height=\"40\" srcset=\"http:\/\/www.portalmantena.com.br\/novo\/wp-content\/uploads\/2018\/05\/faixaportalnoticias5.jpg 700w, http:\/\/www.portalmantena.com.br\/novo\/wp-content\/uploads\/2018\/05\/faixaportalnoticias5-300x17.jpg 300w, http:\/\/www.portalmantena.com.br\/novo\/wp-content\/uploads\/2018\/05\/faixaportalnoticias5-696x40.jpg 696w\" sizes=\"(max-width: 700px) 100vw, 700px\" \/><\/a><\/p>\n<p><span style=\"font-size: 10pt;\">ESPA\u00c7O EMPRESARIAL<\/span><a href=\"https:\/\/www.facebook.com\/redevalente\/\"><img loading=\"lazy\" class=\"alignnone size-full wp-image-29188\" src=\"http:\/\/www.portalmantena.com.br\/novo\/wp-content\/uploads\/2018\/05\/valentefaixa.jpg\" alt=\"\" width=\"700\" height=\"150\" srcset=\"http:\/\/www.portalmantena.com.br\/novo\/wp-content\/uploads\/2018\/05\/valentefaixa.jpg 700w, http:\/\/www.portalmantena.com.br\/novo\/wp-content\/uploads\/2018\/05\/valentefaixa-300x64.jpg 300w, http:\/\/www.portalmantena.com.br\/novo\/wp-content\/uploads\/2018\/05\/valentefaixa-696x150.jpg 696w\" sizes=\"(max-width: 700px) 100vw, 700px\" \/><\/a><\/p>\n","protected":false},"excerpt":{"rendered":"<p>Fotos: Ronan Gava Jr Um grave acidente, na rodovia ES 080, pr\u00f3ximo ao parque Sombra da Tarde, em Barra de S\u00e3o Francisco, foi registrado na tarde deste s\u00e1bado dia 20 de Outubro, deixando pessoas feridas. Segundo informa\u00e7\u00f5es, al\u00e9m da condutora de 36 anos, estavam no ve\u00edculo Ford EcoSport de cor vermelha, a m\u00e3e da condutora [&hellip;]<\/p>\n","protected":false},"author":1,"featured_media":38967,"comment_status":"open","ping_status":"open","sticky":false,"template":"","format":"standard","meta":[],"categories":[11,39],"tags":[],"_links":{"self":[{"href":"http:\/\/www.portalmantena.com.br\/novo\/index.php?rest_route=\/wp\/v2\/posts\/38966"}],"collection":[{"href":"http:\/\/www.portalmantena.com.br\/novo\/index.php?rest_route=\/wp\/v2\/posts"}],"about":[{"href":"http:\/\/www.portalmantena.com.br\/novo\/index.php?rest_route=\/wp\/v2\/types\/post"}],"author":[{"embeddable":true,"href":"http:\/\/www.portalmantena.com.br\/novo\/index.php?rest_route=\/wp\/v2\/users\/1"}],"replies":[{"embeddable":true,"href":"http:\/\/www.portalmantena.com.br\/novo\/index.php?rest_route=%2Fwp%2Fv2%2Fcomments&post=38966"}],"version-history":[{"count":1,"href":"http:\/\/www.portalmantena.com.br\/novo\/index.php?rest_route=\/wp\/v2\/posts\/38966\/revisions"}],"predecessor-version":[{"id":38969,"href":"http:\/\/www.portalmantena.com.br\/novo\/index.php?rest_route=\/wp\/v2\/posts\/38966\/revisions\/38969"}],"wp:featuredmedia":[{"embeddable":true,"href":"http:\/\/www.portalmantena.com.br\/novo\/index.php?rest_route=\/wp\/v2\/media\/38967"}],"wp:attachment":[{"href":"http:\/\/www.portalmantena.com.br\/novo\/index.php?rest_route=%2Fwp%2Fv2%2Fmedia&parent=38966"}],"wp:term":[{"taxonomy":"category","embeddable":true,"href":"http:\/\/www.portalmantena.com.br\/novo\/index.php?rest_route=%2Fwp%2Fv2%2Fcategories&post=38966"},{"taxonomy":"post_tag","embeddable":true,"href":"http:\/\/www.portalmantena.com.br\/novo\/index.php?rest_route=%2Fwp%2Fv2%2Ftags&post=38966"}],"curies":[{"name":"wp","href":"https:\/\/api.w.org\/{rel}","templated":true}]}}