{"id":38961,"date":"2018-10-19T16:49:53","date_gmt":"2018-10-19T19:49:53","guid":{"rendered":"http:\/\/www.portalmantena.com.br\/novo\/?p=38961"},"modified":"2018-10-19T16:51:30","modified_gmt":"2018-10-19T19:51:30","slug":"19out-fumaca-de-queimadas-escondem-a-pedra-do-emiliano","status":"publish","type":"post","link":"http:\/\/www.portalmantena.com.br\/novo\/?p=38961","title":{"rendered":"19OUT &#8211; Fuma\u00e7a de Queimadas escondem a Pedra do Emiliano"},"content":{"rendered":"<p><strong><a href=\"http:\/\/www.portalmantena.com.br\/novo\/wp-content\/uploads\/2017\/06\/diabaner-1.jpg\"><img loading=\"lazy\" class=\"alignnone size-full wp-image-8000\" src=\"http:\/\/www.portalmantena.com.br\/novo\/wp-content\/uploads\/2017\/06\/diabaner-1.jpg\" alt=\"\" width=\"650\" height=\"100\" srcset=\"http:\/\/www.portalmantena.com.br\/novo\/wp-content\/uploads\/2017\/06\/diabaner-1.jpg 650w, http:\/\/www.portalmantena.com.br\/novo\/wp-content\/uploads\/2017\/06\/diabaner-1-300x46.jpg 300w\" sizes=\"(max-width: 650px) 100vw, 650px\" \/><\/a><\/strong><a href=\"http:\/\/www.portalmantena.com.br\/novo\/wp-content\/uploads\/2018\/10\/dia191018b.jpg\"><img loading=\"lazy\" class=\"alignnone size-full wp-image-38962\" src=\"http:\/\/www.portalmantena.com.br\/novo\/wp-content\/uploads\/2018\/10\/dia191018b.jpg\" alt=\"\" width=\"700\" height=\"450\" srcset=\"http:\/\/www.portalmantena.com.br\/novo\/wp-content\/uploads\/2018\/10\/dia191018b.jpg 700w, http:\/\/www.portalmantena.com.br\/novo\/wp-content\/uploads\/2018\/10\/dia191018b-300x193.jpg 300w, http:\/\/www.portalmantena.com.br\/novo\/wp-content\/uploads\/2018\/10\/dia191018b-696x447.jpg 696w, http:\/\/www.portalmantena.com.br\/novo\/wp-content\/uploads\/2018\/10\/dia191018b-653x420.jpg 653w\" sizes=\"(max-width: 700px) 100vw, 700px\" \/><\/a><\/p>\n<p><strong>19 de Outubro<\/strong>\u00a0&#8211;\u00a0O que poderia ser nuvens de chuva fina se aproximando de Mantena na tarde desta sexta-feira, lamentavelmente \u00e9 o resultado de mais uma queimada acontecendo na regi\u00e3o.<\/p>\n<p>A tarde desta sexta-feira mais uma vez marcada por muita fuma\u00e7a, e a imagem mostra bem a Pedra do Emiliano (cart\u00e3o postal da cidade), quase que completamente coberta pela fuma\u00e7a densa de alguma queimada acontecendo nas imedia\u00e7\u00f5es.<\/p>\n<p>Os ventos mudaram a trajet\u00f3ria da fuma\u00e7a, fazendo com que boa parte dela se movesse em frente \u00e0 Pedra, mostrando tamb\u00e9m a dimens\u00e3o deste estrago que novamente atinge o meio ambiente.<\/p>\n<p>Mesmo com campanhas sendo feitas para que evitem as queimadas, o homem n\u00e3o d\u00e1 ouvidos e continua agindo de forma contr\u00e1ria, provocando devasta\u00e7\u00e3o. Com a aproxima\u00e7\u00e3o da temporada de chuvas, cenas como este podem se tornar mais intensas nos pr\u00f3ximos dias.<\/p>\n<p><a href=\"http:\/\/www.portalmantena.com.br\/novo\/\"><img loading=\"lazy\" class=\"alignnone size-full wp-image-37331\" src=\"http:\/\/www.portalmantena.com.br\/novo\/wp-content\/uploads\/2018\/05\/faixaportalnoticias5.jpg\" alt=\"\" width=\"700\" height=\"40\" srcset=\"http:\/\/www.portalmantena.com.br\/novo\/wp-content\/uploads\/2018\/05\/faixaportalnoticias5.jpg 700w, http:\/\/www.portalmantena.com.br\/novo\/wp-content\/uploads\/2018\/05\/faixaportalnoticias5-300x17.jpg 300w, http:\/\/www.portalmantena.com.br\/novo\/wp-content\/uploads\/2018\/05\/faixaportalnoticias5-696x40.jpg 696w\" sizes=\"(max-width: 700px) 100vw, 700px\" \/><\/a><\/p>\n<p><span style=\"font-size: 10pt;\">ESPA\u00c7O EMPRESARIAL<\/span><a href=\"http:\/\/www.portalmantena.com.br\/novo\/wp-content\/uploads\/2018\/05\/postoterraboa.jpg\"><img loading=\"lazy\" class=\"alignnone size-full wp-image-29172\" src=\"http:\/\/www.portalmantena.com.br\/novo\/wp-content\/uploads\/2018\/05\/postoterraboa.jpg\" alt=\"\" width=\"700\" height=\"150\" srcset=\"http:\/\/www.portalmantena.com.br\/novo\/wp-content\/uploads\/2018\/05\/postoterraboa.jpg 700w, http:\/\/www.portalmantena.com.br\/novo\/wp-content\/uploads\/2018\/05\/postoterraboa-300x64.jpg 300w, http:\/\/www.portalmantena.com.br\/novo\/wp-content\/uploads\/2018\/05\/postoterraboa-696x150.jpg 696w\" sizes=\"(max-width: 700px) 100vw, 700px\" \/><\/a><\/p>\n","protected":false},"excerpt":{"rendered":"<p>19 de Outubro\u00a0&#8211;\u00a0O que poderia ser nuvens de chuva fina se aproximando de Mantena na tarde desta sexta-feira, lamentavelmente \u00e9 o resultado de mais uma queimada acontecendo na regi\u00e3o. A tarde desta sexta-feira mais uma vez marcada por muita fuma\u00e7a, e a imagem mostra bem a Pedra do Emiliano (cart\u00e3o postal da cidade), quase que [&hellip;]<\/p>\n","protected":false},"author":1,"featured_media":38962,"comment_status":"open","ping_status":"open","sticky":false,"template":"","format":"standard","meta":[],"categories":[50],"tags":[],"_links":{"self":[{"href":"http:\/\/www.portalmantena.com.br\/novo\/index.php?rest_route=\/wp\/v2\/posts\/38961"}],"collection":[{"href":"http:\/\/www.portalmantena.com.br\/novo\/index.php?rest_route=\/wp\/v2\/posts"}],"about":[{"href":"http:\/\/www.portalmantena.com.br\/novo\/index.php?rest_route=\/wp\/v2\/types\/post"}],"author":[{"embeddable":true,"href":"http:\/\/www.portalmantena.com.br\/novo\/index.php?rest_route=\/wp\/v2\/users\/1"}],"replies":[{"embeddable":true,"href":"http:\/\/www.portalmantena.com.br\/novo\/index.php?rest_route=%2Fwp%2Fv2%2Fcomments&post=38961"}],"version-history":[{"count":2,"href":"http:\/\/www.portalmantena.com.br\/novo\/index.php?rest_route=\/wp\/v2\/posts\/38961\/revisions"}],"predecessor-version":[{"id":38964,"href":"http:\/\/www.portalmantena.com.br\/novo\/index.php?rest_route=\/wp\/v2\/posts\/38961\/revisions\/38964"}],"wp:featuredmedia":[{"embeddable":true,"href":"http:\/\/www.portalmantena.com.br\/novo\/index.php?rest_route=\/wp\/v2\/media\/38962"}],"wp:attachment":[{"href":"http:\/\/www.portalmantena.com.br\/novo\/index.php?rest_route=%2Fwp%2Fv2%2Fmedia&parent=38961"}],"wp:term":[{"taxonomy":"category","embeddable":true,"href":"http:\/\/www.portalmantena.com.br\/novo\/index.php?rest_route=%2Fwp%2Fv2%2Fcategories&post=38961"},{"taxonomy":"post_tag","embeddable":true,"href":"http:\/\/www.portalmantena.com.br\/novo\/index.php?rest_route=%2Fwp%2Fv2%2Ftags&post=38961"}],"curies":[{"name":"wp","href":"https:\/\/api.w.org\/{rel}","templated":true}]}}