{"id":38940,"date":"2018-10-19T13:54:07","date_gmt":"2018-10-19T16:54:07","guid":{"rendered":"http:\/\/www.portalmantena.com.br\/novo\/?p=38940"},"modified":"2018-10-19T13:54:07","modified_gmt":"2018-10-19T16:54:07","slug":"chuva-volumosa-caiu-no-corrego-do-turvinho-em-mantena","status":"publish","type":"post","link":"http:\/\/www.portalmantena.com.br\/novo\/?p=38940","title":{"rendered":"Chuva volumosa caiu no C\u00f3rrego do Turvinho em Mantena"},"content":{"rendered":"<p><a href=\"http:\/\/www.portalmantena.com.br\/novo\/wp-content\/uploads\/2018\/10\/no191018chuva1.jpg\"><img loading=\"lazy\" class=\"alignnone size-full wp-image-38941\" src=\"http:\/\/www.portalmantena.com.br\/novo\/wp-content\/uploads\/2018\/10\/no191018chuva1.jpg\" alt=\"\" width=\"700\" height=\"450\" srcset=\"http:\/\/www.portalmantena.com.br\/novo\/wp-content\/uploads\/2018\/10\/no191018chuva1.jpg 700w, http:\/\/www.portalmantena.com.br\/novo\/wp-content\/uploads\/2018\/10\/no191018chuva1-300x193.jpg 300w, http:\/\/www.portalmantena.com.br\/novo\/wp-content\/uploads\/2018\/10\/no191018chuva1-696x447.jpg 696w, http:\/\/www.portalmantena.com.br\/novo\/wp-content\/uploads\/2018\/10\/no191018chuva1-653x420.jpg 653w\" sizes=\"(max-width: 700px) 100vw, 700px\" \/><\/a><\/p>\n<p><span style=\"font-size: 14pt;\">Mesmo com muitas trovoadas e raios que iluminaram o c\u00e9u de Mantena na noite desta quinta-feira (18), a chuva n\u00e3o veio no volume esperado sobre a cidade. Ao todo, de acordo com a esta\u00e7\u00e3o meteorol\u00f3gica instalada na ETA\/SAAE em Mantena, foram apenas 3.2 mil\u00edmetros de chuva sobre a cidade. <\/span><\/p>\n<p><span style=\"font-size: 14pt;\">A boa not\u00edcia foi o volume de chuva que caiu sobre as cabeceiras, (c\u00f3rrego do Turvo e Turvinho), respons\u00e1veis por ofertar \u00e1gua bruta para o tratamento e distribui\u00e7\u00e3o \u00e0 popula\u00e7\u00e3o mantenense. <\/span><\/p>\n<p><span style=\"font-size: 14pt;\">Segundo informa\u00e7\u00f5es coletadas por um Pluvi\u00f4metro instalado em uma propriedade rural no c\u00f3rrego do Turvinho, foram 35 mil\u00edmetros, em cerca de 20 minutos de chuva. <\/span><\/p>\n<p><span style=\"font-size: 14pt;\">Este volume todo de chuva serviu para recompor em parte, o volume de \u00e1gua na barragem do Turvo, de onde o SAAE coleta \u00e1gua para o tratamento. No entanto, ainda \u00e9 pouco para proporcionar uma tranquilidade na oferta de \u00e1gua para o abastecimento. <\/span><\/p>\n<p><span style=\"font-size: 14pt;\">A situa\u00e7\u00e3o da estiagem vem se agravando na regi\u00e3o, j\u00e1 s\u00e3o v\u00e1rias cidades enfrentando o desabastecimento com mananciais secando. <\/span><\/p>\n<p><span style=\"font-size: 14pt;\">Mantena, mesmo possuindo 3 barragens coletoras, n\u00e3o est\u00e1 isenta de problemas provocados pela estiagem, desta forma \u00e9 sempre bom lembrar ao consumidor mantenense para economizar, n\u00e3o desperdi\u00e7ar \u00e1gua, pelo menos nesta \u00e9poca de estiagem. <\/span><\/p>\n<p><span style=\"font-size: 14pt;\">O m\u00eas de Novembro vem chegando, e a expectativa \u00e9 que com a chegada das chuvas, a situa\u00e7\u00e3o volte ao normal. (foto:Lindomar).<\/span><\/p>\n<p><a href=\"http:\/\/www.portalmantena.com.br\/novo\/wp-content\/uploads\/2018\/10\/no191018chuva2.jpg\"><img loading=\"lazy\" class=\"alignnone size-full wp-image-38942\" src=\"http:\/\/www.portalmantena.com.br\/novo\/wp-content\/uploads\/2018\/10\/no191018chuva2.jpg\" alt=\"\" width=\"700\" height=\"450\" srcset=\"http:\/\/www.portalmantena.com.br\/novo\/wp-content\/uploads\/2018\/10\/no191018chuva2.jpg 700w, http:\/\/www.portalmantena.com.br\/novo\/wp-content\/uploads\/2018\/10\/no191018chuva2-300x193.jpg 300w, http:\/\/www.portalmantena.com.br\/novo\/wp-content\/uploads\/2018\/10\/no191018chuva2-696x447.jpg 696w, http:\/\/www.portalmantena.com.br\/novo\/wp-content\/uploads\/2018\/10\/no191018chuva2-653x420.jpg 653w\" sizes=\"(max-width: 700px) 100vw, 700px\" \/><\/a> <a href=\"http:\/\/www.portalmantena.com.br\/novo\/wp-content\/uploads\/2018\/10\/no191018chuva3.jpg\"><img loading=\"lazy\" class=\"alignnone size-full wp-image-38943\" src=\"http:\/\/www.portalmantena.com.br\/novo\/wp-content\/uploads\/2018\/10\/no191018chuva3.jpg\" alt=\"\" width=\"700\" height=\"450\" srcset=\"http:\/\/www.portalmantena.com.br\/novo\/wp-content\/uploads\/2018\/10\/no191018chuva3.jpg 700w, http:\/\/www.portalmantena.com.br\/novo\/wp-content\/uploads\/2018\/10\/no191018chuva3-300x193.jpg 300w, http:\/\/www.portalmantena.com.br\/novo\/wp-content\/uploads\/2018\/10\/no191018chuva3-696x447.jpg 696w, http:\/\/www.portalmantena.com.br\/novo\/wp-content\/uploads\/2018\/10\/no191018chuva3-653x420.jpg 653w\" sizes=\"(max-width: 700px) 100vw, 700px\" \/><\/a><\/p>\n<p><a href=\"http:\/\/www.portalmantena.com.br\/novo\/\"><img loading=\"lazy\" class=\"alignnone size-full wp-image-37331\" src=\"http:\/\/www.portalmantena.com.br\/novo\/wp-content\/uploads\/2018\/05\/faixaportalnoticias5.jpg\" alt=\"\" width=\"700\" height=\"40\" srcset=\"http:\/\/www.portalmantena.com.br\/novo\/wp-content\/uploads\/2018\/05\/faixaportalnoticias5.jpg 700w, http:\/\/www.portalmantena.com.br\/novo\/wp-content\/uploads\/2018\/05\/faixaportalnoticias5-300x17.jpg 300w, http:\/\/www.portalmantena.com.br\/novo\/wp-content\/uploads\/2018\/05\/faixaportalnoticias5-696x40.jpg 696w\" sizes=\"(max-width: 700px) 100vw, 700px\" \/><\/a><\/p>\n<p><span style=\"font-size: 10pt;\">ESPA\u00c7O EMPRESARIAL<\/span><a href=\"http:\/\/www.portalmantena.com.br\/novo\/wp-content\/uploads\/2018\/05\/cafebonzonfaixa.jpg\"><img loading=\"lazy\" class=\"alignnone size-full wp-image-29162\" src=\"http:\/\/www.portalmantena.com.br\/novo\/wp-content\/uploads\/2018\/05\/cafebonzonfaixa.jpg\" alt=\"\" width=\"700\" height=\"150\" srcset=\"http:\/\/www.portalmantena.com.br\/novo\/wp-content\/uploads\/2018\/05\/cafebonzonfaixa.jpg 700w, http:\/\/www.portalmantena.com.br\/novo\/wp-content\/uploads\/2018\/05\/cafebonzonfaixa-300x64.jpg 300w, http:\/\/www.portalmantena.com.br\/novo\/wp-content\/uploads\/2018\/05\/cafebonzonfaixa-696x150.jpg 696w\" sizes=\"(max-width: 700px) 100vw, 700px\" \/><\/a><\/p>\n","protected":false},"excerpt":{"rendered":"<p>Mesmo com muitas trovoadas e raios que iluminaram o c\u00e9u de Mantena na noite desta quinta-feira (18), a chuva n\u00e3o veio no volume esperado sobre a cidade. Ao todo, de acordo com a esta\u00e7\u00e3o meteorol\u00f3gica instalada na ETA\/SAAE em Mantena, foram apenas 3.2 mil\u00edmetros de chuva sobre a cidade. A boa not\u00edcia foi o volume [&hellip;]<\/p>\n","protected":false},"author":1,"featured_media":38941,"comment_status":"open","ping_status":"open","sticky":false,"template":"","format":"standard","meta":[],"categories":[36,12],"tags":[],"_links":{"self":[{"href":"http:\/\/www.portalmantena.com.br\/novo\/index.php?rest_route=\/wp\/v2\/posts\/38940"}],"collection":[{"href":"http:\/\/www.portalmantena.com.br\/novo\/index.php?rest_route=\/wp\/v2\/posts"}],"about":[{"href":"http:\/\/www.portalmantena.com.br\/novo\/index.php?rest_route=\/wp\/v2\/types\/post"}],"author":[{"embeddable":true,"href":"http:\/\/www.portalmantena.com.br\/novo\/index.php?rest_route=\/wp\/v2\/users\/1"}],"replies":[{"embeddable":true,"href":"http:\/\/www.portalmantena.com.br\/novo\/index.php?rest_route=%2Fwp%2Fv2%2Fcomments&post=38940"}],"version-history":[{"count":1,"href":"http:\/\/www.portalmantena.com.br\/novo\/index.php?rest_route=\/wp\/v2\/posts\/38940\/revisions"}],"predecessor-version":[{"id":38944,"href":"http:\/\/www.portalmantena.com.br\/novo\/index.php?rest_route=\/wp\/v2\/posts\/38940\/revisions\/38944"}],"wp:featuredmedia":[{"embeddable":true,"href":"http:\/\/www.portalmantena.com.br\/novo\/index.php?rest_route=\/wp\/v2\/media\/38941"}],"wp:attachment":[{"href":"http:\/\/www.portalmantena.com.br\/novo\/index.php?rest_route=%2Fwp%2Fv2%2Fmedia&parent=38940"}],"wp:term":[{"taxonomy":"category","embeddable":true,"href":"http:\/\/www.portalmantena.com.br\/novo\/index.php?rest_route=%2Fwp%2Fv2%2Fcategories&post=38940"},{"taxonomy":"post_tag","embeddable":true,"href":"http:\/\/www.portalmantena.com.br\/novo\/index.php?rest_route=%2Fwp%2Fv2%2Ftags&post=38940"}],"curies":[{"name":"wp","href":"https:\/\/api.w.org\/{rel}","templated":true}]}}