{"id":38865,"date":"2018-10-19T22:36:14","date_gmt":"2018-10-20T01:36:14","guid":{"rendered":"http:\/\/www.portalmantena.com.br\/novo\/?p=38865"},"modified":"2018-10-18T15:43:46","modified_gmt":"2018-10-18T18:43:46","slug":"pm-recupera-motos-roubadas-e-objetos-homem-foi-preso","status":"publish","type":"post","link":"http:\/\/www.portalmantena.com.br\/novo\/?p=38865","title":{"rendered":"PM recupera motos roubadas e objetos, homem foi preso"},"content":{"rendered":"<p><a href=\"http:\/\/www.portalmantena.com.br\/novo\/wp-content\/uploads\/2018\/10\/no181018roubo.jpg\"><img loading=\"lazy\" class=\"alignnone size-full wp-image-38866\" src=\"http:\/\/www.portalmantena.com.br\/novo\/wp-content\/uploads\/2018\/10\/no181018roubo.jpg\" alt=\"\" width=\"700\" height=\"450\" srcset=\"http:\/\/www.portalmantena.com.br\/novo\/wp-content\/uploads\/2018\/10\/no181018roubo.jpg 700w, http:\/\/www.portalmantena.com.br\/novo\/wp-content\/uploads\/2018\/10\/no181018roubo-300x193.jpg 300w, http:\/\/www.portalmantena.com.br\/novo\/wp-content\/uploads\/2018\/10\/no181018roubo-696x447.jpg 696w, http:\/\/www.portalmantena.com.br\/novo\/wp-content\/uploads\/2018\/10\/no181018roubo-653x420.jpg 653w\" sizes=\"(max-width: 700px) 100vw, 700px\" \/><\/a><\/p>\n<p><span style=\"font-size: 14pt;\">Na ter\u00e7a-feira (16), militares da 2\u00aa Companhia do 8\u00ba Batalh\u00e3o recuperaram duas motocicletas roubadas e prenderam um homem acusado de cometer diversos furtos, durante o patrulhamento em Itapina (Colatina) e Baixo Guandu. <\/span><\/p>\n<p><span style=\"font-size: 14pt;\">Em Baixo Guandu, os militares prenderam um jovem de 23 anos, acusado de cometer diversos furtos no munic\u00edpio. <\/span><\/p>\n<p><span style=\"font-size: 14pt;\">Com ele foram apreendidos v\u00e1rios aparelhos celulares, uma bicicleta, \u00f3culos de sol, notebook, rel\u00f3gios, bijuterias, al\u00e9m de uma chave de fenda que era utilizada para abrir a porta dos ve\u00edculos das v\u00edtimas. Uma das v\u00edtimas, que teve a bicicleta furtada, identificou o suspeito e imediatamente acionou a Pol\u00edcia Militar. <\/span><\/p>\n<p><span style=\"font-size: 14pt;\">No bairro Val Para\u00edso, os policiais localizaram uma Honda CG 150, vermelha, que havia sido furtada h\u00e1 poucos dias na cidade. O ve\u00edculo estava com a placa trocada. Ningu\u00e9m foi preso. <\/span><\/p>\n<p><span style=\"font-size: 14pt;\">Em Itapina, distrito do munic\u00edpio de Colatina, os policiais patrulhavam pela estrada de ch\u00e3o quando avistaram uma motocicleta Honda CG, verde, jogada \u00e0s margens da estrada. Ao consultar o sistema integrado de tr\u00e2nsito, a equipe constatou a restri\u00e7\u00e3o de furto\/roubo. <\/span><\/p>\n<p><span style=\"font-size: 14pt;\">O detido e os ve\u00edculos recuperados nas a\u00e7\u00f5es foram encaminhados aos departamentos policiais para o registro das ocorr\u00eancias. (fonte\/foto:PM).<\/span><\/p>\n<p><a href=\"http:\/\/www.portalmantena.com.br\/novo\/\"><img loading=\"lazy\" class=\"alignnone size-full wp-image-37331\" src=\"http:\/\/www.portalmantena.com.br\/novo\/wp-content\/uploads\/2018\/05\/faixaportalnoticias5.jpg\" alt=\"\" width=\"700\" height=\"40\" srcset=\"http:\/\/www.portalmantena.com.br\/novo\/wp-content\/uploads\/2018\/05\/faixaportalnoticias5.jpg 700w, http:\/\/www.portalmantena.com.br\/novo\/wp-content\/uploads\/2018\/05\/faixaportalnoticias5-300x17.jpg 300w, http:\/\/www.portalmantena.com.br\/novo\/wp-content\/uploads\/2018\/05\/faixaportalnoticias5-696x40.jpg 696w\" sizes=\"(max-width: 700px) 100vw, 700px\" \/><\/a><\/p>\n<p><span style=\"font-size: 10pt;\">ESPA\u00c7O EMPRESARIAL<\/span><a href=\"https:\/\/www.facebook.com\/redevalente\/\"><img loading=\"lazy\" class=\"alignnone size-full wp-image-29188\" src=\"http:\/\/www.portalmantena.com.br\/novo\/wp-content\/uploads\/2018\/05\/valentefaixa.jpg\" alt=\"\" width=\"700\" height=\"150\" srcset=\"http:\/\/www.portalmantena.com.br\/novo\/wp-content\/uploads\/2018\/05\/valentefaixa.jpg 700w, http:\/\/www.portalmantena.com.br\/novo\/wp-content\/uploads\/2018\/05\/valentefaixa-300x64.jpg 300w, http:\/\/www.portalmantena.com.br\/novo\/wp-content\/uploads\/2018\/05\/valentefaixa-696x150.jpg 696w\" sizes=\"(max-width: 700px) 100vw, 700px\" \/><\/a><\/p>\n","protected":false},"excerpt":{"rendered":"<p>Na ter\u00e7a-feira (16), militares da 2\u00aa Companhia do 8\u00ba Batalh\u00e3o recuperaram duas motocicletas roubadas e prenderam um homem acusado de cometer diversos furtos, durante o patrulhamento em Itapina (Colatina) e Baixo Guandu. Em Baixo Guandu, os militares prenderam um jovem de 23 anos, acusado de cometer diversos furtos no munic\u00edpio. Com ele foram apreendidos v\u00e1rios [&hellip;]<\/p>\n","protected":false},"author":1,"featured_media":38866,"comment_status":"open","ping_status":"open","sticky":false,"template":"","format":"standard","meta":[],"categories":[11,34],"tags":[],"_links":{"self":[{"href":"http:\/\/www.portalmantena.com.br\/novo\/index.php?rest_route=\/wp\/v2\/posts\/38865"}],"collection":[{"href":"http:\/\/www.portalmantena.com.br\/novo\/index.php?rest_route=\/wp\/v2\/posts"}],"about":[{"href":"http:\/\/www.portalmantena.com.br\/novo\/index.php?rest_route=\/wp\/v2\/types\/post"}],"author":[{"embeddable":true,"href":"http:\/\/www.portalmantena.com.br\/novo\/index.php?rest_route=\/wp\/v2\/users\/1"}],"replies":[{"embeddable":true,"href":"http:\/\/www.portalmantena.com.br\/novo\/index.php?rest_route=%2Fwp%2Fv2%2Fcomments&post=38865"}],"version-history":[{"count":1,"href":"http:\/\/www.portalmantena.com.br\/novo\/index.php?rest_route=\/wp\/v2\/posts\/38865\/revisions"}],"predecessor-version":[{"id":38867,"href":"http:\/\/www.portalmantena.com.br\/novo\/index.php?rest_route=\/wp\/v2\/posts\/38865\/revisions\/38867"}],"wp:featuredmedia":[{"embeddable":true,"href":"http:\/\/www.portalmantena.com.br\/novo\/index.php?rest_route=\/wp\/v2\/media\/38866"}],"wp:attachment":[{"href":"http:\/\/www.portalmantena.com.br\/novo\/index.php?rest_route=%2Fwp%2Fv2%2Fmedia&parent=38865"}],"wp:term":[{"taxonomy":"category","embeddable":true,"href":"http:\/\/www.portalmantena.com.br\/novo\/index.php?rest_route=%2Fwp%2Fv2%2Fcategories&post=38865"},{"taxonomy":"post_tag","embeddable":true,"href":"http:\/\/www.portalmantena.com.br\/novo\/index.php?rest_route=%2Fwp%2Fv2%2Ftags&post=38865"}],"curies":[{"name":"wp","href":"https:\/\/api.w.org\/{rel}","templated":true}]}}