{"id":38862,"date":"2018-10-20T10:01:15","date_gmt":"2018-10-20T13:01:15","guid":{"rendered":"http:\/\/www.portalmantena.com.br\/novo\/?p=38862"},"modified":"2018-10-22T15:30:26","modified_gmt":"2018-10-22T17:30:26","slug":"operacao-policial-prende-cinco-criminosos-na-regiao","status":"publish","type":"post","link":"http:\/\/www.portalmantena.com.br\/novo\/?p=38862","title":{"rendered":"Opera\u00e7\u00e3o Policial prende cinco criminosos na regi\u00e3o"},"content":{"rendered":"<p><a href=\"http:\/\/www.portalmantena.com.br\/novo\/wp-content\/uploads\/2018\/10\/no181018pm.jpg\"><img loading=\"lazy\" class=\"alignnone size-full wp-image-38863\" src=\"http:\/\/www.portalmantena.com.br\/novo\/wp-content\/uploads\/2018\/10\/no181018pm.jpg\" alt=\"\" width=\"700\" height=\"450\" srcset=\"http:\/\/www.portalmantena.com.br\/novo\/wp-content\/uploads\/2018\/10\/no181018pm.jpg 700w, http:\/\/www.portalmantena.com.br\/novo\/wp-content\/uploads\/2018\/10\/no181018pm-300x193.jpg 300w, http:\/\/www.portalmantena.com.br\/novo\/wp-content\/uploads\/2018\/10\/no181018pm-696x447.jpg 696w, http:\/\/www.portalmantena.com.br\/novo\/wp-content\/uploads\/2018\/10\/no181018pm-653x420.jpg 653w\" sizes=\"(max-width: 700px) 100vw, 700px\" \/><\/a><\/p>\n<p><span style=\"font-size: 14pt;\">Foi deflagrada na manh\u00e3 da \u00faltima quarta-feira (17), na cidade de Nova Ven\u00e9cia, a opera\u00e7\u00e3o \u201cProssecu\u00e7\u00e3o\u201d, que resultou na deten\u00e7\u00e3o de cinco criminosos envolvidos com o tr\u00e1fico de drogas, furtos, roubos e outros crimes na regi\u00e3o. <\/span><\/p>\n<p><span style=\"font-size: 14pt;\">A opera\u00e7\u00e3o foi coordenada pelo comandante do 2\u00ba Batalh\u00e3o, tenente-coronel Sebasti\u00e3o Aleixo Batista, e contou com a participa\u00e7\u00e3o de 40 policiais militares e um c\u00e3o farejador. <\/span><\/p>\n<p><span style=\"font-size: 14pt;\">Durante a a\u00e7\u00e3o policial foram cumpridos dois mandados de pris\u00e3o e quatro de busca e apreens\u00e3o, que resultaram na apreens\u00e3o de 61 buchas de maconha, tr\u00eas pedras de crack, uma balan\u00e7a de precis\u00e3o, R$ 292,00 em dinheiro, joias, celulares, cal\u00e7ados, materiais de constru\u00e7\u00e3o, tr\u00eas r\u00e1dios comunicadores, caderno de anota\u00e7\u00f5es sobre tr\u00e1fico de drogas, entre outros objetos. <\/span><\/p>\n<p><span style=\"font-size: 14pt;\">Segundo o tenente-coronel Aleixo, os levantamentos foram realizados pelos agentes do Servi\u00e7o de Intelig\u00eancia do 2\u00ba BPM, objetivando desarticular uma quadrilha de criminosos que vinha agindo na regi\u00e3o, praticando furtos, roubos e tr\u00e1fico de drogas. Os acusados LML, 21 anos, RMB, 47 anos, MPSF, 20 anos, RSB, 21 anos e DNRC, 28 anos, foram encaminhados com os materiais apreendidos \u00e0 Delegacia de Pol\u00edcia Civil Nova Ven\u00e9cia. (fonte\/foto:PM).<\/span><\/p>\n<p><a href=\"http:\/\/www.portalmantena.com.br\/novo\/\"><img loading=\"lazy\" class=\"alignnone size-full wp-image-37331\" src=\"http:\/\/www.portalmantena.com.br\/novo\/wp-content\/uploads\/2018\/05\/faixaportalnoticias5.jpg\" alt=\"\" width=\"700\" height=\"40\" srcset=\"http:\/\/www.portalmantena.com.br\/novo\/wp-content\/uploads\/2018\/05\/faixaportalnoticias5.jpg 700w, http:\/\/www.portalmantena.com.br\/novo\/wp-content\/uploads\/2018\/05\/faixaportalnoticias5-300x17.jpg 300w, http:\/\/www.portalmantena.com.br\/novo\/wp-content\/uploads\/2018\/05\/faixaportalnoticias5-696x40.jpg 696w\" sizes=\"(max-width: 700px) 100vw, 700px\" \/><\/a><\/p>\n<p><span style=\"font-size: 10pt;\">ESPA\u00c7O EMPRESARIAL<\/span><a href=\"https:\/\/www.facebook.com\/profile.php?id=100004934627949&amp;fref=ts\"><img loading=\"lazy\" class=\"alignnone size-full wp-image-36918\" src=\"http:\/\/www.portalmantena.com.br\/novo\/wp-content\/uploads\/2018\/05\/printcolor120918banner.jpg\" alt=\"\" width=\"700\" height=\"150\" srcset=\"http:\/\/www.portalmantena.com.br\/novo\/wp-content\/uploads\/2018\/05\/printcolor120918banner.jpg 700w, http:\/\/www.portalmantena.com.br\/novo\/wp-content\/uploads\/2018\/05\/printcolor120918banner-300x64.jpg 300w, http:\/\/www.portalmantena.com.br\/novo\/wp-content\/uploads\/2018\/05\/printcolor120918banner-696x150.jpg 696w\" sizes=\"(max-width: 700px) 100vw, 700px\" \/><\/a><\/p>\n","protected":false},"excerpt":{"rendered":"<p>Foi deflagrada na manh\u00e3 da \u00faltima quarta-feira (17), na cidade de Nova Ven\u00e9cia, a opera\u00e7\u00e3o \u201cProssecu\u00e7\u00e3o\u201d, que resultou na deten\u00e7\u00e3o de cinco criminosos envolvidos com o tr\u00e1fico de drogas, furtos, roubos e outros crimes na regi\u00e3o. A opera\u00e7\u00e3o foi coordenada pelo comandante do 2\u00ba Batalh\u00e3o, tenente-coronel Sebasti\u00e3o Aleixo Batista, e contou com a participa\u00e7\u00e3o de [&hellip;]<\/p>\n","protected":false},"author":1,"featured_media":38863,"comment_status":"open","ping_status":"open","sticky":false,"template":"","format":"standard","meta":[],"categories":[11,34],"tags":[],"_links":{"self":[{"href":"http:\/\/www.portalmantena.com.br\/novo\/index.php?rest_route=\/wp\/v2\/posts\/38862"}],"collection":[{"href":"http:\/\/www.portalmantena.com.br\/novo\/index.php?rest_route=\/wp\/v2\/posts"}],"about":[{"href":"http:\/\/www.portalmantena.com.br\/novo\/index.php?rest_route=\/wp\/v2\/types\/post"}],"author":[{"embeddable":true,"href":"http:\/\/www.portalmantena.com.br\/novo\/index.php?rest_route=\/wp\/v2\/users\/1"}],"replies":[{"embeddable":true,"href":"http:\/\/www.portalmantena.com.br\/novo\/index.php?rest_route=%2Fwp%2Fv2%2Fcomments&post=38862"}],"version-history":[{"count":1,"href":"http:\/\/www.portalmantena.com.br\/novo\/index.php?rest_route=\/wp\/v2\/posts\/38862\/revisions"}],"predecessor-version":[{"id":38864,"href":"http:\/\/www.portalmantena.com.br\/novo\/index.php?rest_route=\/wp\/v2\/posts\/38862\/revisions\/38864"}],"wp:featuredmedia":[{"embeddable":true,"href":"http:\/\/www.portalmantena.com.br\/novo\/index.php?rest_route=\/wp\/v2\/media\/38863"}],"wp:attachment":[{"href":"http:\/\/www.portalmantena.com.br\/novo\/index.php?rest_route=%2Fwp%2Fv2%2Fmedia&parent=38862"}],"wp:term":[{"taxonomy":"category","embeddable":true,"href":"http:\/\/www.portalmantena.com.br\/novo\/index.php?rest_route=%2Fwp%2Fv2%2Fcategories&post=38862"},{"taxonomy":"post_tag","embeddable":true,"href":"http:\/\/www.portalmantena.com.br\/novo\/index.php?rest_route=%2Fwp%2Fv2%2Ftags&post=38862"}],"curies":[{"name":"wp","href":"https:\/\/api.w.org\/{rel}","templated":true}]}}