{"id":38832,"date":"2018-10-20T12:03:39","date_gmt":"2018-10-20T15:03:39","guid":{"rendered":"http:\/\/www.portalmantena.com.br\/novo\/?p=38832"},"modified":"2018-10-19T13:55:34","modified_gmt":"2018-10-19T16:55:34","slug":"sem-agua-sao-geraldo-do-baixio-entra-em-situacao-de-emergencia","status":"publish","type":"post","link":"http:\/\/www.portalmantena.com.br\/novo\/?p=38832","title":{"rendered":"Sem \u00e1gua, S\u00e3o Geraldo do baixio entra em Situa\u00e7\u00e3o de Emerg\u00eancia"},"content":{"rendered":"<p><a href=\"http:\/\/www.portalmantena.com.br\/novo\/wp-content\/uploads\/2018\/10\/no181018agua.jpg\"><img loading=\"lazy\" class=\"alignnone size-full wp-image-38833\" src=\"http:\/\/www.portalmantena.com.br\/novo\/wp-content\/uploads\/2018\/10\/no181018agua.jpg\" alt=\"\" width=\"700\" height=\"450\" srcset=\"http:\/\/www.portalmantena.com.br\/novo\/wp-content\/uploads\/2018\/10\/no181018agua.jpg 700w, http:\/\/www.portalmantena.com.br\/novo\/wp-content\/uploads\/2018\/10\/no181018agua-300x193.jpg 300w, http:\/\/www.portalmantena.com.br\/novo\/wp-content\/uploads\/2018\/10\/no181018agua-696x447.jpg 696w, http:\/\/www.portalmantena.com.br\/novo\/wp-content\/uploads\/2018\/10\/no181018agua-653x420.jpg 653w\" sizes=\"(max-width: 700px) 100vw, 700px\" \/><\/a><span style=\"font-size: 10pt;\">Fonte:g1\/vales- foto Ronalt Lessa\/InterTV dos Vales<\/span><\/p>\n<p><span style=\"font-size: 14pt;\">A prefeitura Municipal de S\u00e3o Geraldo do Baixio, no leste de Minas, decretou situa\u00e7\u00e3o de emerg\u00eancia, fun\u00e7\u00e3o da estiagem que atinge o munic\u00edpio h\u00e1 cerca de 11 meses. <\/span><\/p>\n<p><span style=\"font-size: 14pt;\">H\u00e1 pelo menos quatro dias a situa\u00e7\u00e3o se agravou e o c\u00f3rrego S\u00e3o Geraldo, que abastece a cidade est\u00e1 seco. Os po\u00e7os artesianos n\u00e3o d\u00e3o conta de abastecer toda a popula\u00e7\u00e3o. O abastecimento dos moradores \u00e9 feito exclusivamente por caminh\u00f5es-pipa. Para conter os danos da falta de \u00e1gua, a prefeitura buscou ajuda de cidades vizinhas e autoridades. <\/span><\/p>\n<p><span style=\"font-size: 14pt;\">\u201cPara uma a\u00e7\u00e3o de resposta imediata, pedimos ajuda da Defesa Civil e da 8\u00aa Regi\u00e3o da Pol\u00edcia Militar em Governador Valadares, que tem nos ajudado na medida do poss\u00edvel. Mun\u00edcipios vizinhos disponibilizaram caminh\u00f5es-pipa para nos ajudar. Resplendor, Central de Minas e Galil\u00e9ia que tamb\u00e9m nos enviou \u00e1gua tratada. <\/span><\/p>\n<p><span style=\"font-size: 14pt;\">Os produtores rurais tamb\u00e9m t\u00eam fornecido \u00e1gua, al\u00e9m do nosso caminh\u00e3o que est\u00e1 fazendo o abastecimento da popula\u00e7\u00e3o\u201d, declarou a coordenadora da Defesa Civil, Euzana de F\u00e1tima. <\/span><\/p>\n<p><span style=\"font-size: 14pt;\">\u201cTemos um projeto de barragem para capta\u00e7\u00e3o de \u00e1gua em outro local. O solo do nosso c\u00f3rrego \u00e9 arenoso, ele seca e os postos artesianos n\u00e3o abastecem a cidade toda. Como n\u00e3o chove h\u00e1 11 meses, nosso recurso h\u00eddrico acabou\u201d, concluiu. (fonte:g1\/vales- foto Ronalt Lessa\/InterTV dos Vales).<\/span><\/p>\n<p><a href=\"http:\/\/www.portalmantena.com.br\/novo\/\"><img loading=\"lazy\" class=\"alignnone size-full wp-image-37331\" src=\"http:\/\/www.portalmantena.com.br\/novo\/wp-content\/uploads\/2018\/05\/faixaportalnoticias5.jpg\" alt=\"\" width=\"700\" height=\"40\" srcset=\"http:\/\/www.portalmantena.com.br\/novo\/wp-content\/uploads\/2018\/05\/faixaportalnoticias5.jpg 700w, http:\/\/www.portalmantena.com.br\/novo\/wp-content\/uploads\/2018\/05\/faixaportalnoticias5-300x17.jpg 300w, http:\/\/www.portalmantena.com.br\/novo\/wp-content\/uploads\/2018\/05\/faixaportalnoticias5-696x40.jpg 696w\" sizes=\"(max-width: 700px) 100vw, 700px\" \/><\/a><\/p>\n<p><span style=\"font-size: 10pt;\">ESPA\u00c7O EMPRESARIAL<\/span><a href=\"http:\/\/www.portalmantena.com.br\/novo\/wp-content\/uploads\/2018\/05\/postoterraboa.jpg\"><img loading=\"lazy\" class=\"alignnone size-full wp-image-29172\" src=\"http:\/\/www.portalmantena.com.br\/novo\/wp-content\/uploads\/2018\/05\/postoterraboa.jpg\" alt=\"\" width=\"700\" height=\"150\" srcset=\"http:\/\/www.portalmantena.com.br\/novo\/wp-content\/uploads\/2018\/05\/postoterraboa.jpg 700w, http:\/\/www.portalmantena.com.br\/novo\/wp-content\/uploads\/2018\/05\/postoterraboa-300x64.jpg 300w, http:\/\/www.portalmantena.com.br\/novo\/wp-content\/uploads\/2018\/05\/postoterraboa-696x150.jpg 696w\" sizes=\"(max-width: 700px) 100vw, 700px\" \/><\/a><\/p>\n","protected":false},"excerpt":{"rendered":"<p>Fonte:g1\/vales- foto Ronalt Lessa\/InterTV dos Vales A prefeitura Municipal de S\u00e3o Geraldo do Baixio, no leste de Minas, decretou situa\u00e7\u00e3o de emerg\u00eancia, fun\u00e7\u00e3o da estiagem que atinge o munic\u00edpio h\u00e1 cerca de 11 meses. H\u00e1 pelo menos quatro dias a situa\u00e7\u00e3o se agravou e o c\u00f3rrego S\u00e3o Geraldo, que abastece a cidade est\u00e1 seco. Os [&hellip;]<\/p>\n","protected":false},"author":1,"featured_media":38833,"comment_status":"open","ping_status":"open","sticky":false,"template":"","format":"standard","meta":[],"categories":[11,39],"tags":[],"_links":{"self":[{"href":"http:\/\/www.portalmantena.com.br\/novo\/index.php?rest_route=\/wp\/v2\/posts\/38832"}],"collection":[{"href":"http:\/\/www.portalmantena.com.br\/novo\/index.php?rest_route=\/wp\/v2\/posts"}],"about":[{"href":"http:\/\/www.portalmantena.com.br\/novo\/index.php?rest_route=\/wp\/v2\/types\/post"}],"author":[{"embeddable":true,"href":"http:\/\/www.portalmantena.com.br\/novo\/index.php?rest_route=\/wp\/v2\/users\/1"}],"replies":[{"embeddable":true,"href":"http:\/\/www.portalmantena.com.br\/novo\/index.php?rest_route=%2Fwp%2Fv2%2Fcomments&post=38832"}],"version-history":[{"count":1,"href":"http:\/\/www.portalmantena.com.br\/novo\/index.php?rest_route=\/wp\/v2\/posts\/38832\/revisions"}],"predecessor-version":[{"id":38834,"href":"http:\/\/www.portalmantena.com.br\/novo\/index.php?rest_route=\/wp\/v2\/posts\/38832\/revisions\/38834"}],"wp:featuredmedia":[{"embeddable":true,"href":"http:\/\/www.portalmantena.com.br\/novo\/index.php?rest_route=\/wp\/v2\/media\/38833"}],"wp:attachment":[{"href":"http:\/\/www.portalmantena.com.br\/novo\/index.php?rest_route=%2Fwp%2Fv2%2Fmedia&parent=38832"}],"wp:term":[{"taxonomy":"category","embeddable":true,"href":"http:\/\/www.portalmantena.com.br\/novo\/index.php?rest_route=%2Fwp%2Fv2%2Fcategories&post=38832"},{"taxonomy":"post_tag","embeddable":true,"href":"http:\/\/www.portalmantena.com.br\/novo\/index.php?rest_route=%2Fwp%2Fv2%2Ftags&post=38832"}],"curies":[{"name":"wp","href":"https:\/\/api.w.org\/{rel}","templated":true}]}}