{"id":38773,"date":"2018-10-19T21:23:18","date_gmt":"2018-10-20T00:23:18","guid":{"rendered":"http:\/\/www.portalmantena.com.br\/novo\/?p=38773"},"modified":"2018-10-19T07:38:42","modified_gmt":"2018-10-19T10:38:42","slug":"veiculo-tomba-fora-da-estrada-apos-motorista-perder-controle","status":"publish","type":"post","link":"http:\/\/www.portalmantena.com.br\/novo\/?p=38773","title":{"rendered":"Ve\u00edculo tomba fora da estrada ap\u00f3s motorista perder controle"},"content":{"rendered":"<p><a href=\"http:\/\/www.portalmantena.com.br\/novo\/wp-content\/uploads\/2018\/10\/no181018carro2.jpg\"><img loading=\"lazy\" class=\"alignnone size-full wp-image-38775\" src=\"http:\/\/www.portalmantena.com.br\/novo\/wp-content\/uploads\/2018\/10\/no181018carro2.jpg\" alt=\"\" width=\"700\" height=\"450\" srcset=\"http:\/\/www.portalmantena.com.br\/novo\/wp-content\/uploads\/2018\/10\/no181018carro2.jpg 700w, http:\/\/www.portalmantena.com.br\/novo\/wp-content\/uploads\/2018\/10\/no181018carro2-300x193.jpg 300w, http:\/\/www.portalmantena.com.br\/novo\/wp-content\/uploads\/2018\/10\/no181018carro2-696x447.jpg 696w, http:\/\/www.portalmantena.com.br\/novo\/wp-content\/uploads\/2018\/10\/no181018carro2-653x420.jpg 653w\" sizes=\"(max-width: 700px) 100vw, 700px\" \/><\/a><span style=\"font-size: 10pt;\">Foto:noticiasnoleste<\/span><\/p>\n<p><span style=\"font-size: 14pt;\">Um grave acidente foi registrado na tarde do \u00faltimo domingo (14) pela Pol\u00edcia Militar na estrada que a cidade de Conselheiro Pena ao distrito de Barra do Cuit\u00e9, em local conhecido como Fazenda Azul. <\/span><\/p>\n<p><span style=\"font-size: 14pt;\">Quando os militares chegaram ao local do acidente, encontraram o ve\u00edculo tombado de lado, com os ocupantes do lado de fora do carro. O que causou estranheza foi o fato do condutor do ve\u00edculo ter abandonado do local. Segundo a PM o condutor, que foi identificado, fora visto ainda mais cedo em um bar consumindo bebida alco\u00f3lica. <\/span><\/p>\n<p><span style=\"font-size: 14pt;\">Testemunhas no local, disseram aos militares que o condutor apresentava sintomas de embriagues. Os tr\u00eas passageiros do ve\u00edculo foram encaminhados para o Hospital da cidade, por uma ambul\u00e2ncia da Secretaria de Sa\u00fade, onde foi constatado ferimentos leves. <\/span><\/p>\n<p><span style=\"font-size: 14pt;\">De acordo com informa\u00e7\u00f5es, policiais militares sa\u00edram em busca do condutor do ve\u00edculo e o encontraram \u00e0 2 quil\u00f4metros do local do acidente, e ao ser abordado negou que estivesse no acidente e n\u00e3o tinha nenhum envolvimento. Mas ao ser lembrado que havia sito visto no Bar tomando cerveja, ele acabou por confessar ter bebido e apresentava, segundo a PM, andar cambaleante, olhos vermelhos e h\u00e1lito et\u00edlico. Mesmo assim ele se negou a fazer o teste do baf\u00f4metro, sendo ent\u00e3o detido. <\/span><\/p>\n<p><span style=\"font-size: 14pt;\">O ve\u00edculo foi removido por um guincho por estar sem o devido licenciamento. Os passageiros ficaram internados no hospital em observa\u00e7\u00e3o. (fonte\/foto:noticiasnoleste).<\/span><\/p>\n<p><a href=\"http:\/\/www.portalmantena.com.br\/novo\/wp-content\/uploads\/2018\/10\/no181018carro1.jpg\"><img loading=\"lazy\" class=\"alignnone size-full wp-image-38774\" src=\"http:\/\/www.portalmantena.com.br\/novo\/wp-content\/uploads\/2018\/10\/no181018carro1.jpg\" alt=\"\" width=\"700\" height=\"450\" srcset=\"http:\/\/www.portalmantena.com.br\/novo\/wp-content\/uploads\/2018\/10\/no181018carro1.jpg 700w, http:\/\/www.portalmantena.com.br\/novo\/wp-content\/uploads\/2018\/10\/no181018carro1-300x193.jpg 300w, http:\/\/www.portalmantena.com.br\/novo\/wp-content\/uploads\/2018\/10\/no181018carro1-696x447.jpg 696w, http:\/\/www.portalmantena.com.br\/novo\/wp-content\/uploads\/2018\/10\/no181018carro1-653x420.jpg 653w\" sizes=\"(max-width: 700px) 100vw, 700px\" \/><\/a> <a href=\"http:\/\/www.portalmantena.com.br\/novo\/wp-content\/uploads\/2018\/10\/no181018carro3.jpg\"><img loading=\"lazy\" class=\"alignnone size-full wp-image-38776\" src=\"http:\/\/www.portalmantena.com.br\/novo\/wp-content\/uploads\/2018\/10\/no181018carro3.jpg\" alt=\"\" width=\"700\" height=\"450\" srcset=\"http:\/\/www.portalmantena.com.br\/novo\/wp-content\/uploads\/2018\/10\/no181018carro3.jpg 700w, http:\/\/www.portalmantena.com.br\/novo\/wp-content\/uploads\/2018\/10\/no181018carro3-300x193.jpg 300w, http:\/\/www.portalmantena.com.br\/novo\/wp-content\/uploads\/2018\/10\/no181018carro3-696x447.jpg 696w, http:\/\/www.portalmantena.com.br\/novo\/wp-content\/uploads\/2018\/10\/no181018carro3-653x420.jpg 653w\" sizes=\"(max-width: 700px) 100vw, 700px\" \/><\/a><a href=\"http:\/\/www.portalmantena.com.br\/novo\/\"><img loading=\"lazy\" class=\"alignnone size-full wp-image-37331\" src=\"http:\/\/www.portalmantena.com.br\/novo\/wp-content\/uploads\/2018\/05\/faixaportalnoticias5.jpg\" alt=\"\" width=\"700\" height=\"40\" srcset=\"http:\/\/www.portalmantena.com.br\/novo\/wp-content\/uploads\/2018\/05\/faixaportalnoticias5.jpg 700w, http:\/\/www.portalmantena.com.br\/novo\/wp-content\/uploads\/2018\/05\/faixaportalnoticias5-300x17.jpg 300w, http:\/\/www.portalmantena.com.br\/novo\/wp-content\/uploads\/2018\/05\/faixaportalnoticias5-696x40.jpg 696w\" sizes=\"(max-width: 700px) 100vw, 700px\" \/><\/a><\/p>\n<p><span style=\"font-size: 10pt;\">ESPA\u00c7O EMPRESARIAL<\/span><img loading=\"lazy\" class=\"alignnone size-full wp-image-30339\" src=\"http:\/\/www.portalmantena.com.br\/novo\/wp-content\/uploads\/2018\/05\/casadastintas.jpg\" alt=\"\" width=\"700\" height=\"150\" srcset=\"http:\/\/www.portalmantena.com.br\/novo\/wp-content\/uploads\/2018\/05\/casadastintas.jpg 700w, http:\/\/www.portalmantena.com.br\/novo\/wp-content\/uploads\/2018\/05\/casadastintas-300x64.jpg 300w, http:\/\/www.portalmantena.com.br\/novo\/wp-content\/uploads\/2018\/05\/casadastintas-696x150.jpg 696w\" sizes=\"(max-width: 700px) 100vw, 700px\" \/><\/p>\n","protected":false},"excerpt":{"rendered":"<p>Foto:noticiasnoleste Um grave acidente foi registrado na tarde do \u00faltimo domingo (14) pela Pol\u00edcia Militar na estrada que a cidade de Conselheiro Pena ao distrito de Barra do Cuit\u00e9, em local conhecido como Fazenda Azul. Quando os militares chegaram ao local do acidente, encontraram o ve\u00edculo tombado de lado, com os ocupantes do lado de [&hellip;]<\/p>\n","protected":false},"author":1,"featured_media":38775,"comment_status":"open","ping_status":"open","sticky":false,"template":"","format":"standard","meta":[],"categories":[11,39],"tags":[],"_links":{"self":[{"href":"http:\/\/www.portalmantena.com.br\/novo\/index.php?rest_route=\/wp\/v2\/posts\/38773"}],"collection":[{"href":"http:\/\/www.portalmantena.com.br\/novo\/index.php?rest_route=\/wp\/v2\/posts"}],"about":[{"href":"http:\/\/www.portalmantena.com.br\/novo\/index.php?rest_route=\/wp\/v2\/types\/post"}],"author":[{"embeddable":true,"href":"http:\/\/www.portalmantena.com.br\/novo\/index.php?rest_route=\/wp\/v2\/users\/1"}],"replies":[{"embeddable":true,"href":"http:\/\/www.portalmantena.com.br\/novo\/index.php?rest_route=%2Fwp%2Fv2%2Fcomments&post=38773"}],"version-history":[{"count":1,"href":"http:\/\/www.portalmantena.com.br\/novo\/index.php?rest_route=\/wp\/v2\/posts\/38773\/revisions"}],"predecessor-version":[{"id":38777,"href":"http:\/\/www.portalmantena.com.br\/novo\/index.php?rest_route=\/wp\/v2\/posts\/38773\/revisions\/38777"}],"wp:featuredmedia":[{"embeddable":true,"href":"http:\/\/www.portalmantena.com.br\/novo\/index.php?rest_route=\/wp\/v2\/media\/38775"}],"wp:attachment":[{"href":"http:\/\/www.portalmantena.com.br\/novo\/index.php?rest_route=%2Fwp%2Fv2%2Fmedia&parent=38773"}],"wp:term":[{"taxonomy":"category","embeddable":true,"href":"http:\/\/www.portalmantena.com.br\/novo\/index.php?rest_route=%2Fwp%2Fv2%2Fcategories&post=38773"},{"taxonomy":"post_tag","embeddable":true,"href":"http:\/\/www.portalmantena.com.br\/novo\/index.php?rest_route=%2Fwp%2Fv2%2Ftags&post=38773"}],"curies":[{"name":"wp","href":"https:\/\/api.w.org\/{rel}","templated":true}]}}