{"id":38449,"date":"2018-10-10T09:22:33","date_gmt":"2018-10-10T12:22:33","guid":{"rendered":"http:\/\/www.portalmantena.com.br\/novo\/?p=38449"},"modified":"2018-10-10T09:22:33","modified_gmt":"2018-10-10T12:22:33","slug":"10out-nivel-do-corrego-sao-francisco-bem-abaixo-do-normal","status":"publish","type":"post","link":"http:\/\/www.portalmantena.com.br\/novo\/?p=38449","title":{"rendered":"10OUT &#8211; N\u00edvel do c\u00f3rrego S\u00e3o Francisco bem abaixo do normal"},"content":{"rendered":"<p><strong><a href=\"http:\/\/www.portalmantena.com.br\/novo\/wp-content\/uploads\/2017\/06\/diabaner-1.jpg\"><img loading=\"lazy\" class=\"alignnone size-full wp-image-8000\" src=\"http:\/\/www.portalmantena.com.br\/novo\/wp-content\/uploads\/2017\/06\/diabaner-1.jpg\" alt=\"\" width=\"650\" height=\"100\" srcset=\"http:\/\/www.portalmantena.com.br\/novo\/wp-content\/uploads\/2017\/06\/diabaner-1.jpg 650w, http:\/\/www.portalmantena.com.br\/novo\/wp-content\/uploads\/2017\/06\/diabaner-1-300x46.jpg 300w\" sizes=\"(max-width: 650px) 100vw, 650px\" \/><\/a><\/strong><a href=\"http:\/\/www.portalmantena.com.br\/novo\/wp-content\/uploads\/2018\/10\/dia101018a.jpg\"><img loading=\"lazy\" class=\"alignnone size-full wp-image-38450\" src=\"http:\/\/www.portalmantena.com.br\/novo\/wp-content\/uploads\/2018\/10\/dia101018a.jpg\" alt=\"\" width=\"700\" height=\"450\" srcset=\"http:\/\/www.portalmantena.com.br\/novo\/wp-content\/uploads\/2018\/10\/dia101018a.jpg 700w, http:\/\/www.portalmantena.com.br\/novo\/wp-content\/uploads\/2018\/10\/dia101018a-300x193.jpg 300w, http:\/\/www.portalmantena.com.br\/novo\/wp-content\/uploads\/2018\/10\/dia101018a-696x447.jpg 696w, http:\/\/www.portalmantena.com.br\/novo\/wp-content\/uploads\/2018\/10\/dia101018a-653x420.jpg 653w\" sizes=\"(max-width: 700px) 100vw, 700px\" \/><\/a><\/p>\n<p><strong>10 de Outubro<\/strong>\u00a0&#8211;\u00a0Como a \u00e9poca \u00e9 realmente de pouca incid\u00eancia de chuvas na regi\u00e3o, \u00e9 natural que o n\u00edvel do c\u00f3rrego S\u00e3o Francisco (que corta Mantena), esteja realmente abaixo do seu n\u00edvel normal.<\/p>\n<p>No entanto, em alguns trechos, o que se v\u00ea \u00e9 um leito que vem se estreitando ao longo dos dias e o mato vem avan\u00e7ando.<\/p>\n<p>A pouca \u00e1gua j\u00e1 n\u00e3o \u00e9 suficiente nem para os peixes que ainda resistem \u00e0 polui\u00e7\u00e3o que ainda existe com alguns mantenenses jogando lixo dentro do manancial.<\/p>\n<p>De acordo com as previs\u00f5es e o pr\u00f3prio hist\u00f3rico de chuvas na cidade, o pr\u00f3ximo m\u00eas de Novembro \u00e9 considerado a chegada das chuvas, como j\u00e1 estamos pr\u00f3ximos deste per\u00edodo, a previs\u00e3o \u00e9 que o n\u00edvel do c\u00f3rrego volte ao normal, evitando assim consequ\u00eancias que poder\u00e3o atingir o abastecimento de \u00e1gua na cidade.<\/p>\n<p><a href=\"http:\/\/www.portalmantena.com.br\/novo\/\"><img loading=\"lazy\" class=\"alignnone size-full wp-image-37331\" src=\"http:\/\/www.portalmantena.com.br\/novo\/wp-content\/uploads\/2018\/05\/faixaportalnoticias5.jpg\" alt=\"\" width=\"700\" height=\"40\" srcset=\"http:\/\/www.portalmantena.com.br\/novo\/wp-content\/uploads\/2018\/05\/faixaportalnoticias5.jpg 700w, http:\/\/www.portalmantena.com.br\/novo\/wp-content\/uploads\/2018\/05\/faixaportalnoticias5-300x17.jpg 300w, http:\/\/www.portalmantena.com.br\/novo\/wp-content\/uploads\/2018\/05\/faixaportalnoticias5-696x40.jpg 696w\" sizes=\"(max-width: 700px) 100vw, 700px\" \/><\/a><\/p>\n<p><span style=\"font-size: 10pt;\">ESPA\u00c7O EMPRESARIAL<\/span><a href=\"https:\/\/www.facebook.com\/Mercado-Natural-MG-802896040099891\/\"><img src=\"http:\/\/www.portalmantena.com.br\/novo\/wp-content\/uploads\/2018\/09\/mercado1a.jpg\" \/><\/a><\/p>\n","protected":false},"excerpt":{"rendered":"<p>10 de Outubro\u00a0&#8211;\u00a0Como a \u00e9poca \u00e9 realmente de pouca incid\u00eancia de chuvas na regi\u00e3o, \u00e9 natural que o n\u00edvel do c\u00f3rrego S\u00e3o Francisco (que corta Mantena), esteja realmente abaixo do seu n\u00edvel normal. No entanto, em alguns trechos, o que se v\u00ea \u00e9 um leito que vem se estreitando ao longo dos dias e o [&hellip;]<\/p>\n","protected":false},"author":1,"featured_media":38450,"comment_status":"open","ping_status":"open","sticky":false,"template":"","format":"standard","meta":[],"categories":[50],"tags":[],"_links":{"self":[{"href":"http:\/\/www.portalmantena.com.br\/novo\/index.php?rest_route=\/wp\/v2\/posts\/38449"}],"collection":[{"href":"http:\/\/www.portalmantena.com.br\/novo\/index.php?rest_route=\/wp\/v2\/posts"}],"about":[{"href":"http:\/\/www.portalmantena.com.br\/novo\/index.php?rest_route=\/wp\/v2\/types\/post"}],"author":[{"embeddable":true,"href":"http:\/\/www.portalmantena.com.br\/novo\/index.php?rest_route=\/wp\/v2\/users\/1"}],"replies":[{"embeddable":true,"href":"http:\/\/www.portalmantena.com.br\/novo\/index.php?rest_route=%2Fwp%2Fv2%2Fcomments&post=38449"}],"version-history":[{"count":1,"href":"http:\/\/www.portalmantena.com.br\/novo\/index.php?rest_route=\/wp\/v2\/posts\/38449\/revisions"}],"predecessor-version":[{"id":38451,"href":"http:\/\/www.portalmantena.com.br\/novo\/index.php?rest_route=\/wp\/v2\/posts\/38449\/revisions\/38451"}],"wp:featuredmedia":[{"embeddable":true,"href":"http:\/\/www.portalmantena.com.br\/novo\/index.php?rest_route=\/wp\/v2\/media\/38450"}],"wp:attachment":[{"href":"http:\/\/www.portalmantena.com.br\/novo\/index.php?rest_route=%2Fwp%2Fv2%2Fmedia&parent=38449"}],"wp:term":[{"taxonomy":"category","embeddable":true,"href":"http:\/\/www.portalmantena.com.br\/novo\/index.php?rest_route=%2Fwp%2Fv2%2Fcategories&post=38449"},{"taxonomy":"post_tag","embeddable":true,"href":"http:\/\/www.portalmantena.com.br\/novo\/index.php?rest_route=%2Fwp%2Fv2%2Ftags&post=38449"}],"curies":[{"name":"wp","href":"https:\/\/api.w.org\/{rel}","templated":true}]}}