{"id":38446,"date":"2018-10-10T09:01:43","date_gmt":"2018-10-10T12:01:43","guid":{"rendered":"http:\/\/www.portalmantena.com.br\/novo\/?p=38446"},"modified":"2018-10-10T09:01:43","modified_gmt":"2018-10-10T12:01:43","slug":"adiamentos-levam-horario-de-verao-para-dia-18-de-novembro","status":"publish","type":"post","link":"http:\/\/www.portalmantena.com.br\/novo\/?p=38446","title":{"rendered":"Adiamentos levam hor\u00e1rio de Ver\u00e3o para dia 18 de Novembro"},"content":{"rendered":"<p><a href=\"http:\/\/www.portalmantena.com.br\/novo\/wp-content\/uploads\/2018\/10\/no101018horario.jpg\"><img loading=\"lazy\" class=\"alignnone size-full wp-image-38447\" src=\"http:\/\/www.portalmantena.com.br\/novo\/wp-content\/uploads\/2018\/10\/no101018horario.jpg\" alt=\"\" width=\"700\" height=\"450\" srcset=\"http:\/\/www.portalmantena.com.br\/novo\/wp-content\/uploads\/2018\/10\/no101018horario.jpg 700w, http:\/\/www.portalmantena.com.br\/novo\/wp-content\/uploads\/2018\/10\/no101018horario-300x193.jpg 300w, http:\/\/www.portalmantena.com.br\/novo\/wp-content\/uploads\/2018\/10\/no101018horario-696x447.jpg 696w, http:\/\/www.portalmantena.com.br\/novo\/wp-content\/uploads\/2018\/10\/no101018horario-653x420.jpg 653w\" sizes=\"(max-width: 700px) 100vw, 700px\" \/><\/a><\/p>\n<p><span style=\"font-size: 14pt;\">Em virtude das elei\u00e7\u00f5es 2018, o in\u00edcio do hor\u00e1rio de ver\u00e3o, que seria no m\u00eas de Outubro, foi adiado para Novembro. <\/span><\/p>\n<p><span style=\"font-size: 14pt;\">O presidente Michel Temer assinou um decreto em 2017 no qual determinava a mudan\u00e7a atendendo a um pedido do ent\u00e3o ministro do TSE, Gilmar Mendes. <\/span><\/p>\n<p><span style=\"font-size: 14pt;\">Inicialmente, o decreto previa a mudan\u00e7a de hor\u00e1rio para 4 de novembro. Por\u00e9m, por solicita\u00e7\u00e3o do Minist\u00e9rio da Educa\u00e7\u00e3o (MEC), o in\u00edcio do hor\u00e1rio de ver\u00e3o foi adiado novamente. <\/span><\/p>\n<p><span style=\"font-size: 14pt;\">Agora, os rel\u00f3gios dever\u00e3o ser adiantados em uma hora no <strong>dia 18 de Novembro<\/strong>. O MEC solicitou a mudan\u00e7a por causa das provas do Enem, que ocorrem em 4 e 11 de novembro. (fonte:g1\/vales).<\/span><\/p>\n<p>&nbsp;<\/p>\n<p><a href=\"http:\/\/www.portalmantena.com.br\/novo\/\"><img loading=\"lazy\" class=\"alignnone size-full wp-image-37331\" src=\"http:\/\/www.portalmantena.com.br\/novo\/wp-content\/uploads\/2018\/05\/faixaportalnoticias5.jpg\" alt=\"\" width=\"700\" height=\"40\" srcset=\"http:\/\/www.portalmantena.com.br\/novo\/wp-content\/uploads\/2018\/05\/faixaportalnoticias5.jpg 700w, http:\/\/www.portalmantena.com.br\/novo\/wp-content\/uploads\/2018\/05\/faixaportalnoticias5-300x17.jpg 300w, http:\/\/www.portalmantena.com.br\/novo\/wp-content\/uploads\/2018\/05\/faixaportalnoticias5-696x40.jpg 696w\" sizes=\"(max-width: 700px) 100vw, 700px\" \/><\/a><\/p>\n<p><span style=\"font-size: 10pt;\">ESPA\u00c7O EMPRESARIAL<\/span><a href=\"http:\/\/www.portalmantena.com.br\/novo\/wp-content\/uploads\/2018\/05\/cafebonzonfaixa.jpg\"><img loading=\"lazy\" class=\"alignnone size-full wp-image-29162\" src=\"http:\/\/www.portalmantena.com.br\/novo\/wp-content\/uploads\/2018\/05\/cafebonzonfaixa.jpg\" alt=\"\" width=\"700\" height=\"150\" srcset=\"http:\/\/www.portalmantena.com.br\/novo\/wp-content\/uploads\/2018\/05\/cafebonzonfaixa.jpg 700w, http:\/\/www.portalmantena.com.br\/novo\/wp-content\/uploads\/2018\/05\/cafebonzonfaixa-300x64.jpg 300w, http:\/\/www.portalmantena.com.br\/novo\/wp-content\/uploads\/2018\/05\/cafebonzonfaixa-696x150.jpg 696w\" sizes=\"(max-width: 700px) 100vw, 700px\" \/><\/a><\/p>\n<p>&nbsp;<\/p>\n","protected":false},"excerpt":{"rendered":"<p>Em virtude das elei\u00e7\u00f5es 2018, o in\u00edcio do hor\u00e1rio de ver\u00e3o, que seria no m\u00eas de Outubro, foi adiado para Novembro. O presidente Michel Temer assinou um decreto em 2017 no qual determinava a mudan\u00e7a atendendo a um pedido do ent\u00e3o ministro do TSE, Gilmar Mendes. Inicialmente, o decreto previa a mudan\u00e7a de hor\u00e1rio para [&hellip;]<\/p>\n","protected":false},"author":1,"featured_media":38447,"comment_status":"open","ping_status":"open","sticky":false,"template":"","format":"standard","meta":[],"categories":[36,11,39],"tags":[],"_links":{"self":[{"href":"http:\/\/www.portalmantena.com.br\/novo\/index.php?rest_route=\/wp\/v2\/posts\/38446"}],"collection":[{"href":"http:\/\/www.portalmantena.com.br\/novo\/index.php?rest_route=\/wp\/v2\/posts"}],"about":[{"href":"http:\/\/www.portalmantena.com.br\/novo\/index.php?rest_route=\/wp\/v2\/types\/post"}],"author":[{"embeddable":true,"href":"http:\/\/www.portalmantena.com.br\/novo\/index.php?rest_route=\/wp\/v2\/users\/1"}],"replies":[{"embeddable":true,"href":"http:\/\/www.portalmantena.com.br\/novo\/index.php?rest_route=%2Fwp%2Fv2%2Fcomments&post=38446"}],"version-history":[{"count":1,"href":"http:\/\/www.portalmantena.com.br\/novo\/index.php?rest_route=\/wp\/v2\/posts\/38446\/revisions"}],"predecessor-version":[{"id":38448,"href":"http:\/\/www.portalmantena.com.br\/novo\/index.php?rest_route=\/wp\/v2\/posts\/38446\/revisions\/38448"}],"wp:featuredmedia":[{"embeddable":true,"href":"http:\/\/www.portalmantena.com.br\/novo\/index.php?rest_route=\/wp\/v2\/media\/38447"}],"wp:attachment":[{"href":"http:\/\/www.portalmantena.com.br\/novo\/index.php?rest_route=%2Fwp%2Fv2%2Fmedia&parent=38446"}],"wp:term":[{"taxonomy":"category","embeddable":true,"href":"http:\/\/www.portalmantena.com.br\/novo\/index.php?rest_route=%2Fwp%2Fv2%2Fcategories&post=38446"},{"taxonomy":"post_tag","embeddable":true,"href":"http:\/\/www.portalmantena.com.br\/novo\/index.php?rest_route=%2Fwp%2Fv2%2Ftags&post=38446"}],"curies":[{"name":"wp","href":"https:\/\/api.w.org\/{rel}","templated":true}]}}