{"id":38443,"date":"2018-10-10T08:38:22","date_gmt":"2018-10-10T11:38:22","guid":{"rendered":"http:\/\/www.portalmantena.com.br\/novo\/?p=38443"},"modified":"2018-10-11T07:32:51","modified_gmt":"2018-10-11T10:32:51","slug":"pms-apreendem-1kg-de-crack-em-sao-joao-autor-fugiu","status":"publish","type":"post","link":"http:\/\/www.portalmantena.com.br\/novo\/?p=38443","title":{"rendered":"PMs apreendem 1kg de crack em S\u00e3o Jo\u00e3o, autor fugiu"},"content":{"rendered":"<p><a href=\"http:\/\/www.portalmantena.com.br\/novo\/wp-content\/uploads\/2018\/10\/no101018droga.jpg\"><img loading=\"lazy\" class=\"alignnone size-full wp-image-38444\" src=\"http:\/\/www.portalmantena.com.br\/novo\/wp-content\/uploads\/2018\/10\/no101018droga.jpg\" alt=\"\" width=\"700\" height=\"450\" srcset=\"http:\/\/www.portalmantena.com.br\/novo\/wp-content\/uploads\/2018\/10\/no101018droga.jpg 700w, http:\/\/www.portalmantena.com.br\/novo\/wp-content\/uploads\/2018\/10\/no101018droga-300x193.jpg 300w, http:\/\/www.portalmantena.com.br\/novo\/wp-content\/uploads\/2018\/10\/no101018droga-696x447.jpg 696w, http:\/\/www.portalmantena.com.br\/novo\/wp-content\/uploads\/2018\/10\/no101018droga-653x420.jpg 653w\" sizes=\"(max-width: 700px) 100vw, 700px\" \/><\/a><\/p>\n<p><span style=\"font-size: 14pt;\">Policiais Militares da cidade de S\u00e3o Jo\u00e3o do Manteninha apreendem 01 quilo de crack nesta segunda-feira dia 08 de Outubro, no distrito de Divino das Palmeiras, munic\u00edpio de S\u00e3o Jo\u00e3o do Manteninha. <\/span><\/p>\n<p><span style=\"font-size: 14pt;\">Durante patrulhamento pela localidade, Policiais Militares visualizaram um suspeito conduzindo uma moto, trazendo em uma das m\u00e3os uma sacola escura. Por ser conhecido como traficante daquela localidade, os Policiais Militares determinaram que ele parasse o ve\u00edculo a fim de ser abordado. <\/span><\/p>\n<p><span style=\"font-size: 14pt;\">Contudo, o suspeito ignorou as ordens verbais, bem como sinal sonoro da viatura policial (sirene) e evadiu em alta velocidade pela rodovia MGC 381. J\u00e1 no km 22, o suspeito perdeu o controle direcional do ve\u00edculo vindo a cair ao ch\u00e3o. <\/span><\/p>\n<p><span style=\"font-size: 14pt;\">Segundo informa\u00e7\u00f5es, logo em seguida ele pulou uma cerca e embrenhou em um matagal existente no local, sendo perseguido pelos Policiais.\u00a0 Em determinado momento o suspeito dispensou a sacola que carregava nas m\u00e3os em um c\u00f3rrego. <\/span><\/p>\n<p><span style=\"font-size: 14pt;\">Os Militares recolheram a sacola e continuaram a persegui\u00e7\u00e3o ao indiv\u00edduo que conseguiu evadir, tomando rumo ignorado. O ve\u00edculo utilizado pelo suspeito foi apreendido por ser utilizado na pr\u00e1tica de crime, tr\u00e1fico de drogas. A ocorr\u00eancia foi encerrada na Delegacia de Pol\u00edcia de Mantena. <\/span><\/p>\n<p><span style=\"font-size: 14pt;\">Al\u00e9m da droga (01 quilo de crack), e do ve\u00edculo, os Militares apreenderam ainda uma balan\u00e7a de precis\u00e3o que estava tamb\u00e9m dentro da sacola. (fonte\/foto:PM).<\/span><\/p>\n<p><a href=\"http:\/\/www.portalmantena.com.br\/novo\/\"><img loading=\"lazy\" class=\"alignnone size-full wp-image-37331\" src=\"http:\/\/www.portalmantena.com.br\/novo\/wp-content\/uploads\/2018\/05\/faixaportalnoticias5.jpg\" alt=\"\" width=\"700\" height=\"40\" srcset=\"http:\/\/www.portalmantena.com.br\/novo\/wp-content\/uploads\/2018\/05\/faixaportalnoticias5.jpg 700w, http:\/\/www.portalmantena.com.br\/novo\/wp-content\/uploads\/2018\/05\/faixaportalnoticias5-300x17.jpg 300w, http:\/\/www.portalmantena.com.br\/novo\/wp-content\/uploads\/2018\/05\/faixaportalnoticias5-696x40.jpg 696w\" sizes=\"(max-width: 700px) 100vw, 700px\" \/><\/a><\/p>\n<p><span style=\"font-size: 10pt;\">ESPA\u00c7O EMPRESARIAL<\/span><a href=\"https:\/\/www.facebook.com\/Tekol-Basic-1148561818529027\/\"><img src=\"http:\/\/www.portalmantena.com.br\/novo\/wp-content\/uploads\/2018\/08\/tekol210818b-1.jpg\" \/><\/a><\/p>\n","protected":false},"excerpt":{"rendered":"<p>Policiais Militares da cidade de S\u00e3o Jo\u00e3o do Manteninha apreendem 01 quilo de crack nesta segunda-feira dia 08 de Outubro, no distrito de Divino das Palmeiras, munic\u00edpio de S\u00e3o Jo\u00e3o do Manteninha. Durante patrulhamento pela localidade, Policiais Militares visualizaram um suspeito conduzindo uma moto, trazendo em uma das m\u00e3os uma sacola escura. Por ser conhecido [&hellip;]<\/p>\n","protected":false},"author":1,"featured_media":38444,"comment_status":"open","ping_status":"open","sticky":false,"template":"","format":"standard","meta":[],"categories":[12,34,39],"tags":[],"_links":{"self":[{"href":"http:\/\/www.portalmantena.com.br\/novo\/index.php?rest_route=\/wp\/v2\/posts\/38443"}],"collection":[{"href":"http:\/\/www.portalmantena.com.br\/novo\/index.php?rest_route=\/wp\/v2\/posts"}],"about":[{"href":"http:\/\/www.portalmantena.com.br\/novo\/index.php?rest_route=\/wp\/v2\/types\/post"}],"author":[{"embeddable":true,"href":"http:\/\/www.portalmantena.com.br\/novo\/index.php?rest_route=\/wp\/v2\/users\/1"}],"replies":[{"embeddable":true,"href":"http:\/\/www.portalmantena.com.br\/novo\/index.php?rest_route=%2Fwp%2Fv2%2Fcomments&post=38443"}],"version-history":[{"count":1,"href":"http:\/\/www.portalmantena.com.br\/novo\/index.php?rest_route=\/wp\/v2\/posts\/38443\/revisions"}],"predecessor-version":[{"id":38445,"href":"http:\/\/www.portalmantena.com.br\/novo\/index.php?rest_route=\/wp\/v2\/posts\/38443\/revisions\/38445"}],"wp:featuredmedia":[{"embeddable":true,"href":"http:\/\/www.portalmantena.com.br\/novo\/index.php?rest_route=\/wp\/v2\/media\/38444"}],"wp:attachment":[{"href":"http:\/\/www.portalmantena.com.br\/novo\/index.php?rest_route=%2Fwp%2Fv2%2Fmedia&parent=38443"}],"wp:term":[{"taxonomy":"category","embeddable":true,"href":"http:\/\/www.portalmantena.com.br\/novo\/index.php?rest_route=%2Fwp%2Fv2%2Fcategories&post=38443"},{"taxonomy":"post_tag","embeddable":true,"href":"http:\/\/www.portalmantena.com.br\/novo\/index.php?rest_route=%2Fwp%2Fv2%2Ftags&post=38443"}],"curies":[{"name":"wp","href":"https:\/\/api.w.org\/{rel}","templated":true}]}}