{"id":38434,"date":"2018-10-09T19:41:11","date_gmt":"2018-10-09T22:41:11","guid":{"rendered":"http:\/\/www.portalmantena.com.br\/novo\/?p=38434"},"modified":"2018-10-11T07:35:09","modified_gmt":"2018-10-11T10:35:09","slug":"noite-de-homenagens-e-entrega-de-titulos-em-mantena","status":"publish","type":"post","link":"http:\/\/www.portalmantena.com.br\/novo\/?p=38434","title":{"rendered":"Noite de homenagens e entrega de t\u00edtulos em Mantena"},"content":{"rendered":"<p><a href=\"http:\/\/www.portalmantena.com.br\/novo\/wp-content\/uploads\/2018\/10\/no091018homenagem1.jpg\"><img loading=\"lazy\" class=\"alignnone size-full wp-image-38435\" src=\"http:\/\/www.portalmantena.com.br\/novo\/wp-content\/uploads\/2018\/10\/no091018homenagem1.jpg\" alt=\"\" width=\"700\" height=\"450\" srcset=\"http:\/\/www.portalmantena.com.br\/novo\/wp-content\/uploads\/2018\/10\/no091018homenagem1.jpg 700w, http:\/\/www.portalmantena.com.br\/novo\/wp-content\/uploads\/2018\/10\/no091018homenagem1-300x193.jpg 300w, http:\/\/www.portalmantena.com.br\/novo\/wp-content\/uploads\/2018\/10\/no091018homenagem1-696x447.jpg 696w, http:\/\/www.portalmantena.com.br\/novo\/wp-content\/uploads\/2018\/10\/no091018homenagem1-653x420.jpg 653w\" sizes=\"(max-width: 700px) 100vw, 700px\" \/><\/a><span style=\"font-size: 10pt;\">Fonte: JORNAL REGIONAL NEWS &#8211; Artur Nogueira -SP. Jornalista Dr. Camilo Martins.<\/span><\/p>\n<p><span style=\"font-size: 14pt;\">No \u00faltimo m\u00eas de Setembro, dia 09, foi realizado em Mantena, uma solenidade de homenagens nas depend\u00eancias da C\u00e2mara Municipal de Vereadores da cidade. <\/span><\/p>\n<p><span style=\"font-size: 14pt;\">Na ocasi\u00e3o, ilustres cidad\u00e3os mantenenses que tem se destacado na vida p\u00fablica, empresarial e pol\u00edtica foram agraciados com o t\u00edtulo &#8220;Comendador&#8221; concedido pela August\u00edssima e Soberana Casa Real e Imperial dos Godos de Oriente (Hist\u00f3ria da Memorial Casa dos Godos de ORIENTE-Brasil), representada na solenidade pelo Professor Dr. Juliano Ribeiro Mendes, Embaixador e Marqu\u00eas da Casa dos Godos de Oriente.<\/span><\/p>\n<p><span style=\"font-size: 14pt;\"> Fora aberto espa\u00e7o na reuni\u00e3o ordin\u00e1ria da C\u00e2mara Municipal de Mantena, com a permiss\u00e3o do Excelent\u00edssimo Sr. Presidente vereador Rob\u00e9rio Francisco Costa e contou com a participa\u00e7\u00e3o na entrega dos t\u00edtulos de Comendadores aos seguintes vereadores: Dr. Wanderson Ferreira (representou o Dr. Roberto J\u00f3rio), Sr. Ricardo Firmino, Sr. Rob\u00e9rio Francisco e do Atual Vice &#8211; Prefeito, Sr. Luiz Garcia. Os homenageados da noite foram os ilustres empres\u00e1rios: Sr. Edson Sgrancio (Ex -vereador, Empres\u00e1rio); Sr. Rog\u00e9rio Faustino (Empres\u00e1rio e Radialista); Dr. Roberto J\u00f3rio Machado Filho (Ex \u2013Vereador e M\u00e9dico) e Dr. Klynger Machado de Oliveira (Advogado e Empres\u00e1rio).<\/span><\/p>\n<p><span style=\"font-size: 14pt;\">O Vereador Dr. Wanderson Ferreira, recebeu os t\u00edtulos de &#8220;Comendador&#8221; e &#8220;Benfeitor da Educa\u00e7\u00e3o e Cultura no Brasil&#8221; para o amigo pessoal e Ex- Vereador Dr. Roberto J\u00f3rio Machado Filho. Ex &#8211; Secret\u00e1rio de Sa\u00fade de Mantena, fora vereador no mandato passado, tendo posi\u00e7\u00e3o de destaque como amigo de todos, Legislador, companheiro, representante do povo. E hoje exercendo sua atual profiss\u00e3o de M\u00e9dico, tem grande destaque e aceita\u00e7\u00e3o da popula\u00e7\u00e3o mantenense. <\/span><\/p>\n<p><a href=\"http:\/\/www.portalmantena.com.br\/novo\/wp-content\/uploads\/2018\/10\/no091018homenagem2.jpg\"><img loading=\"lazy\" class=\"alignnone size-full wp-image-38436\" src=\"http:\/\/www.portalmantena.com.br\/novo\/wp-content\/uploads\/2018\/10\/no091018homenagem2.jpg\" alt=\"\" width=\"700\" height=\"450\" srcset=\"http:\/\/www.portalmantena.com.br\/novo\/wp-content\/uploads\/2018\/10\/no091018homenagem2.jpg 700w, http:\/\/www.portalmantena.com.br\/novo\/wp-content\/uploads\/2018\/10\/no091018homenagem2-300x193.jpg 300w, http:\/\/www.portalmantena.com.br\/novo\/wp-content\/uploads\/2018\/10\/no091018homenagem2-696x447.jpg 696w, http:\/\/www.portalmantena.com.br\/novo\/wp-content\/uploads\/2018\/10\/no091018homenagem2-653x420.jpg 653w\" sizes=\"(max-width: 700px) 100vw, 700px\" \/><\/a><a href=\"http:\/\/www.portalmantena.com.br\/novo\/wp-content\/uploads\/2018\/10\/no091018homenagem5.jpg\"><img loading=\"lazy\" class=\"alignnone size-full wp-image-38439\" src=\"http:\/\/www.portalmantena.com.br\/novo\/wp-content\/uploads\/2018\/10\/no091018homenagem5.jpg\" alt=\"\" width=\"700\" height=\"450\" srcset=\"http:\/\/www.portalmantena.com.br\/novo\/wp-content\/uploads\/2018\/10\/no091018homenagem5.jpg 700w, http:\/\/www.portalmantena.com.br\/novo\/wp-content\/uploads\/2018\/10\/no091018homenagem5-300x193.jpg 300w, http:\/\/www.portalmantena.com.br\/novo\/wp-content\/uploads\/2018\/10\/no091018homenagem5-696x447.jpg 696w, http:\/\/www.portalmantena.com.br\/novo\/wp-content\/uploads\/2018\/10\/no091018homenagem5-653x420.jpg 653w\" sizes=\"(max-width: 700px) 100vw, 700px\" \/><\/a><\/p>\n<p><span style=\"font-size: 14pt;\">O Advogado e Empres\u00e1rio, <strong>Dr. Klynger Machado<\/strong>, recebendo das m\u00e3os do Vereador Dr. Ricardo Firmino o t\u00edtulo de &#8220;Comendador.&#8221; E das m\u00e3os do atual Vice &#8211; Prefeito de Mantena Exmo. Sr. Luiz Garcia o t\u00edtulo de Embaixador da Paz.&#8221; O Dr. Klynger Machado de Oliveira, tamb\u00e9m fora agraciado Pelo Supremo Consist\u00f3rio dos Embaixadores da Paz \u2013 RJ ( EMBAIXADORES DA PAZ). <\/span><\/p>\n<p><span style=\"font-size: 14pt;\">Com o t\u00edtulo de &#8220;Embaixador da Paz&#8221; e o t\u00edtulo de &#8220;Doutor Honoris Causa&#8221; Pelo seu trabalho solid\u00e1rio juntamente de sua fam\u00edlia, que se tem prestado h\u00e1 anos ao povo de Mantena, tendo grande destaque no resgate de v\u00edtimas de barco na noite de 25 de dezembro de 2013, onde a cidade de Mantena,MG fora arrasada pelas for\u00e7as das \u00e1guas, e n\u00e3o mediu esfor\u00e7os para chegar aquelas pessoas que se encontravam em situa\u00e7\u00e3o de risco de serem levadas pelas for\u00e7as das \u00e1guas. E por seu trabalho Filantropo que sempre tem sido destaque em nossa cidade.<\/span><\/p>\n<p><a href=\"http:\/\/www.portalmantena.com.br\/novo\/wp-content\/uploads\/2018\/10\/no091018homenagem3.jpg\"><img loading=\"lazy\" class=\"alignnone size-full wp-image-38437\" src=\"http:\/\/www.portalmantena.com.br\/novo\/wp-content\/uploads\/2018\/10\/no091018homenagem3.jpg\" alt=\"\" width=\"700\" height=\"450\" srcset=\"http:\/\/www.portalmantena.com.br\/novo\/wp-content\/uploads\/2018\/10\/no091018homenagem3.jpg 700w, http:\/\/www.portalmantena.com.br\/novo\/wp-content\/uploads\/2018\/10\/no091018homenagem3-300x193.jpg 300w, http:\/\/www.portalmantena.com.br\/novo\/wp-content\/uploads\/2018\/10\/no091018homenagem3-696x447.jpg 696w, http:\/\/www.portalmantena.com.br\/novo\/wp-content\/uploads\/2018\/10\/no091018homenagem3-653x420.jpg 653w\" sizes=\"(max-width: 700px) 100vw, 700px\" \/><\/a><\/p>\n<p><span style=\"font-size: 14pt;\">O Ex- Vereador, o Empres\u00e1rio de Farm\u00e1cia, <strong>Dr. Edson Sgr\u00e2ncio<\/strong> recebeu o T\u00edtulo de &#8220;Comendador&#8221; e &#8220;Benfeitor da Educa\u00e7\u00e3o e Cultura no Brasil.&#8221;\u00a0 Pelo seu trabalho como vereador, empres\u00e1rio, e tendo papel de grande destaque na sociedade mantenense, e sua contribui\u00e7\u00e3o na legislatura da C\u00e2mara Municipal de Mantena, no conv\u00edvio e auxilio ao povo mantenense juntamente com sua fam\u00edlia. <\/span><\/p>\n<p><span style=\"font-size: 14pt;\">O T\u00edtulo de &#8220;Comendador&#8221; \u00e9 utilizado como um t\u00edtulo distintivo de honra, oferecido por algum tipo de autoridade as pessoas que se destacam por ajudar a engrandecer a sociedade, seja por trabalhos ou influ\u00eancias sociais, econ\u00f4micas e pol\u00edticas.<\/span><\/p>\n<p><a href=\"http:\/\/www.portalmantena.com.br\/novo\/wp-content\/uploads\/2018\/10\/no091018homenagem4.jpg\"><img loading=\"lazy\" class=\"alignnone size-full wp-image-38438\" src=\"http:\/\/www.portalmantena.com.br\/novo\/wp-content\/uploads\/2018\/10\/no091018homenagem4.jpg\" alt=\"\" width=\"700\" height=\"450\" srcset=\"http:\/\/www.portalmantena.com.br\/novo\/wp-content\/uploads\/2018\/10\/no091018homenagem4.jpg 700w, http:\/\/www.portalmantena.com.br\/novo\/wp-content\/uploads\/2018\/10\/no091018homenagem4-300x193.jpg 300w, http:\/\/www.portalmantena.com.br\/novo\/wp-content\/uploads\/2018\/10\/no091018homenagem4-696x447.jpg 696w, http:\/\/www.portalmantena.com.br\/novo\/wp-content\/uploads\/2018\/10\/no091018homenagem4-653x420.jpg 653w\" sizes=\"(max-width: 700px) 100vw, 700px\" \/><\/a><\/p>\n<p><span style=\"font-size: 14pt;\">O Radialista e Empres\u00e1rio da Comunica\u00e7\u00e3o, <strong>Sr. Rog\u00e9rio Faustino<\/strong>, recebendo o t\u00edtulo de &#8220;Comendador&#8221; e &#8220;Benfeitor da Educa\u00e7\u00e3o e Cultura no Brasil&#8221; das m\u00e3os do Prof. Dr. Juliano Ribeiro Mendes,Ph.I\u00a0 <\/span><\/p>\n<p><span style=\"font-size: 14pt;\">Pelo seu trabalho de utilidade p\u00fablica com presta\u00e7\u00e3o de servi\u00e7o ao povo mantenense, e de grande destaque no per\u00edodo conturbado da maior enchente da hist\u00f3ria da cidade, onde a R\u00e1dio Treze de Junho num trabalho de equipe, ajudou a salvar vidas por meio de suas transmiss\u00f5es para que o socorro pudesse chegar at\u00e9 as pessoas que tanto necessitavam.(Enchente de 2013).<\/span><\/p>\n<p>Fonte: JORNAL REGIONAL NEWS &#8211; Artur Nogueira -SP. Jornalista Dr. Camilo Martins.<\/p>\n<p><a href=\"http:\/\/www.portalmantena.com.br\/novo\/\"><img loading=\"lazy\" class=\"alignnone size-full wp-image-37331\" src=\"http:\/\/www.portalmantena.com.br\/novo\/wp-content\/uploads\/2018\/05\/faixaportalnoticias5.jpg\" alt=\"\" width=\"700\" height=\"40\" srcset=\"http:\/\/www.portalmantena.com.br\/novo\/wp-content\/uploads\/2018\/05\/faixaportalnoticias5.jpg 700w, http:\/\/www.portalmantena.com.br\/novo\/wp-content\/uploads\/2018\/05\/faixaportalnoticias5-300x17.jpg 300w, http:\/\/www.portalmantena.com.br\/novo\/wp-content\/uploads\/2018\/05\/faixaportalnoticias5-696x40.jpg 696w\" sizes=\"(max-width: 700px) 100vw, 700px\" \/><\/a><\/p>\n<p><span style=\"font-size: 10pt;\">ESPA\u00c7O EMPRESARIAL<\/span><a href=\"http:\/\/www.portalmantena.com.br\/novo\/wp-content\/uploads\/2018\/05\/postoterraboa.jpg\"><img loading=\"lazy\" class=\"alignnone size-full wp-image-29172\" src=\"http:\/\/www.portalmantena.com.br\/novo\/wp-content\/uploads\/2018\/05\/postoterraboa.jpg\" alt=\"\" width=\"700\" height=\"150\" srcset=\"http:\/\/www.portalmantena.com.br\/novo\/wp-content\/uploads\/2018\/05\/postoterraboa.jpg 700w, http:\/\/www.portalmantena.com.br\/novo\/wp-content\/uploads\/2018\/05\/postoterraboa-300x64.jpg 300w, http:\/\/www.portalmantena.com.br\/novo\/wp-content\/uploads\/2018\/05\/postoterraboa-696x150.jpg 696w\" sizes=\"(max-width: 700px) 100vw, 700px\" \/><\/a><\/p>\n<p>&nbsp;<\/p>\n","protected":false},"excerpt":{"rendered":"<p>Fonte: JORNAL REGIONAL NEWS &#8211; Artur Nogueira -SP. Jornalista Dr. Camilo Martins. No \u00faltimo m\u00eas de Setembro, dia 09, foi realizado em Mantena, uma solenidade de homenagens nas depend\u00eancias da C\u00e2mara Municipal de Vereadores da cidade. Na ocasi\u00e3o, ilustres cidad\u00e3os mantenenses que tem se destacado na vida p\u00fablica, empresarial e pol\u00edtica foram agraciados com o [&hellip;]<\/p>\n","protected":false},"author":1,"featured_media":38435,"comment_status":"open","ping_status":"open","sticky":false,"template":"","format":"standard","meta":[],"categories":[36,11],"tags":[],"_links":{"self":[{"href":"http:\/\/www.portalmantena.com.br\/novo\/index.php?rest_route=\/wp\/v2\/posts\/38434"}],"collection":[{"href":"http:\/\/www.portalmantena.com.br\/novo\/index.php?rest_route=\/wp\/v2\/posts"}],"about":[{"href":"http:\/\/www.portalmantena.com.br\/novo\/index.php?rest_route=\/wp\/v2\/types\/post"}],"author":[{"embeddable":true,"href":"http:\/\/www.portalmantena.com.br\/novo\/index.php?rest_route=\/wp\/v2\/users\/1"}],"replies":[{"embeddable":true,"href":"http:\/\/www.portalmantena.com.br\/novo\/index.php?rest_route=%2Fwp%2Fv2%2Fcomments&post=38434"}],"version-history":[{"count":1,"href":"http:\/\/www.portalmantena.com.br\/novo\/index.php?rest_route=\/wp\/v2\/posts\/38434\/revisions"}],"predecessor-version":[{"id":38440,"href":"http:\/\/www.portalmantena.com.br\/novo\/index.php?rest_route=\/wp\/v2\/posts\/38434\/revisions\/38440"}],"wp:featuredmedia":[{"embeddable":true,"href":"http:\/\/www.portalmantena.com.br\/novo\/index.php?rest_route=\/wp\/v2\/media\/38435"}],"wp:attachment":[{"href":"http:\/\/www.portalmantena.com.br\/novo\/index.php?rest_route=%2Fwp%2Fv2%2Fmedia&parent=38434"}],"wp:term":[{"taxonomy":"category","embeddable":true,"href":"http:\/\/www.portalmantena.com.br\/novo\/index.php?rest_route=%2Fwp%2Fv2%2Fcategories&post=38434"},{"taxonomy":"post_tag","embeddable":true,"href":"http:\/\/www.portalmantena.com.br\/novo\/index.php?rest_route=%2Fwp%2Fv2%2Ftags&post=38434"}],"curies":[{"name":"wp","href":"https:\/\/api.w.org\/{rel}","templated":true}]}}