{"id":38432,"date":"2018-10-09T16:17:49","date_gmt":"2018-10-09T19:17:49","guid":{"rendered":"http:\/\/www.portalmantena.com.br\/novo\/?p=38432"},"modified":"2018-10-09T16:17:49","modified_gmt":"2018-10-09T19:17:49","slug":"fiscalizacao-na-foz-do-rio-doce-foi-tema-de-reuniao","status":"publish","type":"post","link":"http:\/\/www.portalmantena.com.br\/novo\/?p=38432","title":{"rendered":"Fiscaliza\u00e7\u00e3o na foz do Rio Doce foi tema de reuni\u00e3o"},"content":{"rendered":"<p><span style=\"font-size: 14pt;\">Nesta quinta-feira (04), policiais militares da 2\u00aa Cia do Batalh\u00e3o de Pol\u00edcia Militar Ambiental (BPMA) participaram de uma reuni\u00e3o na sede da Procuradoria da Rep\u00fablica do Munic\u00edpio de Linhares. <\/span><\/p>\n<p><span style=\"font-size: 14pt;\">O evento contou com a participa\u00e7\u00e3o de representantes do Instituto Brasileiro do Meio Ambiente e dos Recursos Naturais Renov\u00e1veis (IBAMA), do Instituto Estadual do Meio Ambiente e Recursos H\u00eddricos (IEMA), do Instituto Chico Mendes de Conserva\u00e7\u00e3o e Biodiversidade (ICMBIO), da Capitania dos Portos, da Secretaria Municipal de Meio Ambiente do Munic\u00edpio de Linhares e da Pol\u00edcia Federal. <\/span><\/p>\n<p><span style=\"font-size: 14pt;\">O objetivo do encontro foi a delibera\u00e7\u00e3o de assuntos inerentes \u00e0 fiscaliza\u00e7\u00e3o da Foz do Rio Doce, em face da proibi\u00e7\u00e3o extraordin\u00e1ria da pesca no local em decorr\u00eancia de decis\u00e3o judicial que pro\u00edbe a atividade na regi\u00e3o mar\u00edtima compreendida entre Barra Do Riacho em Aracruz-ES e Degredo em Linhares-ES, at\u00e9 20 metros de profundidade. <\/span><\/p>\n<p><span style=\"font-size: 14pt;\">O teor da reuni\u00e3o foi conjecturar estrat\u00e9gias de a\u00e7\u00f5es conjuntas com todos os \u00f3rg\u00e3os ambientais que tornem a fiscaliza\u00e7\u00e3o mais eficiente e, sobretudo, eficaz nesta regi\u00e3o. Outras reuni\u00f5es acontecer\u00e3o futuramente para determinar as log\u00edsticas para a execu\u00e7\u00e3o da opera\u00e7\u00e3o que acontecer\u00e1 enquanto durar a vig\u00eancia da decis\u00e3o judicial. (fonte:PM).<\/span><\/p>\n<p><a href=\"http:\/\/www.portalmantena.com.br\/novo\/\"><img loading=\"lazy\" class=\"alignnone size-full wp-image-37331\" src=\"http:\/\/www.portalmantena.com.br\/novo\/wp-content\/uploads\/2018\/05\/faixaportalnoticias5.jpg\" alt=\"\" width=\"700\" height=\"40\" srcset=\"http:\/\/www.portalmantena.com.br\/novo\/wp-content\/uploads\/2018\/05\/faixaportalnoticias5.jpg 700w, http:\/\/www.portalmantena.com.br\/novo\/wp-content\/uploads\/2018\/05\/faixaportalnoticias5-300x17.jpg 300w, http:\/\/www.portalmantena.com.br\/novo\/wp-content\/uploads\/2018\/05\/faixaportalnoticias5-696x40.jpg 696w\" sizes=\"(max-width: 700px) 100vw, 700px\" \/><\/a><span style=\"font-size: 10pt;\">ESPA\u00c7O EMPRESARIAL<\/span><a href=\"https:\/\/www.facebook.com\/redevalente\/\"><img loading=\"lazy\" class=\"alignnone size-full wp-image-29188\" src=\"http:\/\/www.portalmantena.com.br\/novo\/wp-content\/uploads\/2018\/05\/valentefaixa.jpg\" alt=\"\" width=\"700\" height=\"150\" srcset=\"http:\/\/www.portalmantena.com.br\/novo\/wp-content\/uploads\/2018\/05\/valentefaixa.jpg 700w, http:\/\/www.portalmantena.com.br\/novo\/wp-content\/uploads\/2018\/05\/valentefaixa-300x64.jpg 300w, http:\/\/www.portalmantena.com.br\/novo\/wp-content\/uploads\/2018\/05\/valentefaixa-696x150.jpg 696w\" sizes=\"(max-width: 700px) 100vw, 700px\" \/><\/a><\/p>\n","protected":false},"excerpt":{"rendered":"<p>Nesta quinta-feira (04), policiais militares da 2\u00aa Cia do Batalh\u00e3o de Pol\u00edcia Militar Ambiental (BPMA) participaram de uma reuni\u00e3o na sede da Procuradoria da Rep\u00fablica do Munic\u00edpio de Linhares. O evento contou com a participa\u00e7\u00e3o de representantes do Instituto Brasileiro do Meio Ambiente e dos Recursos Naturais Renov\u00e1veis (IBAMA), do Instituto Estadual do Meio Ambiente [&hellip;]<\/p>\n","protected":false},"author":1,"featured_media":0,"comment_status":"open","ping_status":"open","sticky":false,"template":"","format":"standard","meta":[],"categories":[24],"tags":[],"_links":{"self":[{"href":"http:\/\/www.portalmantena.com.br\/novo\/index.php?rest_route=\/wp\/v2\/posts\/38432"}],"collection":[{"href":"http:\/\/www.portalmantena.com.br\/novo\/index.php?rest_route=\/wp\/v2\/posts"}],"about":[{"href":"http:\/\/www.portalmantena.com.br\/novo\/index.php?rest_route=\/wp\/v2\/types\/post"}],"author":[{"embeddable":true,"href":"http:\/\/www.portalmantena.com.br\/novo\/index.php?rest_route=\/wp\/v2\/users\/1"}],"replies":[{"embeddable":true,"href":"http:\/\/www.portalmantena.com.br\/novo\/index.php?rest_route=%2Fwp%2Fv2%2Fcomments&post=38432"}],"version-history":[{"count":1,"href":"http:\/\/www.portalmantena.com.br\/novo\/index.php?rest_route=\/wp\/v2\/posts\/38432\/revisions"}],"predecessor-version":[{"id":38433,"href":"http:\/\/www.portalmantena.com.br\/novo\/index.php?rest_route=\/wp\/v2\/posts\/38432\/revisions\/38433"}],"wp:attachment":[{"href":"http:\/\/www.portalmantena.com.br\/novo\/index.php?rest_route=%2Fwp%2Fv2%2Fmedia&parent=38432"}],"wp:term":[{"taxonomy":"category","embeddable":true,"href":"http:\/\/www.portalmantena.com.br\/novo\/index.php?rest_route=%2Fwp%2Fv2%2Fcategories&post=38432"},{"taxonomy":"post_tag","embeddable":true,"href":"http:\/\/www.portalmantena.com.br\/novo\/index.php?rest_route=%2Fwp%2Fv2%2Ftags&post=38432"}],"curies":[{"name":"wp","href":"https:\/\/api.w.org\/{rel}","templated":true}]}}