{"id":38429,"date":"2018-10-09T22:07:02","date_gmt":"2018-10-10T01:07:02","guid":{"rendered":"http:\/\/www.portalmantena.com.br\/novo\/?p=38429"},"modified":"2018-10-09T14:49:15","modified_gmt":"2018-10-09T17:49:15","slug":"final-de-semana-sera-de-jazz-e-blues-em-guriri","status":"publish","type":"post","link":"http:\/\/www.portalmantena.com.br\/novo\/?p=38429","title":{"rendered":"Final de semana ser\u00e1 de Jazz e Blues em Guriri"},"content":{"rendered":"<p><a href=\"http:\/\/www.portalmantena.com.br\/novo\/wp-content\/uploads\/2018\/10\/no091018jazz.jpg\"><img loading=\"lazy\" class=\"alignnone size-full wp-image-38430\" src=\"http:\/\/www.portalmantena.com.br\/novo\/wp-content\/uploads\/2018\/10\/no091018jazz.jpg\" alt=\"\" width=\"700\" height=\"450\" srcset=\"http:\/\/www.portalmantena.com.br\/novo\/wp-content\/uploads\/2018\/10\/no091018jazz.jpg 700w, http:\/\/www.portalmantena.com.br\/novo\/wp-content\/uploads\/2018\/10\/no091018jazz-300x193.jpg 300w, http:\/\/www.portalmantena.com.br\/novo\/wp-content\/uploads\/2018\/10\/no091018jazz-696x447.jpg 696w, http:\/\/www.portalmantena.com.br\/novo\/wp-content\/uploads\/2018\/10\/no091018jazz-653x420.jpg 653w\" sizes=\"(max-width: 700px) 100vw, 700px\" \/><\/a><\/p>\n<p><span style=\"font-size: 14pt;\">No pr\u00f3ximo final de semana, dias 11, 12 e 13 de Outubro, quem gosta de boa m\u00fasica e ainda de estar no litoral, n\u00e3o pode perder a IV edi\u00e7\u00e3o do GURIRI JAZZ &amp; BLUES. <\/span><\/p>\n<p><span style=\"font-size: 14pt;\">O evento que j\u00e1 virou tradi\u00e7\u00e3o no estado capixaba ter\u00e1 este ano novamente grandes atra\u00e7\u00f5es. <\/span><\/p>\n<p><span style=\"font-size: 14pt;\">Na quinta-feira dia 11, \u00e0s 20 horas Lira Mateense, \u00e0s 21h30&#8242; Cain\u00e3 e a Vizinhan\u00e7a do Espelho, e \u00e0s 23h30&#8242; Nano Viana. <\/span><\/p>\n<p><span style=\"font-size: 14pt;\">J\u00e1 na sexta-feira dia 12, \u00e0s 20 horas Fames Dixieland, \u00e0s 22 horas Chubby&#8217;s Blues Band e \u00e0s 23h30&#8242; Esquina 9. <\/span><\/p>\n<p><span style=\"font-size: 14pt;\">No s\u00e1bado dia 13, \u00faltimo dia do Festival, \u00e0s 19 horas Marcos Assad Ac\u00fastico, 20h30&#8242; Salsa Brezinski &amp; Ag\u00eancia de Viagem, 22h30&#8242; Sunset Five Jazz e \u00e0s 00h30&#8242; Vapor Merc\u00fario. Com certeza ser\u00e1 novamente sucesso.<\/span><\/p>\n<p><a href=\"http:\/\/www.portalmantena.com.br\/novo\/\"><img loading=\"lazy\" class=\"alignnone size-full wp-image-37331\" src=\"http:\/\/www.portalmantena.com.br\/novo\/wp-content\/uploads\/2018\/05\/faixaportalnoticias5.jpg\" alt=\"\" width=\"700\" height=\"40\" srcset=\"http:\/\/www.portalmantena.com.br\/novo\/wp-content\/uploads\/2018\/05\/faixaportalnoticias5.jpg 700w, http:\/\/www.portalmantena.com.br\/novo\/wp-content\/uploads\/2018\/05\/faixaportalnoticias5-300x17.jpg 300w, http:\/\/www.portalmantena.com.br\/novo\/wp-content\/uploads\/2018\/05\/faixaportalnoticias5-696x40.jpg 696w\" sizes=\"(max-width: 700px) 100vw, 700px\" \/><\/a><\/p>\n<p><span style=\"font-size: 10pt;\">ESPA\u00c7O EMPRESARIAL<\/span><a href=\"http:\/\/www.portalmantena.com.br\/novo\/wp-content\/uploads\/2018\/05\/cafebonzonfaixa.jpg\"><img loading=\"lazy\" class=\"alignnone size-full wp-image-29162\" src=\"http:\/\/www.portalmantena.com.br\/novo\/wp-content\/uploads\/2018\/05\/cafebonzonfaixa.jpg\" alt=\"\" width=\"700\" height=\"150\" srcset=\"http:\/\/www.portalmantena.com.br\/novo\/wp-content\/uploads\/2018\/05\/cafebonzonfaixa.jpg 700w, http:\/\/www.portalmantena.com.br\/novo\/wp-content\/uploads\/2018\/05\/cafebonzonfaixa-300x64.jpg 300w, http:\/\/www.portalmantena.com.br\/novo\/wp-content\/uploads\/2018\/05\/cafebonzonfaixa-696x150.jpg 696w\" sizes=\"(max-width: 700px) 100vw, 700px\" \/><\/a><\/p>\n","protected":false},"excerpt":{"rendered":"<p>No pr\u00f3ximo final de semana, dias 11, 12 e 13 de Outubro, quem gosta de boa m\u00fasica e ainda de estar no litoral, n\u00e3o pode perder a IV edi\u00e7\u00e3o do GURIRI JAZZ &amp; BLUES. O evento que j\u00e1 virou tradi\u00e7\u00e3o no estado capixaba ter\u00e1 este ano novamente grandes atra\u00e7\u00f5es. Na quinta-feira dia 11, \u00e0s 20 [&hellip;]<\/p>\n","protected":false},"author":1,"featured_media":38430,"comment_status":"open","ping_status":"open","sticky":false,"template":"","format":"standard","meta":[],"categories":[11,39],"tags":[],"_links":{"self":[{"href":"http:\/\/www.portalmantena.com.br\/novo\/index.php?rest_route=\/wp\/v2\/posts\/38429"}],"collection":[{"href":"http:\/\/www.portalmantena.com.br\/novo\/index.php?rest_route=\/wp\/v2\/posts"}],"about":[{"href":"http:\/\/www.portalmantena.com.br\/novo\/index.php?rest_route=\/wp\/v2\/types\/post"}],"author":[{"embeddable":true,"href":"http:\/\/www.portalmantena.com.br\/novo\/index.php?rest_route=\/wp\/v2\/users\/1"}],"replies":[{"embeddable":true,"href":"http:\/\/www.portalmantena.com.br\/novo\/index.php?rest_route=%2Fwp%2Fv2%2Fcomments&post=38429"}],"version-history":[{"count":1,"href":"http:\/\/www.portalmantena.com.br\/novo\/index.php?rest_route=\/wp\/v2\/posts\/38429\/revisions"}],"predecessor-version":[{"id":38431,"href":"http:\/\/www.portalmantena.com.br\/novo\/index.php?rest_route=\/wp\/v2\/posts\/38429\/revisions\/38431"}],"wp:featuredmedia":[{"embeddable":true,"href":"http:\/\/www.portalmantena.com.br\/novo\/index.php?rest_route=\/wp\/v2\/media\/38430"}],"wp:attachment":[{"href":"http:\/\/www.portalmantena.com.br\/novo\/index.php?rest_route=%2Fwp%2Fv2%2Fmedia&parent=38429"}],"wp:term":[{"taxonomy":"category","embeddable":true,"href":"http:\/\/www.portalmantena.com.br\/novo\/index.php?rest_route=%2Fwp%2Fv2%2Fcategories&post=38429"},{"taxonomy":"post_tag","embeddable":true,"href":"http:\/\/www.portalmantena.com.br\/novo\/index.php?rest_route=%2Fwp%2Fv2%2Ftags&post=38429"}],"curies":[{"name":"wp","href":"https:\/\/api.w.org\/{rel}","templated":true}]}}