{"id":38362,"date":"2018-10-08T20:36:02","date_gmt":"2018-10-08T23:36:02","guid":{"rendered":"http:\/\/www.portalmantena.com.br\/novo\/?p=38362"},"modified":"2018-10-08T13:43:14","modified_gmt":"2018-10-08T16:43:14","slug":"moto-roubada-e-duas-armas-de-fogo-apreendidas-pela-pm","status":"publish","type":"post","link":"http:\/\/www.portalmantena.com.br\/novo\/?p=38362","title":{"rendered":"Moto roubada e duas armas de fogo apreendidas pela PM"},"content":{"rendered":"<p><a href=\"http:\/\/www.portalmantena.com.br\/novo\/wp-content\/uploads\/2018\/10\/no081018menor.jpg\"><img loading=\"lazy\" class=\"alignnone size-full wp-image-38367\" src=\"http:\/\/www.portalmantena.com.br\/novo\/wp-content\/uploads\/2018\/10\/no081018menor.jpg\" alt=\"\" width=\"700\" height=\"450\" srcset=\"http:\/\/www.portalmantena.com.br\/novo\/wp-content\/uploads\/2018\/10\/no081018menor.jpg 700w, http:\/\/www.portalmantena.com.br\/novo\/wp-content\/uploads\/2018\/10\/no081018menor-300x193.jpg 300w, http:\/\/www.portalmantena.com.br\/novo\/wp-content\/uploads\/2018\/10\/no081018menor-696x447.jpg 696w, http:\/\/www.portalmantena.com.br\/novo\/wp-content\/uploads\/2018\/10\/no081018menor-653x420.jpg 653w\" sizes=\"(max-width: 700px) 100vw, 700px\" \/><\/a><\/p>\n<p><span style=\"font-size: 14pt;\">Policiais militares da 2\u00aa Companhia do 2\u00ba Batalh\u00e3o apreenderam, na tarde desta ter\u00e7a-feira (2), na cidade capixaba de Pinheiros, um adolescente de 13 anos. Ele \u00e9 suspeito de ter envolvimento com atos infracionais de roubo e tr\u00e1fico de drogas no munic\u00edpio. Com o infrator os policiais recuperaram uma motocicleta roubada e apreenderam duas armas de fogo e outros materiais. <\/span><\/p>\n<p><span style=\"font-size: 14pt;\">O infrator, de 13 anos foi apreendido no bairro Jardim Planalto, por volta das 16 horas. Ele \u00e9 suspeito de ser o autor de diversos roubos no munic\u00edpio, juntamente com o comparsa, que n\u00e3o foi localizado durante as buscas. Segundo levantamentos, a dupla tinha acabado de roubar uma motocicleta Honda\/CG 150, cor vermelha, no trevo ao lado do Bairro Jardim Planalto. <\/span><\/p>\n<p><span style=\"font-size: 14pt;\">Ap\u00f3s o roubo os militares realizaram buscas e localizaram o infrator pilotando a motocicleta roubada. Durante a abordagem ele ainda fugir com o ve\u00edculo, mas acabou perdendo o controle e caiu no meio da rua. <\/span><\/p>\n<p><span style=\"font-size: 14pt;\">Ao revistar o adolescente, os militares encontraram um cord\u00e3o de prata da v\u00edtima. Ele confessou o roubo e contou que as armas estavam escondidas numa casa abandonada, no bairro Jardim Planalto. <\/span><\/p>\n<p><span style=\"font-size: 14pt;\">Os policiais foram ao local indicado e encontraram duas armas de fabrica\u00e7\u00e3o caseira que vinham sendo utilizados pelos dois infratores nos roubos. O menor e os materiais apreendidos foram encaminhados ao plant\u00e3o policial de S\u00e3o Mateus. (fonte\/foto:PM).<\/span><\/p>\n<p><a href=\"http:\/\/www.portalmantena.com.br\/novo\/\"><img loading=\"lazy\" class=\"alignnone size-full wp-image-37331\" src=\"http:\/\/www.portalmantena.com.br\/novo\/wp-content\/uploads\/2018\/05\/faixaportalnoticias5.jpg\" alt=\"\" width=\"700\" height=\"40\" srcset=\"http:\/\/www.portalmantena.com.br\/novo\/wp-content\/uploads\/2018\/05\/faixaportalnoticias5.jpg 700w, http:\/\/www.portalmantena.com.br\/novo\/wp-content\/uploads\/2018\/05\/faixaportalnoticias5-300x17.jpg 300w, http:\/\/www.portalmantena.com.br\/novo\/wp-content\/uploads\/2018\/05\/faixaportalnoticias5-696x40.jpg 696w\" sizes=\"(max-width: 700px) 100vw, 700px\" \/><\/a><\/p>\n<p><span style=\"font-size: 10pt;\">ESPA\u00c7O EMPRESARIAL<\/span><a href=\"http:\/\/www.portalmantena.com.br\/novo\/wp-content\/uploads\/2018\/05\/cafebonzonfaixa.jpg\"><img loading=\"lazy\" class=\"alignnone size-full wp-image-29162\" src=\"http:\/\/www.portalmantena.com.br\/novo\/wp-content\/uploads\/2018\/05\/cafebonzonfaixa.jpg\" alt=\"\" width=\"700\" height=\"150\" srcset=\"http:\/\/www.portalmantena.com.br\/novo\/wp-content\/uploads\/2018\/05\/cafebonzonfaixa.jpg 700w, http:\/\/www.portalmantena.com.br\/novo\/wp-content\/uploads\/2018\/05\/cafebonzonfaixa-300x64.jpg 300w, http:\/\/www.portalmantena.com.br\/novo\/wp-content\/uploads\/2018\/05\/cafebonzonfaixa-696x150.jpg 696w\" sizes=\"(max-width: 700px) 100vw, 700px\" \/><\/a><\/p>\n","protected":false},"excerpt":{"rendered":"<p>Policiais militares da 2\u00aa Companhia do 2\u00ba Batalh\u00e3o apreenderam, na tarde desta ter\u00e7a-feira (2), na cidade capixaba de Pinheiros, um adolescente de 13 anos. Ele \u00e9 suspeito de ter envolvimento com atos infracionais de roubo e tr\u00e1fico de drogas no munic\u00edpio. Com o infrator os policiais recuperaram uma motocicleta roubada e apreenderam duas armas de [&hellip;]<\/p>\n","protected":false},"author":1,"featured_media":38367,"comment_status":"open","ping_status":"open","sticky":false,"template":"","format":"standard","meta":[],"categories":[11,34],"tags":[],"_links":{"self":[{"href":"http:\/\/www.portalmantena.com.br\/novo\/index.php?rest_route=\/wp\/v2\/posts\/38362"}],"collection":[{"href":"http:\/\/www.portalmantena.com.br\/novo\/index.php?rest_route=\/wp\/v2\/posts"}],"about":[{"href":"http:\/\/www.portalmantena.com.br\/novo\/index.php?rest_route=\/wp\/v2\/types\/post"}],"author":[{"embeddable":true,"href":"http:\/\/www.portalmantena.com.br\/novo\/index.php?rest_route=\/wp\/v2\/users\/1"}],"replies":[{"embeddable":true,"href":"http:\/\/www.portalmantena.com.br\/novo\/index.php?rest_route=%2Fwp%2Fv2%2Fcomments&post=38362"}],"version-history":[{"count":1,"href":"http:\/\/www.portalmantena.com.br\/novo\/index.php?rest_route=\/wp\/v2\/posts\/38362\/revisions"}],"predecessor-version":[{"id":38368,"href":"http:\/\/www.portalmantena.com.br\/novo\/index.php?rest_route=\/wp\/v2\/posts\/38362\/revisions\/38368"}],"wp:featuredmedia":[{"embeddable":true,"href":"http:\/\/www.portalmantena.com.br\/novo\/index.php?rest_route=\/wp\/v2\/media\/38367"}],"wp:attachment":[{"href":"http:\/\/www.portalmantena.com.br\/novo\/index.php?rest_route=%2Fwp%2Fv2%2Fmedia&parent=38362"}],"wp:term":[{"taxonomy":"category","embeddable":true,"href":"http:\/\/www.portalmantena.com.br\/novo\/index.php?rest_route=%2Fwp%2Fv2%2Fcategories&post=38362"},{"taxonomy":"post_tag","embeddable":true,"href":"http:\/\/www.portalmantena.com.br\/novo\/index.php?rest_route=%2Fwp%2Fv2%2Ftags&post=38362"}],"curies":[{"name":"wp","href":"https:\/\/api.w.org\/{rel}","templated":true}]}}