{"id":38350,"date":"2018-10-08T11:12:03","date_gmt":"2018-10-08T14:12:03","guid":{"rendered":"http:\/\/www.portalmantena.com.br\/novo\/?p=38350"},"modified":"2018-10-08T11:12:03","modified_gmt":"2018-10-08T14:12:03","slug":"mantenense-ausente-exemplo-de-cidadania-nas-eleicoes","status":"publish","type":"post","link":"http:\/\/www.portalmantena.com.br\/novo\/?p=38350","title":{"rendered":"Mantenense ausente, exemplo de cidadania nas Elei\u00e7\u00f5es"},"content":{"rendered":"<p><a href=\"http:\/\/www.portalmantena.com.br\/novo\/wp-content\/uploads\/2018\/10\/vi081018moreira.jpg\"><img loading=\"lazy\" class=\"alignnone size-full wp-image-38351\" src=\"http:\/\/www.portalmantena.com.br\/novo\/wp-content\/uploads\/2018\/10\/vi081018moreira.jpg\" alt=\"\" width=\"700\" height=\"450\" srcset=\"http:\/\/www.portalmantena.com.br\/novo\/wp-content\/uploads\/2018\/10\/vi081018moreira.jpg 700w, http:\/\/www.portalmantena.com.br\/novo\/wp-content\/uploads\/2018\/10\/vi081018moreira-300x193.jpg 300w, http:\/\/www.portalmantena.com.br\/novo\/wp-content\/uploads\/2018\/10\/vi081018moreira-696x447.jpg 696w, http:\/\/www.portalmantena.com.br\/novo\/wp-content\/uploads\/2018\/10\/vi081018moreira-653x420.jpg 653w\" sizes=\"(max-width: 700px) 100vw, 700px\" \/><\/a><\/p>\n<p><span style=\"font-size: 14pt;\">Este \u00e9 o conhecido mantenense ausente, Moreira, pai da Cristina (foto), que do alto dos seus 85 anos, continua sendo Presidente de Se\u00e7\u00e3o Eleitoral, j\u00e1 h\u00e1 alguns anos no munic\u00edpio capixaba de S\u00e3o Mateus. <\/span><\/p>\n<p><span style=\"font-size: 14pt;\">E como bem lembrou a filha, uma fun\u00e7\u00e3o que ele exerce com muito entusiasmo e brilhantismo desde que residia em Mantena\/MG. Com certeza merece todo o reconhecimento por esta sua dedica\u00e7\u00e3o e o exerc\u00edcio da cidadania.<\/span><\/p>\n<p><a href=\"http:\/\/www.portalmantena.com.br\/novo\/\"><img loading=\"lazy\" class=\"alignnone size-full wp-image-37296\" src=\"http:\/\/www.portalmantena.com.br\/novo\/wp-content\/uploads\/2018\/05\/faixavitrine2.jpg\" alt=\"\" width=\"700\" height=\"40\" srcset=\"http:\/\/www.portalmantena.com.br\/novo\/wp-content\/uploads\/2018\/05\/faixavitrine2.jpg 700w, http:\/\/www.portalmantena.com.br\/novo\/wp-content\/uploads\/2018\/05\/faixavitrine2-300x17.jpg 300w, http:\/\/www.portalmantena.com.br\/novo\/wp-content\/uploads\/2018\/05\/faixavitrine2-696x40.jpg 696w\" sizes=\"(max-width: 700px) 100vw, 700px\" \/><\/a><\/p>\n<p><span style=\"font-size: 10pt;\">ESPA\u00c7O EMPRESARIAL<\/span><a href=\"https:\/\/www.facebook.com\/Mercado-Natural-MG-802896040099891\/\"><img src=\"http:\/\/www.portalmantena.com.br\/novo\/wp-content\/uploads\/2018\/09\/mercado1a.jpg\" \/><\/a><\/p>\n","protected":false},"excerpt":{"rendered":"<p>Este \u00e9 o conhecido mantenense ausente, Moreira, pai da Cristina (foto), que do alto dos seus 85 anos, continua sendo Presidente de Se\u00e7\u00e3o Eleitoral, j\u00e1 h\u00e1 alguns anos no munic\u00edpio capixaba de S\u00e3o Mateus. E como bem lembrou a filha, uma fun\u00e7\u00e3o que ele exerce com muito entusiasmo e brilhantismo desde que residia em Mantena\/MG. [&hellip;]<\/p>\n","protected":false},"author":1,"featured_media":38351,"comment_status":"open","ping_status":"open","sticky":false,"template":"","format":"standard","meta":[],"categories":[77,7],"tags":[],"_links":{"self":[{"href":"http:\/\/www.portalmantena.com.br\/novo\/index.php?rest_route=\/wp\/v2\/posts\/38350"}],"collection":[{"href":"http:\/\/www.portalmantena.com.br\/novo\/index.php?rest_route=\/wp\/v2\/posts"}],"about":[{"href":"http:\/\/www.portalmantena.com.br\/novo\/index.php?rest_route=\/wp\/v2\/types\/post"}],"author":[{"embeddable":true,"href":"http:\/\/www.portalmantena.com.br\/novo\/index.php?rest_route=\/wp\/v2\/users\/1"}],"replies":[{"embeddable":true,"href":"http:\/\/www.portalmantena.com.br\/novo\/index.php?rest_route=%2Fwp%2Fv2%2Fcomments&post=38350"}],"version-history":[{"count":1,"href":"http:\/\/www.portalmantena.com.br\/novo\/index.php?rest_route=\/wp\/v2\/posts\/38350\/revisions"}],"predecessor-version":[{"id":38352,"href":"http:\/\/www.portalmantena.com.br\/novo\/index.php?rest_route=\/wp\/v2\/posts\/38350\/revisions\/38352"}],"wp:featuredmedia":[{"embeddable":true,"href":"http:\/\/www.portalmantena.com.br\/novo\/index.php?rest_route=\/wp\/v2\/media\/38351"}],"wp:attachment":[{"href":"http:\/\/www.portalmantena.com.br\/novo\/index.php?rest_route=%2Fwp%2Fv2%2Fmedia&parent=38350"}],"wp:term":[{"taxonomy":"category","embeddable":true,"href":"http:\/\/www.portalmantena.com.br\/novo\/index.php?rest_route=%2Fwp%2Fv2%2Fcategories&post=38350"},{"taxonomy":"post_tag","embeddable":true,"href":"http:\/\/www.portalmantena.com.br\/novo\/index.php?rest_route=%2Fwp%2Fv2%2Ftags&post=38350"}],"curies":[{"name":"wp","href":"https:\/\/api.w.org\/{rel}","templated":true}]}}