{"id":38336,"date":"2018-10-08T10:17:03","date_gmt":"2018-10-08T13:17:03","guid":{"rendered":"http:\/\/www.portalmantena.com.br\/novo\/?p=38336"},"modified":"2018-10-08T10:17:03","modified_gmt":"2018-10-08T13:17:03","slug":"pm-recebeu-reforcos-para-a-eleicao-na-169a-zona-eleitoral","status":"publish","type":"post","link":"http:\/\/www.portalmantena.com.br\/novo\/?p=38336","title":{"rendered":"PM recebeu refor\u00e7os para a Elei\u00e7\u00e3o na 169\u00aa Zona Eleitoral"},"content":{"rendered":"<p><a href=\"http:\/\/www.portalmantena.com.br\/novo\/wp-content\/uploads\/2018\/10\/no081018eleicao6-1.jpg\"><img loading=\"lazy\" class=\"alignnone size-full wp-image-38337\" src=\"http:\/\/www.portalmantena.com.br\/novo\/wp-content\/uploads\/2018\/10\/no081018eleicao6-1.jpg\" alt=\"\" width=\"700\" height=\"450\" srcset=\"http:\/\/www.portalmantena.com.br\/novo\/wp-content\/uploads\/2018\/10\/no081018eleicao6-1.jpg 700w, http:\/\/www.portalmantena.com.br\/novo\/wp-content\/uploads\/2018\/10\/no081018eleicao6-1-300x193.jpg 300w, http:\/\/www.portalmantena.com.br\/novo\/wp-content\/uploads\/2018\/10\/no081018eleicao6-1-696x447.jpg 696w, http:\/\/www.portalmantena.com.br\/novo\/wp-content\/uploads\/2018\/10\/no081018eleicao6-1-653x420.jpg 653w\" sizes=\"(max-width: 700px) 100vw, 700px\" \/><\/a><\/p>\n<p><span style=\"font-size: 14pt;\">A pol\u00edcia militar de Mantena acompanhou de perto a realiza\u00e7\u00e3o de mais uma elei\u00e7\u00e3o, em cada local de vota\u00e7\u00e3o havia pelo menos um policial militar de plant\u00e3o, tornando assim uma elei\u00e7\u00e3o com mais seguran\u00e7a e com a certeza da ordem estabelecida. <\/span><\/p>\n<p><span style=\"font-size: 14pt;\">A reda\u00e7\u00e3o do portalmantena em contato com a major Carla, comandante da 18\u00aa Cia PM Ind. de Mantena, nos informou que tudo correu dentro da normalidade, e que a pol\u00edcia militar agiu r\u00e1pido nas ocorr\u00eancias que foram exigidas, mas que o resultado foi positivo sem qualquer fato mais grave registrado. <\/span><\/p>\n<p><span style=\"font-size: 14pt;\">Para a opera\u00e7\u00e3o que culminou neste balan\u00e7o positivo, a companhia em Mantena recebeu um refor\u00e7o de 43 militares que auxiliarem na cobertura das elei\u00e7\u00f5es deste domingo, n\u00e3o apenas em Mantena mas em todos os munic\u00edpios que fazem parte da 169\u00aa Zona Eleitoral, compreendendo v\u00e1rios munic\u00edpios como Mantena, S\u00e3o Jo\u00e3o do Manteninha, Central de Minas, Nova Bel\u00e9m, Itabirinha e S\u00e3o Jos\u00e9 do Divino.<\/span><\/p>\n<p><a href=\"http:\/\/www.portalmantena.com.br\/novo\/wp-content\/uploads\/2018\/10\/no081018eleicao7-1.jpg\"><img loading=\"lazy\" class=\"alignnone size-full wp-image-38338\" src=\"http:\/\/www.portalmantena.com.br\/novo\/wp-content\/uploads\/2018\/10\/no081018eleicao7-1.jpg\" alt=\"\" width=\"700\" height=\"450\" srcset=\"http:\/\/www.portalmantena.com.br\/novo\/wp-content\/uploads\/2018\/10\/no081018eleicao7-1.jpg 700w, http:\/\/www.portalmantena.com.br\/novo\/wp-content\/uploads\/2018\/10\/no081018eleicao7-1-300x193.jpg 300w, http:\/\/www.portalmantena.com.br\/novo\/wp-content\/uploads\/2018\/10\/no081018eleicao7-1-696x447.jpg 696w, http:\/\/www.portalmantena.com.br\/novo\/wp-content\/uploads\/2018\/10\/no081018eleicao7-1-653x420.jpg 653w\" sizes=\"(max-width: 700px) 100vw, 700px\" \/><\/a> <a href=\"http:\/\/www.portalmantena.com.br\/novo\/wp-content\/uploads\/2018\/10\/no081018eleicao8-1.jpg\"><img loading=\"lazy\" class=\"alignnone size-full wp-image-38339\" src=\"http:\/\/www.portalmantena.com.br\/novo\/wp-content\/uploads\/2018\/10\/no081018eleicao8-1.jpg\" alt=\"\" width=\"700\" height=\"450\" srcset=\"http:\/\/www.portalmantena.com.br\/novo\/wp-content\/uploads\/2018\/10\/no081018eleicao8-1.jpg 700w, http:\/\/www.portalmantena.com.br\/novo\/wp-content\/uploads\/2018\/10\/no081018eleicao8-1-300x193.jpg 300w, http:\/\/www.portalmantena.com.br\/novo\/wp-content\/uploads\/2018\/10\/no081018eleicao8-1-696x447.jpg 696w, http:\/\/www.portalmantena.com.br\/novo\/wp-content\/uploads\/2018\/10\/no081018eleicao8-1-653x420.jpg 653w\" sizes=\"(max-width: 700px) 100vw, 700px\" \/><\/a><a href=\"http:\/\/www.portalmantena.com.br\/novo\/\"><img loading=\"lazy\" class=\"alignnone size-full wp-image-37331\" src=\"http:\/\/www.portalmantena.com.br\/novo\/wp-content\/uploads\/2018\/05\/faixaportalnoticias5.jpg\" alt=\"\" width=\"700\" height=\"40\" srcset=\"http:\/\/www.portalmantena.com.br\/novo\/wp-content\/uploads\/2018\/05\/faixaportalnoticias5.jpg 700w, http:\/\/www.portalmantena.com.br\/novo\/wp-content\/uploads\/2018\/05\/faixaportalnoticias5-300x17.jpg 300w, http:\/\/www.portalmantena.com.br\/novo\/wp-content\/uploads\/2018\/05\/faixaportalnoticias5-696x40.jpg 696w\" sizes=\"(max-width: 700px) 100vw, 700px\" \/><\/a><\/p>\n<p><span style=\"font-size: 10pt;\">ESPA\u00c7O EMPRESARIAL<\/span><a href=\"http:\/\/www.portalmantena.com.br\/novo\/?p=16284\"><img loading=\"lazy\" class=\"alignnone size-full wp-image-29167\" src=\"http:\/\/www.portalmantena.com.br\/novo\/wp-content\/uploads\/2018\/05\/honcafaixa.jpg\" alt=\"\" width=\"700\" height=\"150\" srcset=\"http:\/\/www.portalmantena.com.br\/novo\/wp-content\/uploads\/2018\/05\/honcafaixa.jpg 700w, http:\/\/www.portalmantena.com.br\/novo\/wp-content\/uploads\/2018\/05\/honcafaixa-300x64.jpg 300w, http:\/\/www.portalmantena.com.br\/novo\/wp-content\/uploads\/2018\/05\/honcafaixa-696x150.jpg 696w\" sizes=\"(max-width: 700px) 100vw, 700px\" \/><\/a><\/p>\n","protected":false},"excerpt":{"rendered":"<p>A pol\u00edcia militar de Mantena acompanhou de perto a realiza\u00e7\u00e3o de mais uma elei\u00e7\u00e3o, em cada local de vota\u00e7\u00e3o havia pelo menos um policial militar de plant\u00e3o, tornando assim uma elei\u00e7\u00e3o com mais seguran\u00e7a e com a certeza da ordem estabelecida. A reda\u00e7\u00e3o do portalmantena em contato com a major Carla, comandante da 18\u00aa Cia [&hellip;]<\/p>\n","protected":false},"author":1,"featured_media":38337,"comment_status":"open","ping_status":"open","sticky":false,"template":"","format":"standard","meta":[],"categories":[36,11],"tags":[],"_links":{"self":[{"href":"http:\/\/www.portalmantena.com.br\/novo\/index.php?rest_route=\/wp\/v2\/posts\/38336"}],"collection":[{"href":"http:\/\/www.portalmantena.com.br\/novo\/index.php?rest_route=\/wp\/v2\/posts"}],"about":[{"href":"http:\/\/www.portalmantena.com.br\/novo\/index.php?rest_route=\/wp\/v2\/types\/post"}],"author":[{"embeddable":true,"href":"http:\/\/www.portalmantena.com.br\/novo\/index.php?rest_route=\/wp\/v2\/users\/1"}],"replies":[{"embeddable":true,"href":"http:\/\/www.portalmantena.com.br\/novo\/index.php?rest_route=%2Fwp%2Fv2%2Fcomments&post=38336"}],"version-history":[{"count":1,"href":"http:\/\/www.portalmantena.com.br\/novo\/index.php?rest_route=\/wp\/v2\/posts\/38336\/revisions"}],"predecessor-version":[{"id":38340,"href":"http:\/\/www.portalmantena.com.br\/novo\/index.php?rest_route=\/wp\/v2\/posts\/38336\/revisions\/38340"}],"wp:featuredmedia":[{"embeddable":true,"href":"http:\/\/www.portalmantena.com.br\/novo\/index.php?rest_route=\/wp\/v2\/media\/38337"}],"wp:attachment":[{"href":"http:\/\/www.portalmantena.com.br\/novo\/index.php?rest_route=%2Fwp%2Fv2%2Fmedia&parent=38336"}],"wp:term":[{"taxonomy":"category","embeddable":true,"href":"http:\/\/www.portalmantena.com.br\/novo\/index.php?rest_route=%2Fwp%2Fv2%2Fcategories&post=38336"},{"taxonomy":"post_tag","embeddable":true,"href":"http:\/\/www.portalmantena.com.br\/novo\/index.php?rest_route=%2Fwp%2Fv2%2Ftags&post=38336"}],"curies":[{"name":"wp","href":"https:\/\/api.w.org\/{rel}","templated":true}]}}