{"id":38292,"date":"2018-10-06T13:37:01","date_gmt":"2018-10-06T16:37:01","guid":{"rendered":"http:\/\/www.portalmantena.com.br\/novo\/?p=38292"},"modified":"2018-10-07T07:00:05","modified_gmt":"2018-10-07T10:00:05","slug":"eleitor-podera-usar-camisa-de-seu-candidato-na-votacao","status":"publish","type":"post","link":"http:\/\/www.portalmantena.com.br\/novo\/?p=38292","title":{"rendered":"Eleitor poder\u00e1 usar camisa de seu candidato na Vota\u00e7\u00e3o"},"content":{"rendered":"<p><a href=\"http:\/\/www.portalmantena.com.br\/novo\/wp-content\/uploads\/2018\/10\/no051018justica1.jpg\"><img loading=\"lazy\" class=\"alignnone size-full wp-image-38293\" src=\"http:\/\/www.portalmantena.com.br\/novo\/wp-content\/uploads\/2018\/10\/no051018justica1.jpg\" alt=\"\" width=\"700\" height=\"450\" srcset=\"http:\/\/www.portalmantena.com.br\/novo\/wp-content\/uploads\/2018\/10\/no051018justica1.jpg 700w, http:\/\/www.portalmantena.com.br\/novo\/wp-content\/uploads\/2018\/10\/no051018justica1-300x193.jpg 300w, http:\/\/www.portalmantena.com.br\/novo\/wp-content\/uploads\/2018\/10\/no051018justica1-696x447.jpg 696w, http:\/\/www.portalmantena.com.br\/novo\/wp-content\/uploads\/2018\/10\/no051018justica1-653x420.jpg 653w\" sizes=\"(max-width: 700px) 100vw, 700px\" \/><\/a><\/p>\n<p><span style=\"font-size: 14pt;\">O Ju\u00edzo da 169\u00aa Zona Eleitoral de Mantena\/MG, considerando o teor do Of\u00edcio-Circular n\u00ba 094\/18 da Corregedoria Regional Eleitoral do Tribunal Regional Eleitoral de Minas Gerais, de 03 de outubro de 2018, e a aus\u00eancia de delibera\u00e7\u00e3o oficial do Tribunal Superior Eleitoral sobre o tema at\u00e9 a presente data, ap\u00f3s reuni\u00e3o conjunta com o Minist\u00e9rio P\u00fablico Eleitoral e a Pol\u00edcia Militar do Estado de Minas Gerais, com prop\u00f3sito de assegurar a livre manifesta\u00e7\u00e3o do pensamento dos eleitores (art. 5\u00ba, inciso IV, da Constitui\u00e7\u00e3o Federal) e o bom andamento do pleito eleitoral que se avizinha, reconsidera decis\u00e3o anterior e comunica a todos interessados, em car\u00e1ter oficial, que: <\/span><\/p>\n<p><span style=\"font-size: 14pt;\"><strong>SER\u00c1 PERMITIDA, NO DIA DO PLEITO, A MANIFESTA\u00c7\u00c3O DO ELEITOR PELO CANDIDATO DE SUA PREFER\u00caNCIA POR MEIO DO VESTU\u00c1RIO, DESDE QUE A CONDUTA SEJA ESPONT\u00c2NEA, INDIVIDUAL E SILENCIOSA. <\/strong><\/span><\/p>\n<p><span style=\"font-size: 14pt;\">Esclarece, ainda, que apesar de os eleitores poderem ir trajados com camisetas de seus candidatos no dia da elei\u00e7\u00e3o, <span style=\"color: #993300;\"><strong>permanece vedada a aglomera\u00e7\u00e3o de pessoas portando vestu\u00e1rio padronizado, de modo a caracterizar manifesta\u00e7\u00e3o coletiva, pr\u00e1tica proibida pelo art. 39-A, \u00a7 l\u00ba, da Lei n.\u00ba 9.504\/97, e que pode configurar os crimes tipificados no art. 39, \u00a7 5\u00ba, incisos II e III, da Lei n.\u00ba 9.504\/97.<\/strong> <\/span><\/span><\/p>\n<p><span style=\"font-size: 14pt;\">Recomenda-se, por fim, sejam repassadas referidas orienta\u00e7\u00f5es aos servidores, pessoal de apoio, agentes de seguran\u00e7a e demais auxiliares da Justi\u00e7a Eleitoral, dando-se a mais ampla publicidade ao presente expediente. Mantena\/MG, 05 de outubro de 2018.<\/span><\/p>\n<p><a href=\"http:\/\/www.portalmantena.com.br\/novo\/wp-content\/uploads\/2018\/10\/no051018justica2.jpg\"><img loading=\"lazy\" class=\"alignnone size-full wp-image-38294\" src=\"http:\/\/www.portalmantena.com.br\/novo\/wp-content\/uploads\/2018\/10\/no051018justica2.jpg\" alt=\"\" width=\"700\" height=\"450\" srcset=\"http:\/\/www.portalmantena.com.br\/novo\/wp-content\/uploads\/2018\/10\/no051018justica2.jpg 700w, http:\/\/www.portalmantena.com.br\/novo\/wp-content\/uploads\/2018\/10\/no051018justica2-300x193.jpg 300w, http:\/\/www.portalmantena.com.br\/novo\/wp-content\/uploads\/2018\/10\/no051018justica2-696x447.jpg 696w, http:\/\/www.portalmantena.com.br\/novo\/wp-content\/uploads\/2018\/10\/no051018justica2-653x420.jpg 653w\" sizes=\"(max-width: 700px) 100vw, 700px\" \/><\/a><\/p>\n<p><a href=\"http:\/\/www.portalmantena.com.br\/novo\/\"><img loading=\"lazy\" class=\"alignnone size-full wp-image-37331\" src=\"http:\/\/www.portalmantena.com.br\/novo\/wp-content\/uploads\/2018\/05\/faixaportalnoticias5.jpg\" alt=\"\" width=\"700\" height=\"40\" srcset=\"http:\/\/www.portalmantena.com.br\/novo\/wp-content\/uploads\/2018\/05\/faixaportalnoticias5.jpg 700w, http:\/\/www.portalmantena.com.br\/novo\/wp-content\/uploads\/2018\/05\/faixaportalnoticias5-300x17.jpg 300w, http:\/\/www.portalmantena.com.br\/novo\/wp-content\/uploads\/2018\/05\/faixaportalnoticias5-696x40.jpg 696w\" sizes=\"(max-width: 700px) 100vw, 700px\" \/><\/a><\/p>\n<p><span style=\"font-size: 10pt;\">ESPA\u00c7O EMPRESARIAL<\/span><a href=\"http:\/\/www.molvw.com.br\/\"><img loading=\"lazy\" class=\"alignnone size-full wp-image-29504\" src=\"http:\/\/www.portalmantena.com.br\/novo\/wp-content\/uploads\/2018\/05\/molvolkswagen.jpg\" alt=\"\" width=\"700\" height=\"150\" srcset=\"http:\/\/www.portalmantena.com.br\/novo\/wp-content\/uploads\/2018\/05\/molvolkswagen.jpg 700w, http:\/\/www.portalmantena.com.br\/novo\/wp-content\/uploads\/2018\/05\/molvolkswagen-300x64.jpg 300w, http:\/\/www.portalmantena.com.br\/novo\/wp-content\/uploads\/2018\/05\/molvolkswagen-696x150.jpg 696w\" sizes=\"(max-width: 700px) 100vw, 700px\" \/><\/a><\/p>\n","protected":false},"excerpt":{"rendered":"<p>O Ju\u00edzo da 169\u00aa Zona Eleitoral de Mantena\/MG, considerando o teor do Of\u00edcio-Circular n\u00ba 094\/18 da Corregedoria Regional Eleitoral do Tribunal Regional Eleitoral de Minas Gerais, de 03 de outubro de 2018, e a aus\u00eancia de delibera\u00e7\u00e3o oficial do Tribunal Superior Eleitoral sobre o tema at\u00e9 a presente data, ap\u00f3s reuni\u00e3o conjunta com o Minist\u00e9rio [&hellip;]<\/p>\n","protected":false},"author":1,"featured_media":38293,"comment_status":"open","ping_status":"open","sticky":false,"template":"","format":"standard","meta":[],"categories":[36,12],"tags":[],"_links":{"self":[{"href":"http:\/\/www.portalmantena.com.br\/novo\/index.php?rest_route=\/wp\/v2\/posts\/38292"}],"collection":[{"href":"http:\/\/www.portalmantena.com.br\/novo\/index.php?rest_route=\/wp\/v2\/posts"}],"about":[{"href":"http:\/\/www.portalmantena.com.br\/novo\/index.php?rest_route=\/wp\/v2\/types\/post"}],"author":[{"embeddable":true,"href":"http:\/\/www.portalmantena.com.br\/novo\/index.php?rest_route=\/wp\/v2\/users\/1"}],"replies":[{"embeddable":true,"href":"http:\/\/www.portalmantena.com.br\/novo\/index.php?rest_route=%2Fwp%2Fv2%2Fcomments&post=38292"}],"version-history":[{"count":1,"href":"http:\/\/www.portalmantena.com.br\/novo\/index.php?rest_route=\/wp\/v2\/posts\/38292\/revisions"}],"predecessor-version":[{"id":38295,"href":"http:\/\/www.portalmantena.com.br\/novo\/index.php?rest_route=\/wp\/v2\/posts\/38292\/revisions\/38295"}],"wp:featuredmedia":[{"embeddable":true,"href":"http:\/\/www.portalmantena.com.br\/novo\/index.php?rest_route=\/wp\/v2\/media\/38293"}],"wp:attachment":[{"href":"http:\/\/www.portalmantena.com.br\/novo\/index.php?rest_route=%2Fwp%2Fv2%2Fmedia&parent=38292"}],"wp:term":[{"taxonomy":"category","embeddable":true,"href":"http:\/\/www.portalmantena.com.br\/novo\/index.php?rest_route=%2Fwp%2Fv2%2Fcategories&post=38292"},{"taxonomy":"post_tag","embeddable":true,"href":"http:\/\/www.portalmantena.com.br\/novo\/index.php?rest_route=%2Fwp%2Fv2%2Ftags&post=38292"}],"curies":[{"name":"wp","href":"https:\/\/api.w.org\/{rel}","templated":true}]}}