{"id":38259,"date":"2018-10-09T21:35:04","date_gmt":"2018-10-10T00:35:04","guid":{"rendered":"http:\/\/www.portalmantena.com.br\/novo\/?p=38259"},"modified":"2018-10-10T08:25:19","modified_gmt":"2018-10-10T11:25:19","slug":"patrulha-rural-e-implementada-em-baixo-guandu","status":"publish","type":"post","link":"http:\/\/www.portalmantena.com.br\/novo\/?p=38259","title":{"rendered":"Patrulha Rural \u00e9 implementada em Baixo Guandu"},"content":{"rendered":"<p><a href=\"http:\/\/www.portalmantena.com.br\/novo\/wp-content\/uploads\/2018\/10\/no051018pm.jpg\"><img loading=\"lazy\" class=\"alignnone size-full wp-image-38260\" src=\"http:\/\/www.portalmantena.com.br\/novo\/wp-content\/uploads\/2018\/10\/no051018pm.jpg\" alt=\"\" width=\"700\" height=\"450\" srcset=\"http:\/\/www.portalmantena.com.br\/novo\/wp-content\/uploads\/2018\/10\/no051018pm.jpg 700w, http:\/\/www.portalmantena.com.br\/novo\/wp-content\/uploads\/2018\/10\/no051018pm-300x193.jpg 300w, http:\/\/www.portalmantena.com.br\/novo\/wp-content\/uploads\/2018\/10\/no051018pm-696x447.jpg 696w, http:\/\/www.portalmantena.com.br\/novo\/wp-content\/uploads\/2018\/10\/no051018pm-653x420.jpg 653w\" sizes=\"(max-width: 700px) 100vw, 700px\" \/><\/a><\/p>\n<p><span style=\"font-size: 14pt;\">A Pol\u00edcia Militar implementou a Patrulha Rural no munic\u00edpio capixaba de Baixo Guandu. A zona rural passou a ter policiamento espec\u00edfico com equipe treinada e viatura adequada. Segundo o Capit\u00e3o Balbino, Comandante da 2\u00aa Companhia do 8\u00ba Batalh\u00e3o, foram definidas rotas di\u00e1rias para a equipe visando a realiza\u00e7\u00e3o a presen\u00e7a ostensiva em todos os distritos e localidades do munic\u00edpio. <\/span><\/p>\n<p><span style=\"font-size: 14pt;\">Os militares ir\u00e3o atuar com vi\u00e9s comunit\u00e1rio, realizando visitas e reuni\u00f5es com as comunidades. O Comandante relatou sobre a import\u00e2ncia da sociedade nesse processo \u201ca Pol\u00edcia Militar tem n\u00e3o o poder de ser onipresente. <\/span><\/p>\n<p><span style=\"font-size: 14pt;\">Os recursos operacionais devem ser alocados de forma racional para gerar maior efici\u00eancia. Para isso solicitamos que a sociedade contribua com informa\u00e7\u00f5es para a melhoria do planejamento. Mobilize a comunidade no exerc\u00edcio de cidadania, ajudando a PM a garantir a seguran\u00e7a p\u00fablica\u201d. <\/span><\/p>\n<p><span style=\"font-size: 14pt;\">O Oficial informou ainda que reuni\u00f5es comunit\u00e1rias ser\u00e3o agendadas nos distritos para debates sobre a\u00e7\u00f5es e melhorias. Para execu\u00e7\u00e3o do policiamento a Unidade Policial de Baixo Guandu recebeu uma viatura nova toda adaptada para a atua\u00e7\u00e3o na zona rural. (fonte\/foto:PM).<\/span><\/p>\n<p><a href=\"http:\/\/www.portalmantena.com.br\/novo\/\"><img loading=\"lazy\" class=\"alignnone size-full wp-image-37331\" src=\"http:\/\/www.portalmantena.com.br\/novo\/wp-content\/uploads\/2018\/05\/faixaportalnoticias5.jpg\" alt=\"\" width=\"700\" height=\"40\" srcset=\"http:\/\/www.portalmantena.com.br\/novo\/wp-content\/uploads\/2018\/05\/faixaportalnoticias5.jpg 700w, http:\/\/www.portalmantena.com.br\/novo\/wp-content\/uploads\/2018\/05\/faixaportalnoticias5-300x17.jpg 300w, http:\/\/www.portalmantena.com.br\/novo\/wp-content\/uploads\/2018\/05\/faixaportalnoticias5-696x40.jpg 696w\" sizes=\"(max-width: 700px) 100vw, 700px\" \/><\/a><\/p>\n<p><span style=\"font-size: 10pt;\">ESPA\u00c7O EMPRESARIAL<\/span><a href=\"https:\/\/www.facebook.com\/redevalente\/\"><img loading=\"lazy\" class=\"alignnone size-full wp-image-29188\" src=\"http:\/\/www.portalmantena.com.br\/novo\/wp-content\/uploads\/2018\/05\/valentefaixa.jpg\" alt=\"\" width=\"700\" height=\"150\" srcset=\"http:\/\/www.portalmantena.com.br\/novo\/wp-content\/uploads\/2018\/05\/valentefaixa.jpg 700w, http:\/\/www.portalmantena.com.br\/novo\/wp-content\/uploads\/2018\/05\/valentefaixa-300x64.jpg 300w, http:\/\/www.portalmantena.com.br\/novo\/wp-content\/uploads\/2018\/05\/valentefaixa-696x150.jpg 696w\" sizes=\"(max-width: 700px) 100vw, 700px\" \/><\/a><\/p>\n","protected":false},"excerpt":{"rendered":"<p>A Pol\u00edcia Militar implementou a Patrulha Rural no munic\u00edpio capixaba de Baixo Guandu. A zona rural passou a ter policiamento espec\u00edfico com equipe treinada e viatura adequada. Segundo o Capit\u00e3o Balbino, Comandante da 2\u00aa Companhia do 8\u00ba Batalh\u00e3o, foram definidas rotas di\u00e1rias para a equipe visando a realiza\u00e7\u00e3o a presen\u00e7a ostensiva em todos os distritos [&hellip;]<\/p>\n","protected":false},"author":1,"featured_media":38260,"comment_status":"open","ping_status":"open","sticky":false,"template":"","format":"standard","meta":[],"categories":[69,34],"tags":[],"_links":{"self":[{"href":"http:\/\/www.portalmantena.com.br\/novo\/index.php?rest_route=\/wp\/v2\/posts\/38259"}],"collection":[{"href":"http:\/\/www.portalmantena.com.br\/novo\/index.php?rest_route=\/wp\/v2\/posts"}],"about":[{"href":"http:\/\/www.portalmantena.com.br\/novo\/index.php?rest_route=\/wp\/v2\/types\/post"}],"author":[{"embeddable":true,"href":"http:\/\/www.portalmantena.com.br\/novo\/index.php?rest_route=\/wp\/v2\/users\/1"}],"replies":[{"embeddable":true,"href":"http:\/\/www.portalmantena.com.br\/novo\/index.php?rest_route=%2Fwp%2Fv2%2Fcomments&post=38259"}],"version-history":[{"count":1,"href":"http:\/\/www.portalmantena.com.br\/novo\/index.php?rest_route=\/wp\/v2\/posts\/38259\/revisions"}],"predecessor-version":[{"id":38261,"href":"http:\/\/www.portalmantena.com.br\/novo\/index.php?rest_route=\/wp\/v2\/posts\/38259\/revisions\/38261"}],"wp:featuredmedia":[{"embeddable":true,"href":"http:\/\/www.portalmantena.com.br\/novo\/index.php?rest_route=\/wp\/v2\/media\/38260"}],"wp:attachment":[{"href":"http:\/\/www.portalmantena.com.br\/novo\/index.php?rest_route=%2Fwp%2Fv2%2Fmedia&parent=38259"}],"wp:term":[{"taxonomy":"category","embeddable":true,"href":"http:\/\/www.portalmantena.com.br\/novo\/index.php?rest_route=%2Fwp%2Fv2%2Fcategories&post=38259"},{"taxonomy":"post_tag","embeddable":true,"href":"http:\/\/www.portalmantena.com.br\/novo\/index.php?rest_route=%2Fwp%2Fv2%2Ftags&post=38259"}],"curies":[{"name":"wp","href":"https:\/\/api.w.org\/{rel}","templated":true}]}}