{"id":38256,"date":"2018-10-05T08:48:07","date_gmt":"2018-10-05T11:48:07","guid":{"rendered":"http:\/\/www.portalmantena.com.br\/novo\/?p=38256"},"modified":"2018-10-05T08:48:07","modified_gmt":"2018-10-05T11:48:07","slug":"nivel-critico-do-rio-faz-mantenopolis-entrar-no-racionamento-de-agua","status":"publish","type":"post","link":"http:\/\/www.portalmantena.com.br\/novo\/?p=38256","title":{"rendered":"N\u00edvel cr\u00edtico do rio faz Manten\u00f3polis entrar no racionamento de \u00e1gua"},"content":{"rendered":"<p><a href=\"http:\/\/www.portalmantena.com.br\/novo\/wp-content\/uploads\/2018\/10\/no051018agua1.jpg\"><img loading=\"lazy\" class=\"alignnone size-full wp-image-38257\" src=\"http:\/\/www.portalmantena.com.br\/novo\/wp-content\/uploads\/2018\/10\/no051018agua1.jpg\" alt=\"\" width=\"700\" height=\"450\" srcset=\"http:\/\/www.portalmantena.com.br\/novo\/wp-content\/uploads\/2018\/10\/no051018agua1.jpg 700w, http:\/\/www.portalmantena.com.br\/novo\/wp-content\/uploads\/2018\/10\/no051018agua1-300x193.jpg 300w, http:\/\/www.portalmantena.com.br\/novo\/wp-content\/uploads\/2018\/10\/no051018agua1-696x447.jpg 696w, http:\/\/www.portalmantena.com.br\/novo\/wp-content\/uploads\/2018\/10\/no051018agua1-653x420.jpg 653w\" sizes=\"(max-width: 700px) 100vw, 700px\" \/><\/a><\/p>\n<p><span style=\"font-size: 14pt;\">A CESAN &#8211; Companhia Esp\u00edrito Santense de Saneamento, publicou em sua p\u00e1gina oficial na internet (site), um comunicado informando \u00e0 popula\u00e7\u00e3o da cidade de Manten\u00f3polis, que ser\u00e1 iniciado um racionamento de \u00e1gua em fun\u00e7\u00e3o da estiagem na regi\u00e3o. <\/span><\/p>\n<p><span style=\"font-size: 14pt;\">O comunicado informa que o principal Rio que abastece o munic\u00edpio de Manten\u00f3polis, o c\u00f3rrego Manteninha, chegou ao n\u00edvel cr\u00edtico de capta\u00e7\u00e3o devido ao longo per\u00edodo sem chuva na regi\u00e3o. <\/span><\/p>\n<p><span style=\"font-size: 14pt;\">Sendo assim, a Companhia iniciou um racionamento de \u00e1gua no munic\u00edpio que teve in\u00edcio nesta quarta-feira (3 de Outubro), da seguinte forma: <strong>Entre as 11 e as 16 horas, todos os dias, por tempo indeterminado, o munic\u00edpio de Manten\u00f3polis passar\u00e1 por intermit\u00eancia no abastecimento at\u00e9 que se regularize a disponibilidade h\u00eddrica do C\u00f3rrego Manteninha. <\/strong><\/span><\/p>\n<p><span style=\"font-size: 14pt;\">A Cesan informa que o restabelecimento se dar\u00e1 de forma gradativa ap\u00f3s o retorno da opera\u00e7\u00e3o. A popula\u00e7\u00e3o deve manter a redu\u00e7\u00e3o do consumo e praticar o re\u00faso da \u00e1gua. <\/span><\/p>\n<p><span style=\"font-size: 14pt;\">Assim que o c\u00f3rrego\u00a0oferecer condi\u00e7\u00f5es, o abastecimento ser\u00e1 normalizado. Informa\u00e7\u00f5es podem ser obtidas na Central de Atendimento \u2013 Call Center 115. (fonte:Cesan).<\/span><\/p>\n<p><a href=\"http:\/\/www.portalmantena.com.br\/novo\/\"><img loading=\"lazy\" class=\"alignnone size-full wp-image-37331\" src=\"http:\/\/www.portalmantena.com.br\/novo\/wp-content\/uploads\/2018\/05\/faixaportalnoticias5.jpg\" alt=\"\" width=\"700\" height=\"40\" srcset=\"http:\/\/www.portalmantena.com.br\/novo\/wp-content\/uploads\/2018\/05\/faixaportalnoticias5.jpg 700w, http:\/\/www.portalmantena.com.br\/novo\/wp-content\/uploads\/2018\/05\/faixaportalnoticias5-300x17.jpg 300w, http:\/\/www.portalmantena.com.br\/novo\/wp-content\/uploads\/2018\/05\/faixaportalnoticias5-696x40.jpg 696w\" sizes=\"(max-width: 700px) 100vw, 700px\" \/><\/a><\/p>\n<p><span style=\"font-size: 10pt;\">ESPA\u00c7O EMPRESARIAL<\/span><a href=\"http:\/\/www.portalmantena.com.br\/novo\/wp-content\/uploads\/2018\/05\/postoterraboa.jpg\"><img loading=\"lazy\" class=\"alignnone size-full wp-image-29172\" src=\"http:\/\/www.portalmantena.com.br\/novo\/wp-content\/uploads\/2018\/05\/postoterraboa.jpg\" alt=\"\" width=\"700\" height=\"150\" srcset=\"http:\/\/www.portalmantena.com.br\/novo\/wp-content\/uploads\/2018\/05\/postoterraboa.jpg 700w, http:\/\/www.portalmantena.com.br\/novo\/wp-content\/uploads\/2018\/05\/postoterraboa-300x64.jpg 300w, http:\/\/www.portalmantena.com.br\/novo\/wp-content\/uploads\/2018\/05\/postoterraboa-696x150.jpg 696w\" sizes=\"(max-width: 700px) 100vw, 700px\" \/><\/a><\/p>\n","protected":false},"excerpt":{"rendered":"<p>A CESAN &#8211; Companhia Esp\u00edrito Santense de Saneamento, publicou em sua p\u00e1gina oficial na internet (site), um comunicado informando \u00e0 popula\u00e7\u00e3o da cidade de Manten\u00f3polis, que ser\u00e1 iniciado um racionamento de \u00e1gua em fun\u00e7\u00e3o da estiagem na regi\u00e3o. O comunicado informa que o principal Rio que abastece o munic\u00edpio de Manten\u00f3polis, o c\u00f3rrego Manteninha, chegou [&hellip;]<\/p>\n","protected":false},"author":1,"featured_media":38257,"comment_status":"open","ping_status":"open","sticky":false,"template":"","format":"standard","meta":[],"categories":[11,39],"tags":[],"_links":{"self":[{"href":"http:\/\/www.portalmantena.com.br\/novo\/index.php?rest_route=\/wp\/v2\/posts\/38256"}],"collection":[{"href":"http:\/\/www.portalmantena.com.br\/novo\/index.php?rest_route=\/wp\/v2\/posts"}],"about":[{"href":"http:\/\/www.portalmantena.com.br\/novo\/index.php?rest_route=\/wp\/v2\/types\/post"}],"author":[{"embeddable":true,"href":"http:\/\/www.portalmantena.com.br\/novo\/index.php?rest_route=\/wp\/v2\/users\/1"}],"replies":[{"embeddable":true,"href":"http:\/\/www.portalmantena.com.br\/novo\/index.php?rest_route=%2Fwp%2Fv2%2Fcomments&post=38256"}],"version-history":[{"count":1,"href":"http:\/\/www.portalmantena.com.br\/novo\/index.php?rest_route=\/wp\/v2\/posts\/38256\/revisions"}],"predecessor-version":[{"id":38258,"href":"http:\/\/www.portalmantena.com.br\/novo\/index.php?rest_route=\/wp\/v2\/posts\/38256\/revisions\/38258"}],"wp:featuredmedia":[{"embeddable":true,"href":"http:\/\/www.portalmantena.com.br\/novo\/index.php?rest_route=\/wp\/v2\/media\/38257"}],"wp:attachment":[{"href":"http:\/\/www.portalmantena.com.br\/novo\/index.php?rest_route=%2Fwp%2Fv2%2Fmedia&parent=38256"}],"wp:term":[{"taxonomy":"category","embeddable":true,"href":"http:\/\/www.portalmantena.com.br\/novo\/index.php?rest_route=%2Fwp%2Fv2%2Fcategories&post=38256"},{"taxonomy":"post_tag","embeddable":true,"href":"http:\/\/www.portalmantena.com.br\/novo\/index.php?rest_route=%2Fwp%2Fv2%2Ftags&post=38256"}],"curies":[{"name":"wp","href":"https:\/\/api.w.org\/{rel}","templated":true}]}}