{"id":38181,"date":"2018-10-05T01:41:56","date_gmt":"2018-10-05T04:41:56","guid":{"rendered":"http:\/\/www.portalmantena.com.br\/novo\/?p=38181"},"modified":"2018-10-05T08:02:50","modified_gmt":"2018-10-05T11:02:50","slug":"festa-para-construcao-da-comunidade-sao-miguel-em-mantena","status":"publish","type":"post","link":"http:\/\/www.portalmantena.com.br\/novo\/?p=38181","title":{"rendered":"Festa para constru\u00e7\u00e3o da Comunidade S\u00e3o Miguel em Mantena"},"content":{"rendered":"<p><a href=\"http:\/\/www.portalmantena.com.br\/novo\/wp-content\/uploads\/2018\/10\/no031018festa.jpg\"><img loading=\"lazy\" class=\"alignnone size-full wp-image-38182\" src=\"http:\/\/www.portalmantena.com.br\/novo\/wp-content\/uploads\/2018\/10\/no031018festa.jpg\" alt=\"\" width=\"700\" height=\"450\" srcset=\"http:\/\/www.portalmantena.com.br\/novo\/wp-content\/uploads\/2018\/10\/no031018festa.jpg 700w, http:\/\/www.portalmantena.com.br\/novo\/wp-content\/uploads\/2018\/10\/no031018festa-300x193.jpg 300w, http:\/\/www.portalmantena.com.br\/novo\/wp-content\/uploads\/2018\/10\/no031018festa-696x447.jpg 696w, http:\/\/www.portalmantena.com.br\/novo\/wp-content\/uploads\/2018\/10\/no031018festa-653x420.jpg 653w\" sizes=\"(max-width: 700px) 100vw, 700px\" \/><\/a><\/p>\n<p><span style=\"font-size: 14pt;\">No pr\u00f3ximo s\u00e1bado dia 6 de Outubro, a Comunidade S\u00e3o Miguel Arcanjo, do bairro Tropical em Mantena, estar\u00e1 em festa com a realiza\u00e7\u00e3o de um evento que pretende reunir a comunidade, fam\u00edlias e amigos mantenenses em torno da alegria e descontra\u00e7\u00e3o. <\/span><\/p>\n<p><span style=\"font-size: 14pt;\">A FESTA da comunidade estar\u00e1 acontecendo numa \u00e1rea apropriada, dentro do bairro Tropical, e para quem n\u00e3o conhece, est\u00e1 localizado no final da rua Cricar\u00e9. A renda ser\u00e1 totalmente revertida para a constru\u00e7\u00e3o da Comunidade, ou seja, da sede. <\/span><\/p>\n<p><span style=\"font-size: 14pt;\">O evento ter\u00e1 barraquinhas com comidas t\u00edpicas, m\u00fasica ao vido e show de pr\u00eamios. Entre os pr\u00eamios: R$ 500 reais sendo R$ 100 por letra; e ainda um ventilador e 01 carneiro para o primeiro pr\u00eamio, uma bicicleta para o segundo pr\u00eamio, e um Bezerro para o 3\u00ba pr\u00eamio. <\/span><\/p>\n<p><span style=\"font-size: 14pt;\">Todos est\u00e3o convidados a participar.<\/span><\/p>\n<p><a href=\"http:\/\/www.portalmantena.com.br\/novo\/\"><img loading=\"lazy\" class=\"alignnone size-full wp-image-37331\" src=\"http:\/\/www.portalmantena.com.br\/novo\/wp-content\/uploads\/2018\/05\/faixaportalnoticias5.jpg\" alt=\"\" width=\"700\" height=\"40\" srcset=\"http:\/\/www.portalmantena.com.br\/novo\/wp-content\/uploads\/2018\/05\/faixaportalnoticias5.jpg 700w, http:\/\/www.portalmantena.com.br\/novo\/wp-content\/uploads\/2018\/05\/faixaportalnoticias5-300x17.jpg 300w, http:\/\/www.portalmantena.com.br\/novo\/wp-content\/uploads\/2018\/05\/faixaportalnoticias5-696x40.jpg 696w\" sizes=\"(max-width: 700px) 100vw, 700px\" \/><\/a><\/p>\n<p><span style=\"font-size: 10pt;\">ESPA\u00c7O EMPRESARIAL<\/span><a href=\"https:\/\/www.facebook.com\/profile.php?id=100004934627949&amp;fref=ts\"><img loading=\"lazy\" class=\"alignnone size-full wp-image-36918\" src=\"http:\/\/www.portalmantena.com.br\/novo\/wp-content\/uploads\/2018\/05\/printcolor120918banner.jpg\" alt=\"\" width=\"700\" height=\"150\" srcset=\"http:\/\/www.portalmantena.com.br\/novo\/wp-content\/uploads\/2018\/05\/printcolor120918banner.jpg 700w, http:\/\/www.portalmantena.com.br\/novo\/wp-content\/uploads\/2018\/05\/printcolor120918banner-300x64.jpg 300w, http:\/\/www.portalmantena.com.br\/novo\/wp-content\/uploads\/2018\/05\/printcolor120918banner-696x150.jpg 696w\" sizes=\"(max-width: 700px) 100vw, 700px\" \/><\/a><\/p>\n","protected":false},"excerpt":{"rendered":"<p>No pr\u00f3ximo s\u00e1bado dia 6 de Outubro, a Comunidade S\u00e3o Miguel Arcanjo, do bairro Tropical em Mantena, estar\u00e1 em festa com a realiza\u00e7\u00e3o de um evento que pretende reunir a comunidade, fam\u00edlias e amigos mantenenses em torno da alegria e descontra\u00e7\u00e3o. A FESTA da comunidade estar\u00e1 acontecendo numa \u00e1rea apropriada, dentro do bairro Tropical, e [&hellip;]<\/p>\n","protected":false},"author":1,"featured_media":38182,"comment_status":"open","ping_status":"open","sticky":false,"template":"","format":"standard","meta":[],"categories":[60,36,12],"tags":[],"_links":{"self":[{"href":"http:\/\/www.portalmantena.com.br\/novo\/index.php?rest_route=\/wp\/v2\/posts\/38181"}],"collection":[{"href":"http:\/\/www.portalmantena.com.br\/novo\/index.php?rest_route=\/wp\/v2\/posts"}],"about":[{"href":"http:\/\/www.portalmantena.com.br\/novo\/index.php?rest_route=\/wp\/v2\/types\/post"}],"author":[{"embeddable":true,"href":"http:\/\/www.portalmantena.com.br\/novo\/index.php?rest_route=\/wp\/v2\/users\/1"}],"replies":[{"embeddable":true,"href":"http:\/\/www.portalmantena.com.br\/novo\/index.php?rest_route=%2Fwp%2Fv2%2Fcomments&post=38181"}],"version-history":[{"count":1,"href":"http:\/\/www.portalmantena.com.br\/novo\/index.php?rest_route=\/wp\/v2\/posts\/38181\/revisions"}],"predecessor-version":[{"id":38183,"href":"http:\/\/www.portalmantena.com.br\/novo\/index.php?rest_route=\/wp\/v2\/posts\/38181\/revisions\/38183"}],"wp:featuredmedia":[{"embeddable":true,"href":"http:\/\/www.portalmantena.com.br\/novo\/index.php?rest_route=\/wp\/v2\/media\/38182"}],"wp:attachment":[{"href":"http:\/\/www.portalmantena.com.br\/novo\/index.php?rest_route=%2Fwp%2Fv2%2Fmedia&parent=38181"}],"wp:term":[{"taxonomy":"category","embeddable":true,"href":"http:\/\/www.portalmantena.com.br\/novo\/index.php?rest_route=%2Fwp%2Fv2%2Fcategories&post=38181"},{"taxonomy":"post_tag","embeddable":true,"href":"http:\/\/www.portalmantena.com.br\/novo\/index.php?rest_route=%2Fwp%2Fv2%2Ftags&post=38181"}],"curies":[{"name":"wp","href":"https:\/\/api.w.org\/{rel}","templated":true}]}}