{"id":38082,"date":"2018-10-02T09:58:32","date_gmt":"2018-10-02T12:58:32","guid":{"rendered":"http:\/\/www.portalmantena.com.br\/novo\/?p=38082"},"modified":"2018-10-02T09:58:32","modified_gmt":"2018-10-02T12:58:32","slug":"ajude-a-encontrar-moto-e-furtada-de-residencia-em-ecoporanga","status":"publish","type":"post","link":"http:\/\/www.portalmantena.com.br\/novo\/?p=38082","title":{"rendered":"Ajude a encontrar, Moto \u00e9 furtada de resid\u00eancia em Ecoporanga"},"content":{"rendered":"<p><a href=\"http:\/\/www.portalmantena.com.br\/novo\/wp-content\/uploads\/2018\/10\/no021018moto2.jpg\"><img loading=\"lazy\" class=\"alignnone size-full wp-image-38084\" src=\"http:\/\/www.portalmantena.com.br\/novo\/wp-content\/uploads\/2018\/10\/no021018moto2.jpg\" alt=\"\" width=\"700\" height=\"450\" srcset=\"http:\/\/www.portalmantena.com.br\/novo\/wp-content\/uploads\/2018\/10\/no021018moto2.jpg 700w, http:\/\/www.portalmantena.com.br\/novo\/wp-content\/uploads\/2018\/10\/no021018moto2-300x193.jpg 300w, http:\/\/www.portalmantena.com.br\/novo\/wp-content\/uploads\/2018\/10\/no021018moto2-696x447.jpg 696w, http:\/\/www.portalmantena.com.br\/novo\/wp-content\/uploads\/2018\/10\/no021018moto2-653x420.jpg 653w\" sizes=\"(max-width: 700px) 100vw, 700px\" \/><\/a><\/p>\n<p><span style=\"font-size: 14pt;\">Uma moto honda CG, de cor preta, placa MRN 9983, foi roubada na tarde desta segunda-feira dia 1\u00ba de Outubro, de dentro da varanda de um im\u00f3vel no bairro Vila Nova na cidade de Ecoporanga. <\/span><\/p>\n<p><span style=\"font-size: 14pt;\">Segundo informa\u00e7\u00f5es, o ve\u00edculo foi retirado de dentro do im\u00f3vel por volta das 16h30\u2019, e o ladr\u00e3o ainda levou o capacete da v\u00edtima. A moto possuiu algumas caracter\u00edsticas f\u00e1ceis de identificar como os dois aros na cor vermelha. <\/span><\/p>\n<p><span style=\"font-size: 14pt;\">Quem por gentileza tiver alguma informa\u00e7\u00e3o sobre a autoria do roubo e se visualizar um ve\u00edculo abandonado, ou at\u00e9 mesmo circulando com estas caracter\u00edsticas, por gentileza informar \u00e0 Pol\u00edcia Militar ou ligar para o n\u00famero (27) 9 9757-3256. <\/span><\/p>\n<p><span style=\"font-size: 14pt;\">A v\u00edtima \u00e9 de fam\u00edlia humilde, trabalhou muito para comprar este ve\u00edculo que tamb\u00e9m utilizara para sua locomo\u00e7\u00e3o e trabalho.<\/span><\/p>\n<p><a href=\"http:\/\/www.portalmantena.com.br\/novo\/wp-content\/uploads\/2018\/10\/no021018moto1.jpg\"><img loading=\"lazy\" class=\"alignnone size-full wp-image-38083\" src=\"http:\/\/www.portalmantena.com.br\/novo\/wp-content\/uploads\/2018\/10\/no021018moto1.jpg\" alt=\"\" width=\"700\" height=\"450\" srcset=\"http:\/\/www.portalmantena.com.br\/novo\/wp-content\/uploads\/2018\/10\/no021018moto1.jpg 700w, http:\/\/www.portalmantena.com.br\/novo\/wp-content\/uploads\/2018\/10\/no021018moto1-300x193.jpg 300w, http:\/\/www.portalmantena.com.br\/novo\/wp-content\/uploads\/2018\/10\/no021018moto1-696x447.jpg 696w, http:\/\/www.portalmantena.com.br\/novo\/wp-content\/uploads\/2018\/10\/no021018moto1-653x420.jpg 653w\" sizes=\"(max-width: 700px) 100vw, 700px\" \/><\/a><a href=\"http:\/\/www.portalmantena.com.br\/novo\/\"><img loading=\"lazy\" class=\"alignnone size-full wp-image-37331\" src=\"http:\/\/www.portalmantena.com.br\/novo\/wp-content\/uploads\/2018\/05\/faixaportalnoticias5.jpg\" alt=\"\" width=\"700\" height=\"40\" srcset=\"http:\/\/www.portalmantena.com.br\/novo\/wp-content\/uploads\/2018\/05\/faixaportalnoticias5.jpg 700w, http:\/\/www.portalmantena.com.br\/novo\/wp-content\/uploads\/2018\/05\/faixaportalnoticias5-300x17.jpg 300w, http:\/\/www.portalmantena.com.br\/novo\/wp-content\/uploads\/2018\/05\/faixaportalnoticias5-696x40.jpg 696w\" sizes=\"(max-width: 700px) 100vw, 700px\" \/><\/a><\/p>\n<p><span style=\"font-size: 10pt;\">ESPA\u00c7O EMPRESARIAL<\/span><a href=\"http:\/\/www.molvw.com.br\/\"><img loading=\"lazy\" class=\"alignnone size-full wp-image-29504\" src=\"http:\/\/www.portalmantena.com.br\/novo\/wp-content\/uploads\/2018\/05\/molvolkswagen.jpg\" alt=\"\" width=\"700\" height=\"150\" srcset=\"http:\/\/www.portalmantena.com.br\/novo\/wp-content\/uploads\/2018\/05\/molvolkswagen.jpg 700w, http:\/\/www.portalmantena.com.br\/novo\/wp-content\/uploads\/2018\/05\/molvolkswagen-300x64.jpg 300w, http:\/\/www.portalmantena.com.br\/novo\/wp-content\/uploads\/2018\/05\/molvolkswagen-696x150.jpg 696w\" sizes=\"(max-width: 700px) 100vw, 700px\" \/><\/a><\/p>\n","protected":false},"excerpt":{"rendered":"<p>Uma moto honda CG, de cor preta, placa MRN 9983, foi roubada na tarde desta segunda-feira dia 1\u00ba de Outubro, de dentro da varanda de um im\u00f3vel no bairro Vila Nova na cidade de Ecoporanga. Segundo informa\u00e7\u00f5es, o ve\u00edculo foi retirado de dentro do im\u00f3vel por volta das 16h30\u2019, e o ladr\u00e3o ainda levou o [&hellip;]<\/p>\n","protected":false},"author":1,"featured_media":38084,"comment_status":"open","ping_status":"open","sticky":false,"template":"","format":"standard","meta":[],"categories":[11,34,39],"tags":[],"_links":{"self":[{"href":"http:\/\/www.portalmantena.com.br\/novo\/index.php?rest_route=\/wp\/v2\/posts\/38082"}],"collection":[{"href":"http:\/\/www.portalmantena.com.br\/novo\/index.php?rest_route=\/wp\/v2\/posts"}],"about":[{"href":"http:\/\/www.portalmantena.com.br\/novo\/index.php?rest_route=\/wp\/v2\/types\/post"}],"author":[{"embeddable":true,"href":"http:\/\/www.portalmantena.com.br\/novo\/index.php?rest_route=\/wp\/v2\/users\/1"}],"replies":[{"embeddable":true,"href":"http:\/\/www.portalmantena.com.br\/novo\/index.php?rest_route=%2Fwp%2Fv2%2Fcomments&post=38082"}],"version-history":[{"count":1,"href":"http:\/\/www.portalmantena.com.br\/novo\/index.php?rest_route=\/wp\/v2\/posts\/38082\/revisions"}],"predecessor-version":[{"id":38085,"href":"http:\/\/www.portalmantena.com.br\/novo\/index.php?rest_route=\/wp\/v2\/posts\/38082\/revisions\/38085"}],"wp:featuredmedia":[{"embeddable":true,"href":"http:\/\/www.portalmantena.com.br\/novo\/index.php?rest_route=\/wp\/v2\/media\/38084"}],"wp:attachment":[{"href":"http:\/\/www.portalmantena.com.br\/novo\/index.php?rest_route=%2Fwp%2Fv2%2Fmedia&parent=38082"}],"wp:term":[{"taxonomy":"category","embeddable":true,"href":"http:\/\/www.portalmantena.com.br\/novo\/index.php?rest_route=%2Fwp%2Fv2%2Fcategories&post=38082"},{"taxonomy":"post_tag","embeddable":true,"href":"http:\/\/www.portalmantena.com.br\/novo\/index.php?rest_route=%2Fwp%2Fv2%2Ftags&post=38082"}],"curies":[{"name":"wp","href":"https:\/\/api.w.org\/{rel}","templated":true}]}}