{"id":38061,"date":"2018-10-01T19:26:20","date_gmt":"2018-10-01T22:26:20","guid":{"rendered":"http:\/\/www.portalmantena.com.br\/novo\/?p=38061"},"modified":"2018-10-01T16:28:22","modified_gmt":"2018-10-01T19:28:22","slug":"susto-caminhao-carregado-desce-ladeira-e-para-no-meio-fio","status":"publish","type":"post","link":"http:\/\/www.portalmantena.com.br\/novo\/?p=38061","title":{"rendered":"Susto, caminh\u00e3o carregado desce ladeira e para no meio fio"},"content":{"rendered":"<p><a href=\"http:\/\/www.portalmantena.com.br\/novo\/wp-content\/uploads\/2018\/10\/no011018caminhao1.jpg\"><img loading=\"lazy\" class=\"alignnone size-full wp-image-38062\" src=\"http:\/\/www.portalmantena.com.br\/novo\/wp-content\/uploads\/2018\/10\/no011018caminhao1.jpg\" alt=\"\" width=\"700\" height=\"450\" srcset=\"http:\/\/www.portalmantena.com.br\/novo\/wp-content\/uploads\/2018\/10\/no011018caminhao1.jpg 700w, http:\/\/www.portalmantena.com.br\/novo\/wp-content\/uploads\/2018\/10\/no011018caminhao1-300x193.jpg 300w, http:\/\/www.portalmantena.com.br\/novo\/wp-content\/uploads\/2018\/10\/no011018caminhao1-696x447.jpg 696w, http:\/\/www.portalmantena.com.br\/novo\/wp-content\/uploads\/2018\/10\/no011018caminhao1-653x420.jpg 653w\" sizes=\"(max-width: 700px) 100vw, 700px\" \/><\/a><\/p>\n<p><span style=\"font-size: 14pt;\">Um grande susto, foi assim um acidente de tr\u00e2nsito registrado na tarde desta segunda-feira dia 1\u00ba de Outubro em Mantena, que felizmente n\u00e3o teve v\u00edtimas. <\/span><\/p>\n<p><span style=\"font-size: 14pt;\">O fato aconteceu por volta das 15h10\u2019 quando um ve\u00edculo Mercedes Benz 608 D, de cor vermelha, desdeu de r\u00e9 uma ladeira na rua P do bairro Nicolini. <\/span><\/p>\n<p><span style=\"font-size: 14pt;\">O motorista teve algum tipo de problema, pois o ve\u00edculo desgovernado acabou perdendo tra\u00e7\u00e3o e retornou ladeira abaixo, parando do lado esquerdo da via, ap\u00f3s sair parcialmente da via, ficando escorado com a roda traseira, no meio fio. <\/span><\/p>\n<p><span style=\"font-size: 14pt;\">O caminh\u00e3o estava transportando material de constru\u00e7\u00e3o como Cimento, Lajotas e brita. N\u00e3o tivemos contato com o motorista para saber o que provocou o acidente, por\u00e9m a not\u00edcia boa \u00e9 que ningu\u00e9m se feriu, e o acidente foi isolado, sem envolver outras v\u00edtimas. (fotos: Jos\u00e9 Carlos).<\/span><\/p>\n<p><a href=\"http:\/\/www.portalmantena.com.br\/novo\/wp-content\/uploads\/2018\/10\/no011018caminhao2.jpg\"><img loading=\"lazy\" class=\"alignnone size-full wp-image-38063\" src=\"http:\/\/www.portalmantena.com.br\/novo\/wp-content\/uploads\/2018\/10\/no011018caminhao2.jpg\" alt=\"\" width=\"700\" height=\"450\" srcset=\"http:\/\/www.portalmantena.com.br\/novo\/wp-content\/uploads\/2018\/10\/no011018caminhao2.jpg 700w, http:\/\/www.portalmantena.com.br\/novo\/wp-content\/uploads\/2018\/10\/no011018caminhao2-300x193.jpg 300w, http:\/\/www.portalmantena.com.br\/novo\/wp-content\/uploads\/2018\/10\/no011018caminhao2-696x447.jpg 696w, http:\/\/www.portalmantena.com.br\/novo\/wp-content\/uploads\/2018\/10\/no011018caminhao2-653x420.jpg 653w\" sizes=\"(max-width: 700px) 100vw, 700px\" \/><\/a> <a href=\"http:\/\/www.portalmantena.com.br\/novo\/wp-content\/uploads\/2018\/10\/no011018caminhao3.jpg\"><img loading=\"lazy\" class=\"alignnone size-full wp-image-38064\" src=\"http:\/\/www.portalmantena.com.br\/novo\/wp-content\/uploads\/2018\/10\/no011018caminhao3.jpg\" alt=\"\" width=\"700\" height=\"450\" srcset=\"http:\/\/www.portalmantena.com.br\/novo\/wp-content\/uploads\/2018\/10\/no011018caminhao3.jpg 700w, http:\/\/www.portalmantena.com.br\/novo\/wp-content\/uploads\/2018\/10\/no011018caminhao3-300x193.jpg 300w, http:\/\/www.portalmantena.com.br\/novo\/wp-content\/uploads\/2018\/10\/no011018caminhao3-696x447.jpg 696w, http:\/\/www.portalmantena.com.br\/novo\/wp-content\/uploads\/2018\/10\/no011018caminhao3-653x420.jpg 653w\" sizes=\"(max-width: 700px) 100vw, 700px\" \/><\/a><a href=\"http:\/\/www.portalmantena.com.br\/novo\/\"><img loading=\"lazy\" class=\"alignnone size-full wp-image-37331\" src=\"http:\/\/www.portalmantena.com.br\/novo\/wp-content\/uploads\/2018\/05\/faixaportalnoticias5.jpg\" alt=\"\" width=\"700\" height=\"40\" srcset=\"http:\/\/www.portalmantena.com.br\/novo\/wp-content\/uploads\/2018\/05\/faixaportalnoticias5.jpg 700w, http:\/\/www.portalmantena.com.br\/novo\/wp-content\/uploads\/2018\/05\/faixaportalnoticias5-300x17.jpg 300w, http:\/\/www.portalmantena.com.br\/novo\/wp-content\/uploads\/2018\/05\/faixaportalnoticias5-696x40.jpg 696w\" sizes=\"(max-width: 700px) 100vw, 700px\" \/><\/a><\/p>\n<p><span style=\"font-size: 10pt;\">ESPA\u00c7O EMPRESARIAL<\/span><a href=\"https:\/\/www.facebook.com\/Mercado-Natural-MG-802896040099891\/\"><img src=\"http:\/\/www.portalmantena.com.br\/novo\/wp-content\/uploads\/2018\/09\/mercado1a.jpg\" \/><\/a><\/p>\n","protected":false},"excerpt":{"rendered":"<p>Um grande susto, foi assim um acidente de tr\u00e2nsito registrado na tarde desta segunda-feira dia 1\u00ba de Outubro em Mantena, que felizmente n\u00e3o teve v\u00edtimas. O fato aconteceu por volta das 15h10\u2019 quando um ve\u00edculo Mercedes Benz 608 D, de cor vermelha, desdeu de r\u00e9 uma ladeira na rua P do bairro Nicolini. O motorista [&hellip;]<\/p>\n","protected":false},"author":1,"featured_media":38064,"comment_status":"open","ping_status":"open","sticky":false,"template":"","format":"standard","meta":[],"categories":[36,11],"tags":[],"_links":{"self":[{"href":"http:\/\/www.portalmantena.com.br\/novo\/index.php?rest_route=\/wp\/v2\/posts\/38061"}],"collection":[{"href":"http:\/\/www.portalmantena.com.br\/novo\/index.php?rest_route=\/wp\/v2\/posts"}],"about":[{"href":"http:\/\/www.portalmantena.com.br\/novo\/index.php?rest_route=\/wp\/v2\/types\/post"}],"author":[{"embeddable":true,"href":"http:\/\/www.portalmantena.com.br\/novo\/index.php?rest_route=\/wp\/v2\/users\/1"}],"replies":[{"embeddable":true,"href":"http:\/\/www.portalmantena.com.br\/novo\/index.php?rest_route=%2Fwp%2Fv2%2Fcomments&post=38061"}],"version-history":[{"count":1,"href":"http:\/\/www.portalmantena.com.br\/novo\/index.php?rest_route=\/wp\/v2\/posts\/38061\/revisions"}],"predecessor-version":[{"id":38065,"href":"http:\/\/www.portalmantena.com.br\/novo\/index.php?rest_route=\/wp\/v2\/posts\/38061\/revisions\/38065"}],"wp:featuredmedia":[{"embeddable":true,"href":"http:\/\/www.portalmantena.com.br\/novo\/index.php?rest_route=\/wp\/v2\/media\/38064"}],"wp:attachment":[{"href":"http:\/\/www.portalmantena.com.br\/novo\/index.php?rest_route=%2Fwp%2Fv2%2Fmedia&parent=38061"}],"wp:term":[{"taxonomy":"category","embeddable":true,"href":"http:\/\/www.portalmantena.com.br\/novo\/index.php?rest_route=%2Fwp%2Fv2%2Fcategories&post=38061"},{"taxonomy":"post_tag","embeddable":true,"href":"http:\/\/www.portalmantena.com.br\/novo\/index.php?rest_route=%2Fwp%2Fv2%2Ftags&post=38061"}],"curies":[{"name":"wp","href":"https:\/\/api.w.org\/{rel}","templated":true}]}}