{"id":38007,"date":"2018-10-01T10:06:06","date_gmt":"2018-10-01T13:06:06","guid":{"rendered":"http:\/\/www.portalmantena.com.br\/novo\/?p=38007"},"modified":"2018-10-01T10:06:06","modified_gmt":"2018-10-01T13:06:06","slug":"cartorio-eleitoral-em-mantena-informa-aos-eleitores","status":"publish","type":"post","link":"http:\/\/www.portalmantena.com.br\/novo\/?p=38007","title":{"rendered":"Cart\u00f3rio Eleitoral em Mantena informa aos Eleitores"},"content":{"rendered":"<p><a href=\"http:\/\/www.portalmantena.com.br\/novo\/wp-content\/uploads\/2018\/10\/no011018eleicao.jpg\"><img loading=\"lazy\" class=\"alignnone size-full wp-image-38008\" src=\"http:\/\/www.portalmantena.com.br\/novo\/wp-content\/uploads\/2018\/10\/no011018eleicao.jpg\" alt=\"\" width=\"700\" height=\"450\" srcset=\"http:\/\/www.portalmantena.com.br\/novo\/wp-content\/uploads\/2018\/10\/no011018eleicao.jpg 700w, http:\/\/www.portalmantena.com.br\/novo\/wp-content\/uploads\/2018\/10\/no011018eleicao-300x193.jpg 300w, http:\/\/www.portalmantena.com.br\/novo\/wp-content\/uploads\/2018\/10\/no011018eleicao-696x447.jpg 696w, http:\/\/www.portalmantena.com.br\/novo\/wp-content\/uploads\/2018\/10\/no011018eleicao-653x420.jpg 653w\" sizes=\"(max-width: 700px) 100vw, 700px\" \/><\/a><\/p>\n<p><span style=\"font-size: 14pt;\">Uma informa\u00e7\u00e3o importante est\u00e1 sendo vinculada em Mantena e regi\u00e3o, pelo Cart\u00f3rio Eleitoral de Mantena.\u00a0 A mensagem diz:<\/span><\/p>\n<p><span style=\"font-size: 14pt;\"><strong>\u201cATEN\u00c7\u00c3O : A justi\u00e7a Eleitoral de Mantena, informa aos eleitores que ainda n\u00e3o fizeram o RECADRASTAMENTO BIOM\u00c9TRICO, nos munic\u00edpios que comp\u00f5e a 169\u00aa Zona Eleitoral, que PODER\u00c3O VOTAR NORMAMENTE nas Elei\u00e7\u00f5es 2018\u201d.<\/strong><\/span><\/p>\n<p><a href=\"http:\/\/www.portalmantena.com.br\/novo\/\"><img loading=\"lazy\" class=\"alignnone size-full wp-image-37331\" src=\"http:\/\/www.portalmantena.com.br\/novo\/wp-content\/uploads\/2018\/05\/faixaportalnoticias5.jpg\" alt=\"\" width=\"700\" height=\"40\" srcset=\"http:\/\/www.portalmantena.com.br\/novo\/wp-content\/uploads\/2018\/05\/faixaportalnoticias5.jpg 700w, http:\/\/www.portalmantena.com.br\/novo\/wp-content\/uploads\/2018\/05\/faixaportalnoticias5-300x17.jpg 300w, http:\/\/www.portalmantena.com.br\/novo\/wp-content\/uploads\/2018\/05\/faixaportalnoticias5-696x40.jpg 696w\" sizes=\"(max-width: 700px) 100vw, 700px\" \/><\/a><\/p>\n<p><span style=\"font-size: 10pt;\">ESPA\u00c7O EMPRESARIAL<\/span><a href=\"http:\/\/www.portalmantena.com.br\/novo\/wp-content\/uploads\/2018\/05\/postoterraboa.jpg\"><img loading=\"lazy\" class=\"alignnone size-full wp-image-29172\" src=\"http:\/\/www.portalmantena.com.br\/novo\/wp-content\/uploads\/2018\/05\/postoterraboa.jpg\" alt=\"\" width=\"700\" height=\"150\" srcset=\"http:\/\/www.portalmantena.com.br\/novo\/wp-content\/uploads\/2018\/05\/postoterraboa.jpg 700w, http:\/\/www.portalmantena.com.br\/novo\/wp-content\/uploads\/2018\/05\/postoterraboa-300x64.jpg 300w, http:\/\/www.portalmantena.com.br\/novo\/wp-content\/uploads\/2018\/05\/postoterraboa-696x150.jpg 696w\" sizes=\"(max-width: 700px) 100vw, 700px\" \/><\/a><\/p>\n","protected":false},"excerpt":{"rendered":"<p>Uma informa\u00e7\u00e3o importante est\u00e1 sendo vinculada em Mantena e regi\u00e3o, pelo Cart\u00f3rio Eleitoral de Mantena.\u00a0 A mensagem diz: \u201cATEN\u00c7\u00c3O : A justi\u00e7a Eleitoral de Mantena, informa aos eleitores que ainda n\u00e3o fizeram o RECADRASTAMENTO BIOM\u00c9TRICO, nos munic\u00edpios que comp\u00f5e a 169\u00aa Zona Eleitoral, que PODER\u00c3O VOTAR NORMAMENTE nas Elei\u00e7\u00f5es 2018\u201d. ESPA\u00c7O EMPRESARIAL<\/p>\n","protected":false},"author":1,"featured_media":38008,"comment_status":"open","ping_status":"open","sticky":false,"template":"","format":"standard","meta":[],"categories":[36,11],"tags":[],"_links":{"self":[{"href":"http:\/\/www.portalmantena.com.br\/novo\/index.php?rest_route=\/wp\/v2\/posts\/38007"}],"collection":[{"href":"http:\/\/www.portalmantena.com.br\/novo\/index.php?rest_route=\/wp\/v2\/posts"}],"about":[{"href":"http:\/\/www.portalmantena.com.br\/novo\/index.php?rest_route=\/wp\/v2\/types\/post"}],"author":[{"embeddable":true,"href":"http:\/\/www.portalmantena.com.br\/novo\/index.php?rest_route=\/wp\/v2\/users\/1"}],"replies":[{"embeddable":true,"href":"http:\/\/www.portalmantena.com.br\/novo\/index.php?rest_route=%2Fwp%2Fv2%2Fcomments&post=38007"}],"version-history":[{"count":1,"href":"http:\/\/www.portalmantena.com.br\/novo\/index.php?rest_route=\/wp\/v2\/posts\/38007\/revisions"}],"predecessor-version":[{"id":38009,"href":"http:\/\/www.portalmantena.com.br\/novo\/index.php?rest_route=\/wp\/v2\/posts\/38007\/revisions\/38009"}],"wp:featuredmedia":[{"embeddable":true,"href":"http:\/\/www.portalmantena.com.br\/novo\/index.php?rest_route=\/wp\/v2\/media\/38008"}],"wp:attachment":[{"href":"http:\/\/www.portalmantena.com.br\/novo\/index.php?rest_route=%2Fwp%2Fv2%2Fmedia&parent=38007"}],"wp:term":[{"taxonomy":"category","embeddable":true,"href":"http:\/\/www.portalmantena.com.br\/novo\/index.php?rest_route=%2Fwp%2Fv2%2Fcategories&post=38007"},{"taxonomy":"post_tag","embeddable":true,"href":"http:\/\/www.portalmantena.com.br\/novo\/index.php?rest_route=%2Fwp%2Fv2%2Ftags&post=38007"}],"curies":[{"name":"wp","href":"https:\/\/api.w.org\/{rel}","templated":true}]}}