{"id":38002,"date":"2018-10-01T23:49:06","date_gmt":"2018-10-02T02:49:06","guid":{"rendered":"http:\/\/www.portalmantena.com.br\/novo\/?p=38002"},"modified":"2018-10-01T09:51:28","modified_gmt":"2018-10-01T12:51:28","slug":"quatro-prisoes-armas-e-municoes-apreendidas","status":"publish","type":"post","link":"http:\/\/www.portalmantena.com.br\/novo\/?p=38002","title":{"rendered":"Quatro pris\u00f5es, armas e muni\u00e7\u00f5es apreendidas"},"content":{"rendered":"<p><a href=\"http:\/\/www.portalmantena.com.br\/novo\/wp-content\/uploads\/2018\/10\/no011018armas4.jpg\"><img loading=\"lazy\" class=\"alignnone size-full wp-image-38003\" src=\"http:\/\/www.portalmantena.com.br\/novo\/wp-content\/uploads\/2018\/10\/no011018armas4.jpg\" alt=\"\" width=\"700\" height=\"450\" srcset=\"http:\/\/www.portalmantena.com.br\/novo\/wp-content\/uploads\/2018\/10\/no011018armas4.jpg 700w, http:\/\/www.portalmantena.com.br\/novo\/wp-content\/uploads\/2018\/10\/no011018armas4-300x193.jpg 300w, http:\/\/www.portalmantena.com.br\/novo\/wp-content\/uploads\/2018\/10\/no011018armas4-696x447.jpg 696w, http:\/\/www.portalmantena.com.br\/novo\/wp-content\/uploads\/2018\/10\/no011018armas4-653x420.jpg 653w\" sizes=\"(max-width: 700px) 100vw, 700px\" \/><\/a><\/p>\n<p><span style=\"font-size: 14pt;\">Nesta \u00faltima ter\u00e7a-feira (25), policiais militares do 13\u00ba Batalh\u00e3o detiveram quatro pessoas pelo envolvimento em crimes praticados em S\u00e3o Mateus. Como resultado foram apreendidas duas armas de fogo, uma r\u00e9plica de arma, muni\u00e7\u00f5es e entorpecentes. <\/span><\/p>\n<p><span style=\"font-size: 14pt;\">Durante a tarde no centro da cidade de S\u00e3o Mateus, militares do Servi\u00e7o de Intelig\u00eancia e da R\u00e1dio Patrulha detiveram duas pessoas envolvidas em assaltos no munic\u00edpio. A.L.S., de 25 anos, e um menor de 15 anos foram detidos em uma resid\u00eancia. <\/span><\/p>\n<p><span style=\"font-size: 14pt;\">No local foi apreendido um rev\u00f3lver calibre 32 carregado com seis muni\u00e7\u00f5es, outras nove muni\u00e7\u00f5es do mesmo calibre, tr\u00eas buchas de maconha, uma pedra de crack e R$45,00. Com o menor foi recolhido um rev\u00f3lver calibre 38 com seis muni\u00e7\u00f5es. <\/span><\/p>\n<p><span style=\"font-size: 14pt;\">J\u00e1 \u00e0 noite, outras duas pessoas foram detidas com uma r\u00e9plica de arma de fogo no bairro Boa Vista. Os detidos, L.C.L.V., de 19 anos, e J.C.S, de 20 anos, estavam em uma motocicleta preta e foram surpreendidos pelos militares. <\/span><\/p>\n<p><span style=\"font-size: 14pt;\">O simulacro apreendido foi encontrado na cintura de um dos rapazes ap\u00f3s a revista pessoal. Todos os detidos nas ocorr\u00eancias e os materiais apreendidos foram encaminhados ao departamento policial de S\u00e3o Mateus para registro dos fatos.(fonte\/foto:PM).<\/span><\/p>\n<p><a href=\"http:\/\/www.portalmantena.com.br\/novo\/\"><img loading=\"lazy\" class=\"alignnone size-full wp-image-37331\" src=\"http:\/\/www.portalmantena.com.br\/novo\/wp-content\/uploads\/2018\/05\/faixaportalnoticias5.jpg\" alt=\"\" width=\"700\" height=\"40\" srcset=\"http:\/\/www.portalmantena.com.br\/novo\/wp-content\/uploads\/2018\/05\/faixaportalnoticias5.jpg 700w, http:\/\/www.portalmantena.com.br\/novo\/wp-content\/uploads\/2018\/05\/faixaportalnoticias5-300x17.jpg 300w, http:\/\/www.portalmantena.com.br\/novo\/wp-content\/uploads\/2018\/05\/faixaportalnoticias5-696x40.jpg 696w\" sizes=\"(max-width: 700px) 100vw, 700px\" \/><\/a><\/p>\n<p><span style=\"font-size: 10pt;\">ESPA\u00c7O EMPRESARIAL<\/span><a href=\"https:\/\/www.facebook.com\/lojaeletrocellcelulares\/\"><img loading=\"lazy\" class=\"alignnone size-full wp-image-37660\" src=\"http:\/\/www.portalmantena.com.br\/novo\/wp-content\/uploads\/2018\/05\/eletrocel1.jpg\" alt=\"\" width=\"700\" height=\"150\" srcset=\"http:\/\/www.portalmantena.com.br\/novo\/wp-content\/uploads\/2018\/05\/eletrocel1.jpg 700w, http:\/\/www.portalmantena.com.br\/novo\/wp-content\/uploads\/2018\/05\/eletrocel1-300x64.jpg 300w, http:\/\/www.portalmantena.com.br\/novo\/wp-content\/uploads\/2018\/05\/eletrocel1-696x150.jpg 696w\" sizes=\"(max-width: 700px) 100vw, 700px\" \/><\/a><\/p>\n","protected":false},"excerpt":{"rendered":"<p>Nesta \u00faltima ter\u00e7a-feira (25), policiais militares do 13\u00ba Batalh\u00e3o detiveram quatro pessoas pelo envolvimento em crimes praticados em S\u00e3o Mateus. Como resultado foram apreendidas duas armas de fogo, uma r\u00e9plica de arma, muni\u00e7\u00f5es e entorpecentes. Durante a tarde no centro da cidade de S\u00e3o Mateus, militares do Servi\u00e7o de Intelig\u00eancia e da R\u00e1dio Patrulha detiveram [&hellip;]<\/p>\n","protected":false},"author":1,"featured_media":38003,"comment_status":"open","ping_status":"open","sticky":false,"template":"","format":"standard","meta":[],"categories":[11,34],"tags":[],"_links":{"self":[{"href":"http:\/\/www.portalmantena.com.br\/novo\/index.php?rest_route=\/wp\/v2\/posts\/38002"}],"collection":[{"href":"http:\/\/www.portalmantena.com.br\/novo\/index.php?rest_route=\/wp\/v2\/posts"}],"about":[{"href":"http:\/\/www.portalmantena.com.br\/novo\/index.php?rest_route=\/wp\/v2\/types\/post"}],"author":[{"embeddable":true,"href":"http:\/\/www.portalmantena.com.br\/novo\/index.php?rest_route=\/wp\/v2\/users\/1"}],"replies":[{"embeddable":true,"href":"http:\/\/www.portalmantena.com.br\/novo\/index.php?rest_route=%2Fwp%2Fv2%2Fcomments&post=38002"}],"version-history":[{"count":1,"href":"http:\/\/www.portalmantena.com.br\/novo\/index.php?rest_route=\/wp\/v2\/posts\/38002\/revisions"}],"predecessor-version":[{"id":38004,"href":"http:\/\/www.portalmantena.com.br\/novo\/index.php?rest_route=\/wp\/v2\/posts\/38002\/revisions\/38004"}],"wp:featuredmedia":[{"embeddable":true,"href":"http:\/\/www.portalmantena.com.br\/novo\/index.php?rest_route=\/wp\/v2\/media\/38003"}],"wp:attachment":[{"href":"http:\/\/www.portalmantena.com.br\/novo\/index.php?rest_route=%2Fwp%2Fv2%2Fmedia&parent=38002"}],"wp:term":[{"taxonomy":"category","embeddable":true,"href":"http:\/\/www.portalmantena.com.br\/novo\/index.php?rest_route=%2Fwp%2Fv2%2Fcategories&post=38002"},{"taxonomy":"post_tag","embeddable":true,"href":"http:\/\/www.portalmantena.com.br\/novo\/index.php?rest_route=%2Fwp%2Fv2%2Ftags&post=38002"}],"curies":[{"name":"wp","href":"https:\/\/api.w.org\/{rel}","templated":true}]}}