{"id":37997,"date":"2018-10-01T20:36:08","date_gmt":"2018-10-01T23:36:08","guid":{"rendered":"http:\/\/www.portalmantena.com.br\/novo\/?p=37997"},"modified":"2018-10-01T09:37:54","modified_gmt":"2018-10-01T12:37:54","slug":"disparo-de-arma-de-fogo-faz-pm-apreender-arma-e-drogas","status":"publish","type":"post","link":"http:\/\/www.portalmantena.com.br\/novo\/?p=37997","title":{"rendered":"Disparo de arma de fogo faz PM apreender arma e drogas"},"content":{"rendered":"<p><a href=\"http:\/\/www.portalmantena.com.br\/novo\/wp-content\/uploads\/2018\/10\/no011018armas3.jpg\"><img loading=\"lazy\" class=\"alignnone size-full wp-image-37998\" src=\"http:\/\/www.portalmantena.com.br\/novo\/wp-content\/uploads\/2018\/10\/no011018armas3.jpg\" alt=\"\" width=\"700\" height=\"450\" srcset=\"http:\/\/www.portalmantena.com.br\/novo\/wp-content\/uploads\/2018\/10\/no011018armas3.jpg 700w, http:\/\/www.portalmantena.com.br\/novo\/wp-content\/uploads\/2018\/10\/no011018armas3-300x193.jpg 300w, http:\/\/www.portalmantena.com.br\/novo\/wp-content\/uploads\/2018\/10\/no011018armas3-696x447.jpg 696w, http:\/\/www.portalmantena.com.br\/novo\/wp-content\/uploads\/2018\/10\/no011018armas3-653x420.jpg 653w\" sizes=\"(max-width: 700px) 100vw, 700px\" \/><\/a><\/p>\n<p><span style=\"font-size: 14pt;\">Policiais militares e civis apreenderam, na manh\u00e3 da \u00faltima quarta-feira (26), na cidade capixaba de Montanha, um rev\u00f3lver calibre 32 e 15 pedras de crack. Um menor de 17 anos foi apreendido e encaminhado ao plant\u00e3o policial do munic\u00edpio. <\/span><\/p>\n<p><span style=\"font-size: 14pt;\">A opera\u00e7\u00e3o foi deflagrada pelos policiais no bairro Amazonas, ap\u00f3s den\u00fancias relatando que em uma resid\u00eancia localizada na Rua Gameleira havia um casal envolvido com o tr\u00e1fico de drogas. A den\u00fancia apontava tamb\u00e9m disparos de arma de fogo no local. <\/span><\/p>\n<p><span style=\"font-size: 14pt;\">De posse das informa\u00e7\u00f5es, os policiais militares e civis deslocaram ao local indicado e ap\u00f3s buscas na resid\u00eancia localizaram o rev\u00f3lver e as pedras de crack. <\/span><\/p>\n<p><span style=\"font-size: 14pt;\">O menor de 17 anos confessou que a arma era de sua propriedade, j\u00e1 as pedras de crack, pertencia ao seu padrasto de 31 anos, que n\u00e3o se encontrava no local. (fonte\/foto:PM).<\/span><a href=\"http:\/\/www.portalmantena.com.br\/novo\/\"><img loading=\"lazy\" class=\"alignnone size-full wp-image-37331\" src=\"http:\/\/www.portalmantena.com.br\/novo\/wp-content\/uploads\/2018\/05\/faixaportalnoticias5.jpg\" alt=\"\" width=\"700\" height=\"40\" srcset=\"http:\/\/www.portalmantena.com.br\/novo\/wp-content\/uploads\/2018\/05\/faixaportalnoticias5.jpg 700w, http:\/\/www.portalmantena.com.br\/novo\/wp-content\/uploads\/2018\/05\/faixaportalnoticias5-300x17.jpg 300w, http:\/\/www.portalmantena.com.br\/novo\/wp-content\/uploads\/2018\/05\/faixaportalnoticias5-696x40.jpg 696w\" sizes=\"(max-width: 700px) 100vw, 700px\" \/><\/a><\/p>\n<p><span style=\"font-size: 10pt;\">ESPA\u00c7O EMPRESARIAL<\/span><a href=\"http:\/\/www.portalmantena.com.br\/novo\/?p=16284\"><img loading=\"lazy\" class=\"alignnone size-full wp-image-29167\" src=\"http:\/\/www.portalmantena.com.br\/novo\/wp-content\/uploads\/2018\/05\/honcafaixa.jpg\" alt=\"\" width=\"700\" height=\"150\" srcset=\"http:\/\/www.portalmantena.com.br\/novo\/wp-content\/uploads\/2018\/05\/honcafaixa.jpg 700w, http:\/\/www.portalmantena.com.br\/novo\/wp-content\/uploads\/2018\/05\/honcafaixa-300x64.jpg 300w, http:\/\/www.portalmantena.com.br\/novo\/wp-content\/uploads\/2018\/05\/honcafaixa-696x150.jpg 696w\" sizes=\"(max-width: 700px) 100vw, 700px\" \/><\/a><\/p>\n<p>&nbsp;<\/p>\n","protected":false},"excerpt":{"rendered":"<p>Policiais militares e civis apreenderam, na manh\u00e3 da \u00faltima quarta-feira (26), na cidade capixaba de Montanha, um rev\u00f3lver calibre 32 e 15 pedras de crack. Um menor de 17 anos foi apreendido e encaminhado ao plant\u00e3o policial do munic\u00edpio. A opera\u00e7\u00e3o foi deflagrada pelos policiais no bairro Amazonas, ap\u00f3s den\u00fancias relatando que em uma resid\u00eancia [&hellip;]<\/p>\n","protected":false},"author":1,"featured_media":37998,"comment_status":"open","ping_status":"open","sticky":false,"template":"","format":"standard","meta":[],"categories":[11,34],"tags":[],"_links":{"self":[{"href":"http:\/\/www.portalmantena.com.br\/novo\/index.php?rest_route=\/wp\/v2\/posts\/37997"}],"collection":[{"href":"http:\/\/www.portalmantena.com.br\/novo\/index.php?rest_route=\/wp\/v2\/posts"}],"about":[{"href":"http:\/\/www.portalmantena.com.br\/novo\/index.php?rest_route=\/wp\/v2\/types\/post"}],"author":[{"embeddable":true,"href":"http:\/\/www.portalmantena.com.br\/novo\/index.php?rest_route=\/wp\/v2\/users\/1"}],"replies":[{"embeddable":true,"href":"http:\/\/www.portalmantena.com.br\/novo\/index.php?rest_route=%2Fwp%2Fv2%2Fcomments&post=37997"}],"version-history":[{"count":1,"href":"http:\/\/www.portalmantena.com.br\/novo\/index.php?rest_route=\/wp\/v2\/posts\/37997\/revisions"}],"predecessor-version":[{"id":37999,"href":"http:\/\/www.portalmantena.com.br\/novo\/index.php?rest_route=\/wp\/v2\/posts\/37997\/revisions\/37999"}],"wp:featuredmedia":[{"embeddable":true,"href":"http:\/\/www.portalmantena.com.br\/novo\/index.php?rest_route=\/wp\/v2\/media\/37998"}],"wp:attachment":[{"href":"http:\/\/www.portalmantena.com.br\/novo\/index.php?rest_route=%2Fwp%2Fv2%2Fmedia&parent=37997"}],"wp:term":[{"taxonomy":"category","embeddable":true,"href":"http:\/\/www.portalmantena.com.br\/novo\/index.php?rest_route=%2Fwp%2Fv2%2Fcategories&post=37997"},{"taxonomy":"post_tag","embeddable":true,"href":"http:\/\/www.portalmantena.com.br\/novo\/index.php?rest_route=%2Fwp%2Fv2%2Ftags&post=37997"}],"curies":[{"name":"wp","href":"https:\/\/api.w.org\/{rel}","templated":true}]}}