{"id":37979,"date":"2018-10-01T08:05:11","date_gmt":"2018-10-01T11:05:11","guid":{"rendered":"http:\/\/www.portalmantena.com.br\/novo\/?p=37979"},"modified":"2018-10-01T08:08:58","modified_gmt":"2018-10-01T11:08:58","slug":"taxista-de-mantena-faz-corrida-ate-bsf-e-tem-veiculo-roubado","status":"publish","type":"post","link":"http:\/\/www.portalmantena.com.br\/novo\/?p=37979","title":{"rendered":"Taxista de Mantena faz corrida at\u00e9 BSF e tem ve\u00edculo roubado"},"content":{"rendered":"<p><a href=\"http:\/\/www.portalmantena.com.br\/novo\/wp-content\/uploads\/2018\/10\/pm1.jpg\"><img loading=\"lazy\" class=\"alignnone size-full wp-image-37980\" src=\"http:\/\/www.portalmantena.com.br\/novo\/wp-content\/uploads\/2018\/10\/pm1.jpg\" alt=\"\" width=\"700\" height=\"450\" srcset=\"http:\/\/www.portalmantena.com.br\/novo\/wp-content\/uploads\/2018\/10\/pm1.jpg 700w, http:\/\/www.portalmantena.com.br\/novo\/wp-content\/uploads\/2018\/10\/pm1-300x193.jpg 300w, http:\/\/www.portalmantena.com.br\/novo\/wp-content\/uploads\/2018\/10\/pm1-696x447.jpg 696w, http:\/\/www.portalmantena.com.br\/novo\/wp-content\/uploads\/2018\/10\/pm1-653x420.jpg 653w\" sizes=\"(max-width: 700px) 100vw, 700px\" \/><\/a><\/p>\n<p><span style=\"font-size: 14pt;\">Neste domingo dia 30 de Setembro, por volta de 12h40\u2019, dois indiv\u00edduos pegaram um t\u00e1xi na rodovi\u00e1ria de Mantena, com destino \u00e0 cidade de Barra de S\u00e3o Francisco\/ES. <\/span><\/p>\n<p><span style=\"font-size: 14pt;\">Chegando no local, apontaram uma arma de fogo para a v\u00edtima e anunciaram o roubo, subtraindo o ve\u00edculo, levando cart\u00f5es, documentos pessoais e do autom\u00f3vel. <\/span><\/p>\n<p><span style=\"font-size: 14pt;\">Segundo a v\u00edtima, os autores chegaram at\u00e9 Mantena em um carro preto, aparentemente um Voyage, de placas vermelhas, e alegaram que estavam vindo de Manten\u00f3polis. <\/span><\/p>\n<p><span style=\"font-size: 14pt;\">O ve\u00edculo roubado \u00e9 um Fiat P\u00e1lio de cor branca, T\u00e1xi, placas PWH 9084 de Mantena, 4 portas, Adesivos \u201cJesus te Ama\u201d e \u201cVolunt\u00e1rios de Deus\u201d, sob a placa traseira. <\/span><\/p>\n<p><span style=\"font-size: 14pt;\">Segundo informa\u00e7\u00f5es, um dos autores \u00e9 moreno, com v\u00e1rias tatuagens nos bra\u00e7os e pesco\u00e7o, e o segundo, \u00e9 branco de cabelo amarelo.(fonte\/foto:PM).<\/span><a href=\"http:\/\/www.portalmantena.com.br\/novo\/\"><img loading=\"lazy\" class=\"alignnone size-full wp-image-37331\" src=\"http:\/\/www.portalmantena.com.br\/novo\/wp-content\/uploads\/2018\/05\/faixaportalnoticias5.jpg\" alt=\"\" width=\"700\" height=\"40\" srcset=\"http:\/\/www.portalmantena.com.br\/novo\/wp-content\/uploads\/2018\/05\/faixaportalnoticias5.jpg 700w, http:\/\/www.portalmantena.com.br\/novo\/wp-content\/uploads\/2018\/05\/faixaportalnoticias5-300x17.jpg 300w, http:\/\/www.portalmantena.com.br\/novo\/wp-content\/uploads\/2018\/05\/faixaportalnoticias5-696x40.jpg 696w\" sizes=\"(max-width: 700px) 100vw, 700px\" \/><\/a><\/p>\n<p><span style=\"font-size: 10pt;\">ESPA\u00c7O EMPRESARIAL<\/span><a href=\"https:\/\/www.facebook.com\/redevalente\/\"><img loading=\"lazy\" class=\"alignnone size-full wp-image-29188\" src=\"http:\/\/www.portalmantena.com.br\/novo\/wp-content\/uploads\/2018\/05\/valentefaixa.jpg\" alt=\"\" width=\"700\" height=\"150\" srcset=\"http:\/\/www.portalmantena.com.br\/novo\/wp-content\/uploads\/2018\/05\/valentefaixa.jpg 700w, http:\/\/www.portalmantena.com.br\/novo\/wp-content\/uploads\/2018\/05\/valentefaixa-300x64.jpg 300w, http:\/\/www.portalmantena.com.br\/novo\/wp-content\/uploads\/2018\/05\/valentefaixa-696x150.jpg 696w\" sizes=\"(max-width: 700px) 100vw, 700px\" \/><\/a><\/p>\n","protected":false},"excerpt":{"rendered":"<p>Neste domingo dia 30 de Setembro, por volta de 12h40\u2019, dois indiv\u00edduos pegaram um t\u00e1xi na rodovi\u00e1ria de Mantena, com destino \u00e0 cidade de Barra de S\u00e3o Francisco\/ES. Chegando no local, apontaram uma arma de fogo para a v\u00edtima e anunciaram o roubo, subtraindo o ve\u00edculo, levando cart\u00f5es, documentos pessoais e do autom\u00f3vel. Segundo a [&hellip;]<\/p>\n","protected":false},"author":1,"featured_media":37980,"comment_status":"open","ping_status":"open","sticky":false,"template":"","format":"standard","meta":[],"categories":[12,34],"tags":[],"_links":{"self":[{"href":"http:\/\/www.portalmantena.com.br\/novo\/index.php?rest_route=\/wp\/v2\/posts\/37979"}],"collection":[{"href":"http:\/\/www.portalmantena.com.br\/novo\/index.php?rest_route=\/wp\/v2\/posts"}],"about":[{"href":"http:\/\/www.portalmantena.com.br\/novo\/index.php?rest_route=\/wp\/v2\/types\/post"}],"author":[{"embeddable":true,"href":"http:\/\/www.portalmantena.com.br\/novo\/index.php?rest_route=\/wp\/v2\/users\/1"}],"replies":[{"embeddable":true,"href":"http:\/\/www.portalmantena.com.br\/novo\/index.php?rest_route=%2Fwp%2Fv2%2Fcomments&post=37979"}],"version-history":[{"count":2,"href":"http:\/\/www.portalmantena.com.br\/novo\/index.php?rest_route=\/wp\/v2\/posts\/37979\/revisions"}],"predecessor-version":[{"id":37982,"href":"http:\/\/www.portalmantena.com.br\/novo\/index.php?rest_route=\/wp\/v2\/posts\/37979\/revisions\/37982"}],"wp:featuredmedia":[{"embeddable":true,"href":"http:\/\/www.portalmantena.com.br\/novo\/index.php?rest_route=\/wp\/v2\/media\/37980"}],"wp:attachment":[{"href":"http:\/\/www.portalmantena.com.br\/novo\/index.php?rest_route=%2Fwp%2Fv2%2Fmedia&parent=37979"}],"wp:term":[{"taxonomy":"category","embeddable":true,"href":"http:\/\/www.portalmantena.com.br\/novo\/index.php?rest_route=%2Fwp%2Fv2%2Fcategories&post=37979"},{"taxonomy":"post_tag","embeddable":true,"href":"http:\/\/www.portalmantena.com.br\/novo\/index.php?rest_route=%2Fwp%2Fv2%2Ftags&post=37979"}],"curies":[{"name":"wp","href":"https:\/\/api.w.org\/{rel}","templated":true}]}}