{"id":37971,"date":"2018-09-28T20:47:55","date_gmt":"2018-09-28T23:47:55","guid":{"rendered":"http:\/\/www.portalmantena.com.br\/novo\/?p=37971"},"modified":"2018-10-01T08:05:54","modified_gmt":"2018-10-01T11:05:54","slug":"pm-prende-4-homens-por-furto-e-receptacao-em-mantena","status":"publish","type":"post","link":"http:\/\/www.portalmantena.com.br\/novo\/?p=37971","title":{"rendered":"PM prende 4 homens por furto e recepta\u00e7\u00e3o em Mantena"},"content":{"rendered":"<p><a href=\"http:\/\/www.portalmantena.com.br\/novo\/wp-content\/uploads\/2018\/09\/no280918pm.jpg\"><img loading=\"lazy\" class=\"alignnone size-full wp-image-37972\" src=\"http:\/\/www.portalmantena.com.br\/novo\/wp-content\/uploads\/2018\/09\/no280918pm.jpg\" alt=\"\" width=\"700\" height=\"450\" srcset=\"http:\/\/www.portalmantena.com.br\/novo\/wp-content\/uploads\/2018\/09\/no280918pm.jpg 700w, http:\/\/www.portalmantena.com.br\/novo\/wp-content\/uploads\/2018\/09\/no280918pm-300x193.jpg 300w, http:\/\/www.portalmantena.com.br\/novo\/wp-content\/uploads\/2018\/09\/no280918pm-696x447.jpg 696w, http:\/\/www.portalmantena.com.br\/novo\/wp-content\/uploads\/2018\/09\/no280918pm-653x420.jpg 653w\" sizes=\"(max-width: 700px) 100vw, 700px\" \/><\/a><\/p>\n<p><span style=\"font-size: 14pt;\">Por volta de 04 horas da madrugada desta quarta-feira dia 26 de Setembro, aconteceu um furto a resid\u00eancia na Rua Jos\u00e9 Gualberto Gon\u00e7alves no bairro Vila Nova em Mantena.\u00a0 <\/span><\/p>\n<p><span style=\"font-size: 14pt;\">A PM foi ent\u00e3o acionada pela v\u00edtima que relatou que sua casa foi invadida por ladr\u00f5es, e v\u00e1rias pe\u00e7as de enxoval de sua filha e duas garrafas (para caf\u00e9) que estavam guardadas no c\u00f4modo externo (fundos da casa), haviam desaparecido. <\/span><\/p>\n<p><span style=\"font-size: 14pt;\">De imediato a Pol\u00edcia Militar iniciou levantamentos para localizar o autor do furto, quando obtiveram informa\u00e7\u00f5es de que no bairro Pires de Albuquerque, um indiv\u00edduo foi abordado e localizado com ele alguns dos materiais furtados, que foram reconhecidos pela v\u00edtima. <\/span><\/p>\n<p><span style=\"font-size: 14pt;\">Na resid\u00eancia do suspeito, foram encontrados mais objetos que haviam sido furtados, que tamb\u00e9m foram reconhecidos pela v\u00edtima. <\/span><\/p>\n<p><span style=\"font-size: 14pt;\">Continuando diligencias a Pol\u00edcia Militar obteve informa\u00e7\u00f5es de que um indiv\u00edduo teria por volta de 04 horas na mesma madrugada, pulado o muro de uma resid\u00eancia na Rua Par\u00e1, e ele carregava alguns objetos consigo. <\/span><\/p>\n<p><span style=\"font-size: 14pt;\">Quando em uma resid\u00eancia no bairro Pires de Albuquerque, (onde estavam os outros envolvidos reunidos), foram localizados os demais objetos furtados sendo: 02 hedredons, 01 Kit de colchas, 01 casaco de frio, 02 fronhas, 01 tapete, 04 capas de almofadas, 02 garrafas t\u00e9rmicas, entre outros. Todos os objetos recuperados e reconhecidos pela v\u00edtima, que foram sendo recolhidos. <\/span><\/p>\n<p><span style=\"font-size: 14pt;\">Os quatro envolvidos de 19, 18, 40 e 35 anos, tiveram seus direitos constitucionais garantidos, sendo presos e conduzidos \u00e0 presen\u00e7a da autoridade competente para demais provid\u00eancias. (fonte\/foto:PM).<\/span><\/p>\n<p><a href=\"http:\/\/www.portalmantena.com.br\/novo\/\"><img loading=\"lazy\" class=\"alignnone size-full wp-image-37331\" src=\"http:\/\/www.portalmantena.com.br\/novo\/wp-content\/uploads\/2018\/05\/faixaportalnoticias5.jpg\" alt=\"\" width=\"700\" height=\"40\" srcset=\"http:\/\/www.portalmantena.com.br\/novo\/wp-content\/uploads\/2018\/05\/faixaportalnoticias5.jpg 700w, http:\/\/www.portalmantena.com.br\/novo\/wp-content\/uploads\/2018\/05\/faixaportalnoticias5-300x17.jpg 300w, http:\/\/www.portalmantena.com.br\/novo\/wp-content\/uploads\/2018\/05\/faixaportalnoticias5-696x40.jpg 696w\" sizes=\"(max-width: 700px) 100vw, 700px\" \/><\/a><\/p>\n<p><span style=\"font-size: 10pt;\">ESPA\u00c7O EMPRESARIAL<\/span><a href=\"http:\/\/www.portalmantena.com.br\/novo\/wp-content\/uploads\/2018\/05\/postoterraboa.jpg\"><img loading=\"lazy\" class=\"alignnone size-full wp-image-29172\" src=\"http:\/\/www.portalmantena.com.br\/novo\/wp-content\/uploads\/2018\/05\/postoterraboa.jpg\" alt=\"\" width=\"700\" height=\"150\" srcset=\"http:\/\/www.portalmantena.com.br\/novo\/wp-content\/uploads\/2018\/05\/postoterraboa.jpg 700w, http:\/\/www.portalmantena.com.br\/novo\/wp-content\/uploads\/2018\/05\/postoterraboa-300x64.jpg 300w, http:\/\/www.portalmantena.com.br\/novo\/wp-content\/uploads\/2018\/05\/postoterraboa-696x150.jpg 696w\" sizes=\"(max-width: 700px) 100vw, 700px\" \/><\/a><\/p>\n","protected":false},"excerpt":{"rendered":"<p>Por volta de 04 horas da madrugada desta quarta-feira dia 26 de Setembro, aconteceu um furto a resid\u00eancia na Rua Jos\u00e9 Gualberto Gon\u00e7alves no bairro Vila Nova em Mantena.\u00a0 A PM foi ent\u00e3o acionada pela v\u00edtima que relatou que sua casa foi invadida por ladr\u00f5es, e v\u00e1rias pe\u00e7as de enxoval de sua filha e duas [&hellip;]<\/p>\n","protected":false},"author":1,"featured_media":37972,"comment_status":"open","ping_status":"open","sticky":false,"template":"","format":"standard","meta":[],"categories":[11,34],"tags":[],"_links":{"self":[{"href":"http:\/\/www.portalmantena.com.br\/novo\/index.php?rest_route=\/wp\/v2\/posts\/37971"}],"collection":[{"href":"http:\/\/www.portalmantena.com.br\/novo\/index.php?rest_route=\/wp\/v2\/posts"}],"about":[{"href":"http:\/\/www.portalmantena.com.br\/novo\/index.php?rest_route=\/wp\/v2\/types\/post"}],"author":[{"embeddable":true,"href":"http:\/\/www.portalmantena.com.br\/novo\/index.php?rest_route=\/wp\/v2\/users\/1"}],"replies":[{"embeddable":true,"href":"http:\/\/www.portalmantena.com.br\/novo\/index.php?rest_route=%2Fwp%2Fv2%2Fcomments&post=37971"}],"version-history":[{"count":1,"href":"http:\/\/www.portalmantena.com.br\/novo\/index.php?rest_route=\/wp\/v2\/posts\/37971\/revisions"}],"predecessor-version":[{"id":37973,"href":"http:\/\/www.portalmantena.com.br\/novo\/index.php?rest_route=\/wp\/v2\/posts\/37971\/revisions\/37973"}],"wp:featuredmedia":[{"embeddable":true,"href":"http:\/\/www.portalmantena.com.br\/novo\/index.php?rest_route=\/wp\/v2\/media\/37972"}],"wp:attachment":[{"href":"http:\/\/www.portalmantena.com.br\/novo\/index.php?rest_route=%2Fwp%2Fv2%2Fmedia&parent=37971"}],"wp:term":[{"taxonomy":"category","embeddable":true,"href":"http:\/\/www.portalmantena.com.br\/novo\/index.php?rest_route=%2Fwp%2Fv2%2Fcategories&post=37971"},{"taxonomy":"post_tag","embeddable":true,"href":"http:\/\/www.portalmantena.com.br\/novo\/index.php?rest_route=%2Fwp%2Fv2%2Ftags&post=37971"}],"curies":[{"name":"wp","href":"https:\/\/api.w.org\/{rel}","templated":true}]}}