{"id":36951,"date":"2018-09-13T10:47:44","date_gmt":"2018-09-13T13:47:44","guid":{"rendered":"http:\/\/www.portalmantena.com.br\/novo\/?p=36951"},"modified":"2018-09-13T10:47:44","modified_gmt":"2018-09-13T13:47:44","slug":"12set-instalacao-da-nova-calha-foi-sucesso-na-etasaae","status":"publish","type":"post","link":"http:\/\/www.portalmantena.com.br\/novo\/?p=36951","title":{"rendered":"12SET &#8211; Instala\u00e7\u00e3o da nova Calha foi sucesso na ETA\/SAAE"},"content":{"rendered":"<p><strong><a href=\"http:\/\/www.portalmantena.com.br\/novo\/wp-content\/uploads\/2017\/06\/diabaner-1.jpg\"><img loading=\"lazy\" class=\"alignnone size-full wp-image-8000\" src=\"http:\/\/www.portalmantena.com.br\/novo\/wp-content\/uploads\/2017\/06\/diabaner-1.jpg\" alt=\"\" width=\"650\" height=\"100\" srcset=\"http:\/\/www.portalmantena.com.br\/novo\/wp-content\/uploads\/2017\/06\/diabaner-1.jpg 650w, http:\/\/www.portalmantena.com.br\/novo\/wp-content\/uploads\/2017\/06\/diabaner-1-300x46.jpg 300w\" sizes=\"(max-width: 650px) 100vw, 650px\" \/><\/a><\/strong><a href=\"http:\/\/www.portalmantena.com.br\/novo\/wp-content\/uploads\/2018\/09\/dia130918a.jpg\"><img loading=\"lazy\" class=\"alignnone size-full wp-image-36952\" src=\"http:\/\/www.portalmantena.com.br\/novo\/wp-content\/uploads\/2018\/09\/dia130918a.jpg\" alt=\"\" width=\"700\" height=\"450\" srcset=\"http:\/\/www.portalmantena.com.br\/novo\/wp-content\/uploads\/2018\/09\/dia130918a.jpg 700w, http:\/\/www.portalmantena.com.br\/novo\/wp-content\/uploads\/2018\/09\/dia130918a-300x193.jpg 300w, http:\/\/www.portalmantena.com.br\/novo\/wp-content\/uploads\/2018\/09\/dia130918a-696x447.jpg 696w, http:\/\/www.portalmantena.com.br\/novo\/wp-content\/uploads\/2018\/09\/dia130918a-653x420.jpg 653w\" sizes=\"(max-width: 700px) 100vw, 700px\" \/><\/a><\/p>\n<p><strong>12 de Setembro<\/strong>\u00a0&#8211;\u00a0A\u00a0instala\u00e7\u00e3o da nova Calha que recebe \u00e1gua bruta para o tratamento em Mantena foi feita com sucesso.<\/p>\n<p>Uma equipe do SAAE realizou a tarefa nesta quarta-feira dia 12, concluindo com \u00eaxito uma tarefa delicada, mas que era necess\u00e1ria e que representa melhorias e amplia\u00e7\u00f5es no tratamento de \u00e1gua em Mantena.<\/p>\n<p><span style=\"font-size: 10pt;\">ESPA\u00c7O EMPRESARIAL<\/span><a href=\"http:\/\/www.portalmantena.com.br\/novo\/wp-content\/uploads\/2018\/05\/postoterraboa.jpg\"><img loading=\"lazy\" class=\"alignnone size-full wp-image-29172\" src=\"http:\/\/www.portalmantena.com.br\/novo\/wp-content\/uploads\/2018\/05\/postoterraboa.jpg\" alt=\"\" width=\"700\" height=\"150\" srcset=\"http:\/\/www.portalmantena.com.br\/novo\/wp-content\/uploads\/2018\/05\/postoterraboa.jpg 700w, http:\/\/www.portalmantena.com.br\/novo\/wp-content\/uploads\/2018\/05\/postoterraboa-300x64.jpg 300w, http:\/\/www.portalmantena.com.br\/novo\/wp-content\/uploads\/2018\/05\/postoterraboa-696x150.jpg 696w\" sizes=\"(max-width: 700px) 100vw, 700px\" \/><\/a><\/p>\n","protected":false},"excerpt":{"rendered":"<p>12 de Setembro\u00a0&#8211;\u00a0A\u00a0instala\u00e7\u00e3o da nova Calha que recebe \u00e1gua bruta para o tratamento em Mantena foi feita com sucesso. Uma equipe do SAAE realizou a tarefa nesta quarta-feira dia 12, concluindo com \u00eaxito uma tarefa delicada, mas que era necess\u00e1ria e que representa melhorias e amplia\u00e7\u00f5es no tratamento de \u00e1gua em Mantena. ESPA\u00c7O EMPRESARIAL<\/p>\n","protected":false},"author":1,"featured_media":36952,"comment_status":"open","ping_status":"open","sticky":false,"template":"","format":"standard","meta":[],"categories":[50],"tags":[],"_links":{"self":[{"href":"http:\/\/www.portalmantena.com.br\/novo\/index.php?rest_route=\/wp\/v2\/posts\/36951"}],"collection":[{"href":"http:\/\/www.portalmantena.com.br\/novo\/index.php?rest_route=\/wp\/v2\/posts"}],"about":[{"href":"http:\/\/www.portalmantena.com.br\/novo\/index.php?rest_route=\/wp\/v2\/types\/post"}],"author":[{"embeddable":true,"href":"http:\/\/www.portalmantena.com.br\/novo\/index.php?rest_route=\/wp\/v2\/users\/1"}],"replies":[{"embeddable":true,"href":"http:\/\/www.portalmantena.com.br\/novo\/index.php?rest_route=%2Fwp%2Fv2%2Fcomments&post=36951"}],"version-history":[{"count":1,"href":"http:\/\/www.portalmantena.com.br\/novo\/index.php?rest_route=\/wp\/v2\/posts\/36951\/revisions"}],"predecessor-version":[{"id":36953,"href":"http:\/\/www.portalmantena.com.br\/novo\/index.php?rest_route=\/wp\/v2\/posts\/36951\/revisions\/36953"}],"wp:featuredmedia":[{"embeddable":true,"href":"http:\/\/www.portalmantena.com.br\/novo\/index.php?rest_route=\/wp\/v2\/media\/36952"}],"wp:attachment":[{"href":"http:\/\/www.portalmantena.com.br\/novo\/index.php?rest_route=%2Fwp%2Fv2%2Fmedia&parent=36951"}],"wp:term":[{"taxonomy":"category","embeddable":true,"href":"http:\/\/www.portalmantena.com.br\/novo\/index.php?rest_route=%2Fwp%2Fv2%2Fcategories&post=36951"},{"taxonomy":"post_tag","embeddable":true,"href":"http:\/\/www.portalmantena.com.br\/novo\/index.php?rest_route=%2Fwp%2Fv2%2Ftags&post=36951"}],"curies":[{"name":"wp","href":"https:\/\/api.w.org\/{rel}","templated":true}]}}